{"id":67400,"date":"2026-05-30T16:50:39","date_gmt":"2026-05-30T19:50:39","guid":{"rendered":"https:\/\/guialimeira.com.br\/projeto-desenvolvido-no-hospital-das-clinicas-de-sp-utiliza-telemedicina-para-combater-mortalidade-materna\/"},"modified":"2026-05-30T16:50:39","modified_gmt":"2026-05-30T19:50:39","slug":"projeto-desenvolvido-no-hospital-das-clinicas-de-sp-utiliza-telemedicina-para-combater-mortalidade-materna","status":"publish","type":"post","link":"https:\/\/guialimeira.com.br\/news\/projeto-desenvolvido-no-hospital-das-clinicas-de-sp-utiliza-telemedicina-para-combater-mortalidade-materna\/","title":{"rendered":"Projeto desenvolvido no Hospital das Cl\u00ednicas de SP utiliza telemedicina para combater mortalidade materna"},"content":{"rendered":"<p> <br \/>\n<br \/><img data-recalc-dims=\"1\" decoding=\"async\" src=\"https:\/\/i0.wp.com\/www.agenciasp.sp.gov.br\/wp-content\/uploads\/2026\/05\/Captura-de-tela-2026-05-27-143637.png?w=696&#038;ssl=1\" \/><\/p>\n<div>\n<p class=\"wp-block-paragraph\">O Tele-UTI Obst\u00e9trica, desenvolvido pelo Hospital das Cl\u00ednicas da Faculdade de Medicina da <a href=\"https:\/\/www5.usp.br\/\" target=\"_blank\" rel=\"noopener\">USP<\/a> em parceria com o Minist\u00e9rio da Sa\u00fade, reduziu em cerca de 45% as mortes de gestantes e pu\u00e9rperas em hospitais participantes por meio da telemedicina, segundo estudo publicado pela revista <em>BMJ Global Health.\u00a0<\/em><\/p>\n<p class=\"wp-block-paragraph\">Carlos Roberto Carvalho, professor na Faculdade de Medicina, diretor da sa\u00fade digital do HC e primeiro autor do artigo, explica que, durante a pandemia da covid- 19, o Brasil registrou um aumento expressivo das mortes de gestantes internadas em UTIs. Com a circula\u00e7\u00e3o de variantes mais agressivas do coronav\u00edrus, muitas gr\u00e1vidas desenvolveram quadros graves de insufici\u00eancia respirat\u00f3ria, enquanto hospitais de diferentes regi\u00f5es n\u00e3o tinham condi\u00e7\u00f5es de oferecer atendimento especializado. <\/p>\n<p class=\"wp-block-paragraph\"><strong>LEIA TAMB\u00c9M: <\/strong><a href=\"https:\/\/www.agenciasp.sp.gov.br\/variacoes-hormonais-do-ciclo-menstrual\/\" rel=\"noopener\">Como lidar com as varia\u00e7\u00f5es hormonais do ciclo menstrual, segundo especialistas do Iamspe<\/a><\/p>\n<p class=\"wp-block-paragraph\">Diante desse cen\u00e1rio, o Hospital das Cl\u00ednicas da Faculdade de Medicina da USP passou a utilizar a telemedicina para conectar especialistas a equipes m\u00e9dicas de todo o Pa\u00eds, oferecendo suporte remoto no tratamento de casos complexos. Com o avan\u00e7o do projeto, o modelo deixou de atender apenas a pacientes com covid-19 e passou a auxiliar tamb\u00e9m no manejo de outras emerg\u00eancias obst\u00e9tricas, como hemorragias, hipertens\u00e3o e sepse.\u00a0<\/p>\n<blockquote class=\"wp-block-quote is-layout-flow wp-block-quote-is-layout-flow\">\n<p class=\"wp-block-paragraph\">\u201cEm 22, o governo federal pediu para que n\u00f3s desenvolv\u00eassemos um projeto em n\u00edvel nacional, unindo o nosso atendimento obst\u00e9trico com o nosso atendimento de Tele-UTI. Ent\u00e3o, duas equipes, a equipe da obstetr\u00edcia coordenada pela professora Rosana Francisco e a equipe da UTI, aqui da UTI respirat\u00f3ria, coordenada por mim, pelo Marcelo Amato, pelo Eduardo Leite, montamos um protocolo de atendimento nas duas \u00e1reas e passamos a fazer a capacita\u00e7\u00e3o de profissionais de sa\u00fade de diferentes \u00e1reas do Brasil, onde o Minist\u00e9rio da Sa\u00fade tinha detectado que a raz\u00e3o de morte materna, a mortalidade na UTI inicialmente por covid, estava muito aumentada\u201d , explica Carvalho.<\/p>\n<\/blockquote>\n<h3 class=\"wp-block-heading\"><strong>Resultados\u00a0<\/strong><\/h3>\n<p class=\"wp-block-paragraph\">A iniciativa foi implantada em 25 hospitais brasileiros e combinou capacita\u00e7\u00e3o de profissionais de sa\u00fade, teleconsultas e acompanhamento remoto de casos graves. Para medir os efeitos da iniciativa os pesquisadores compararam dados de 16 hospitais antes e depois da ado\u00e7\u00e3o da Tele-UTI Obst\u00e9trica. O estudo aponta que a iniciativa ajudou a evitar ao menos 21 mortes de gestantes e pu\u00e9rperas entre 2022 e 2024, resultado associado tamb\u00e9m \u00e0 capacita\u00e7\u00e3o das equipes e ao acompanhamento cont\u00ednuo de casos graves.<\/p>\n<p class=\"wp-block-paragraph\">A covid-19 deixou de ser a principal demanda no decorrer do tempo. \u201cN\u00f3s capacitamos esses hospitais para os problemas reais do dia a dia das gestantes, n\u00f3s conseguimos fazer a capacita\u00e7\u00e3o n\u00e3o s\u00f3 para cuidar da parte respirat\u00f3ria durante uma infec\u00e7\u00e3o viral ou uma pneumonia grave, como tivemos oportunidade de capacitar essas equipes nas coisas mais comuns do dia a dia da obstetr\u00edcia,\u00a0detalha o m\u00e9dico.<\/p>\n<p class=\"wp-block-paragraph\">Segundo os coordenadores do estudo, a experi\u00eancia demonstrou que solu\u00e7\u00f5es de baixo custo, aliadas \u00e0 capacita\u00e7\u00e3o profissional, podem gerar impacto direto na sa\u00fade p\u00fablica. Com a publica\u00e7\u00e3o internacional dos resultados, o modelo desenvolvido pelo Hospital das Cl\u00ednicas da Faculdade de Medicina da USP passa a ser visto tamb\u00e9m como refer\u00eancia para outros pa\u00edses que enfrentam desafios semelhantes na assist\u00eancia materna.\u00a0<\/p>\n<\/p><\/div>\n<p><br \/>\n<br \/><a href=\"https:\/\/www.agenciasp.sp.gov.br\/hc-telemedicina-mortalidade-materna\/\" rel=\"noopener\">Informa\u00e7\u00f5es GOV.SP<\/a><\/p>\n","protected":false},"excerpt":{"rendered":"<p>O Tele-UTI Obst\u00e9trica, desenvolvido pelo Hospital das Cl\u00ednicas da Faculdade de Medicina da USP em parceria com o Minist\u00e9rio da Sa\u00fade, reduziu em cerca de 45% as mortes de gestantes e pu\u00e9rperas em hospitais participantes por meio da telemedicina, segundo estudo publicado pela revista BMJ Global Health.\u00a0 Carlos Roberto Carvalho, professor na Faculdade de Medicina, [&hellip;]<\/p>\n","protected":false},"author":1,"featured_media":67401,"comment_status":"","ping_status":"open","sticky":false,"template":"","format":"standard","meta":{"_jetpack_newsletter_access":"","_jetpack_dont_email_post_to_subs":false,"_jetpack_newsletter_tier_id":0,"_jetpack_memberships_contains_paywalled_content":false,"_mbp_banners":[],"_jetpack_feature_clip_id":0,"_jetpack_memberships_contains_paid_content":false,"footnotes":"","jetpack_publicize_message":"","jetpack_publicize_feature_enabled":true,"jetpack_social_post_already_shared":true,"jetpack_social_options":{"image_generator_settings":{"template":"highway","default_image_id":0,"font":"","enabled":false},"version":2},"jetpack_post_was_ever_published":false},"categories":[21],"tags":[],"class_list":["post-67400","post","type-post","status-publish","format-standard","has-post-thumbnail","category-sp-news"],"jetpack_publicize_connections":[],"jetpack-related-posts":[],"jetpack_shortlink":"https:\/\/wp.me\/p7Eq1F-hx6","jetpack_sharing_enabled":true,"jetpack_featured_media_url":"https:\/\/i0.wp.com\/guialimeira.com.br\/news\/wp-content\/uploads\/2026\/05\/Projeto-desenvolvido-no-Hospital-das-Clinicas-de-SP-utiliza-telemedicina.png?fit=1272%2C665&ssl=1","_links":{"self":[{"href":"https:\/\/guialimeira.com.br\/news\/wp-json\/wp\/v2\/posts\/67400","targetHints":{"allow":["GET"]}}],"collection":[{"href":"https:\/\/guialimeira.com.br\/news\/wp-json\/wp\/v2\/posts"}],"about":[{"href":"https:\/\/guialimeira.com.br\/news\/wp-json\/wp\/v2\/types\/post"}],"author":[{"embeddable":true,"href":"https:\/\/guialimeira.com.br\/news\/wp-json\/wp\/v2\/users\/1"}],"replies":[{"embeddable":true,"href":"https:\/\/guialimeira.com.br\/news\/wp-json\/wp\/v2\/comments?post=67400"}],"version-history":[{"count":0,"href":"https:\/\/guialimeira.com.br\/news\/wp-json\/wp\/v2\/posts\/67400\/revisions"}],"wp:featuredmedia":[{"embeddable":true,"href":"https:\/\/guialimeira.com.br\/news\/wp-json\/wp\/v2\/media\/67401"}],"wp:attachment":[{"href":"https:\/\/guialimeira.com.br\/news\/wp-json\/wp\/v2\/media?parent=67400"}],"wp:term":[{"taxonomy":"category","embeddable":true,"href":"https:\/\/guialimeira.com.br\/news\/wp-json\/wp\/v2\/categories?post=67400"},{"taxonomy":"post_tag","embeddable":true,"href":"https:\/\/guialimeira.com.br\/news\/wp-json\/wp\/v2\/tags?post=67400"}],"curies":[{"name":"wp","href":"https:\/\/api.w.org\/{rel}","templated":true}]}}