{"id":674,"date":"2024-04-01T19:10:45","date_gmt":"2024-04-01T22:10:45","guid":{"rendered":"https:\/\/guialimeira.com.br\/2024\/04\/01\/justica-suspende-pagamento-de-r-581-mil-em-ferias-a-domingos-brazao\/"},"modified":"2024-04-01T19:10:45","modified_gmt":"2024-04-01T22:10:45","slug":"justica-suspende-pagamento-de-r-581-mil-em-ferias-a-domingos-brazao","status":"publish","type":"post","link":"https:\/\/guialimeira.com.br\/news\/justica-suspende-pagamento-de-r-581-mil-em-ferias-a-domingos-brazao\/","title":{"rendered":"Justi\u00e7a suspende pagamento de\u00a0R$ 581 mil em f\u00e9rias a\u00a0Domingos Braz\u00e3o"},"content":{"rendered":"<p> <br \/>\n<\/p>\n<div>\n<p>A ju\u00edza Georgia Vasconcelos, da 2\u00aa Vara de Fazenda P\u00fablica da Capital, determinou a suspens\u00e3o do pagamento em dinheiro do per\u00edodo de f\u00e9rias n\u00e3o tiradas pelo conselheiro do Tribunal de Contas do Estado do Rio (TCE-RJ) Domingos Braz\u00e3o entre 2017 e 2022. Nesse per\u00edodo, Braz\u00e3o estava afastado do cargo por suspeita de fraude e corrup\u00e7\u00e3o.\u00a0O valor das f\u00e9rias chega a R$ 581 mil.\u00a0<img data-recalc-dims=\"1\" decoding=\"async\" src=\"https:\/\/i0.wp.com\/agenciabrasil.ebc.com.br\/ebc.png?w=696&#038;ssl=1\" style=\"width:1px; height:1px; display:inline;\"\/><img data-recalc-dims=\"1\" decoding=\"async\" src=\"https:\/\/i0.wp.com\/agenciabrasil.ebc.com.br\/ebc.gif?w=696&#038;ssl=1\" style=\"width:1px; height:1px; display:inline;\"\/><\/p>\n<p>O conselheiro do TCE-RJ <a href=\"https:\/\/agenciabrasil.ebc.com.br\/justica\/noticia\/2024-03\/saiba-quem-sao-os-suspeitos-de-mandar-executar-marielle-franco\" rel=\"noopener\">foi preso no dia 24 de mar\u00e7o<\/a>, junto com seu irm\u00e3o, o deputado federal Chiquinho Braz\u00e3o (Uni\u00e3o Brasil), e o ex-chefe da Pol\u00edcia Civil do Rio\u00a0Rivaldo Barbosa, apontados como poss\u00edveis mandantes do assassinato da vereadora Marielle Franco e do motorista Anderson Gomes, em mar\u00e7o de 2018. Os irm\u00e3os Braz\u00e3o e o delegado est\u00e3o presos preventivamente em penitenci\u00e1rias federais fora do territ\u00f3rio fluminense.<\/p>\n<p>A decis\u00e3o da Justi\u00e7a,\u00a0proferida nesta segunda-feira (1\u00ba), atendeu a uma a\u00e7\u00e3o popular movida pelo deputado federal Tarc\u00edsio Motta Carvalho (Psol-RJ) no dia 27 de mar\u00e7o, visando suspender a convers\u00e3o em dinheiro das f\u00e9rias \u201csupostamente\u201d acumuladas por Domingos Braz\u00e3o no TCE. A ju\u00edza determinou ainda a intima\u00e7\u00e3o com urg\u00eancia do TCE, tendo em vista a proximidade da efetiva\u00e7\u00e3o do pagamento, &#8220;sob pena de responsabiliza\u00e7\u00e3o criminal&#8221;. O prazo de cumprimento da ordem da Justi\u00e7a \u00e9 de 24 horas.<\/p>\n<p>Em \u00e1udio enviado \u00e0 imprensa, Tarc\u00edsio Motta afirmou que \u201cmil\u00edcia se combate de todas as formas e em todos os lugares\u201d.\u00a0<\/p>\n<p>\u201cConsideramos um absurdo que as f\u00e9rias que o Braz\u00e3o n\u00e3o gozou porque estava preso sejam convertidas em pec\u00fania e signifiquem mais meio milh\u00e3o de reais na conta dele. Isso n\u00e3o faz o menor sentido. Por isso, entramos na Justi\u00e7a e, ainda bem, conseguimos impedir que mais esse absurdo acontecesse. \u00c9 mais uma forma de enfrentar o poder econ\u00f4mico e pol\u00edtico das mil\u00edcias\u201d, concluiu o deputado.\u00a0<\/p>\n<\/p><\/div>\n<p><br \/>\n<br \/><a href=\"https:\/\/agenciabrasil.ebc.com.br\/politica\/noticia\/2024-04\/justica-suspende-pagamento-de-r-581-mil-em-ferias-domingos-brazao\" rel=\"noopener\">Ag\u00eancia Brasil<\/a><\/p>\n","protected":false},"excerpt":{"rendered":"<p>A ju\u00edza Georgia Vasconcelos, da 2\u00aa Vara de Fazenda P\u00fablica da Capital, determinou a suspens\u00e3o do pagamento em dinheiro do per\u00edodo de f\u00e9rias n\u00e3o tiradas pelo conselheiro do Tribunal de Contas do Estado do Rio (TCE-RJ) Domingos Braz\u00e3o entre 2017 e 2022. Nesse per\u00edodo, Braz\u00e3o estava afastado do cargo por suspeita de fraude e corrup\u00e7\u00e3o.\u00a0O [&hellip;]<\/p>\n","protected":false},"author":1,"featured_media":675,"comment_status":"open","ping_status":"open","sticky":false,"template":"","format":"standard","meta":{"_jetpack_newsletter_access":"","_jetpack_dont_email_post_to_subs":false,"_jetpack_newsletter_tier_id":0,"_jetpack_memberships_contains_paywalled_content":false,"_mbp_banners":[],"_jetpack_feature_clip_id":0,"_jetpack_memberships_contains_paid_content":false,"footnotes":"","jetpack_publicize_message":"","jetpack_publicize_feature_enabled":true,"jetpack_social_post_already_shared":true,"jetpack_social_options":{"image_generator_settings":{"template":"highway","default_image_id":0,"font":"","enabled":false},"version":2},"jetpack_post_was_ever_published":false},"categories":[22],"tags":[],"class_list":["post-674","post","type-post","status-publish","format-standard","has-post-thumbnail","category-nacional"],"jetpack_publicize_connections":[],"jetpack-related-posts":[],"jetpack_shortlink":"https:\/\/wp.me\/p7Eq1F-aS","jetpack_sharing_enabled":true,"jetpack_featured_media_url":"https:\/\/i0.wp.com\/guialimeira.com.br\/news\/wp-content\/uploads\/2024\/04\/dbrazao_rc_28_08_13_new.jpg?fit=1600%2C800&ssl=1","_links":{"self":[{"href":"https:\/\/guialimeira.com.br\/news\/wp-json\/wp\/v2\/posts\/674","targetHints":{"allow":["GET"]}}],"collection":[{"href":"https:\/\/guialimeira.com.br\/news\/wp-json\/wp\/v2\/posts"}],"about":[{"href":"https:\/\/guialimeira.com.br\/news\/wp-json\/wp\/v2\/types\/post"}],"author":[{"embeddable":true,"href":"https:\/\/guialimeira.com.br\/news\/wp-json\/wp\/v2\/users\/1"}],"replies":[{"embeddable":true,"href":"https:\/\/guialimeira.com.br\/news\/wp-json\/wp\/v2\/comments?post=674"}],"version-history":[{"count":0,"href":"https:\/\/guialimeira.com.br\/news\/wp-json\/wp\/v2\/posts\/674\/revisions"}],"wp:featuredmedia":[{"embeddable":true,"href":"https:\/\/guialimeira.com.br\/news\/wp-json\/wp\/v2\/media\/675"}],"wp:attachment":[{"href":"https:\/\/guialimeira.com.br\/news\/wp-json\/wp\/v2\/media?parent=674"}],"wp:term":[{"taxonomy":"category","embeddable":true,"href":"https:\/\/guialimeira.com.br\/news\/wp-json\/wp\/v2\/categories?post=674"},{"taxonomy":"post_tag","embeddable":true,"href":"https:\/\/guialimeira.com.br\/news\/wp-json\/wp\/v2\/tags?post=674"}],"curies":[{"name":"wp","href":"https:\/\/api.w.org\/{rel}","templated":true}]}}