{"id":67385,"date":"2026-05-30T13:46:14","date_gmt":"2026-05-30T16:46:14","guid":{"rendered":"https:\/\/guialimeira.com.br\/superacao-sp-86-profissionais-concluem-formacao-e-estao-prontos-para-atuar-nos-municipios\/"},"modified":"2026-05-30T13:46:14","modified_gmt":"2026-05-30T16:46:14","slug":"superacao-sp-86-profissionais-concluem-formacao-e-estao-prontos-para-atuar-nos-municipios","status":"publish","type":"post","link":"https:\/\/guialimeira.com.br\/news\/superacao-sp-86-profissionais-concluem-formacao-e-estao-prontos-para-atuar-nos-municipios\/","title":{"rendered":"SuperA\u00e7\u00e3o SP: 86 profissionais concluem forma\u00e7\u00e3o e est\u00e3o prontos para atuar nos munic\u00edpios"},"content":{"rendered":"<p> <br \/>\n<\/p>\n<div>\n<p class=\"wp-block-paragraph\">Terminou nesta sexta-feira (29) a forma\u00e7\u00e3o de 77 agentes e nove supervisores do SuperA\u00e7\u00e3o SP, programa coordenado pela Secretaria de Desenvolvimento Social (SEDS), voltado ao combate \u00e0 pobreza e \u00e0 promo\u00e7\u00e3o da autonomia das fam\u00edlias. Os profissionais ir\u00e3o atuar em 19 munic\u00edpios paulistas. Os 86 profissionais formados nesta etapa se somam aos 498 profissionais j\u00e1 em atua\u00e7\u00e3o no programa, entre agentes e supervisores.<\/p>\n<p class=\"wp-block-paragraph\">Realizada na Funda\u00e7\u00e3o C\u00e1sper L\u00edbero, a forma\u00e7\u00e3o foi promovida pela SEDS em parceria com a FGV Projetos, respons\u00e1vel pela contrata\u00e7\u00e3o dos agentes, e com a Funda\u00e7\u00e3o Instituto de Pesquisas Econ\u00f4micas (Fipe). Durante duas semanas, os profissionais foram preparados para atuar diretamente nos territ\u00f3rios, onde ir\u00e3o acompanhar fam\u00edlias em situa\u00e7\u00e3o de vulnerabilidade social e apoi\u00e1-las no caminho para a autonomia.<\/p>\n<figure class=\"wp-block-image size-large\"><img data-recalc-dims=\"1\" fetchpriority=\"high\" decoding=\"async\" width=\"696\" height=\"522\" src=\"https:\/\/i0.wp.com\/www.agenciasp.sp.gov.br\/wp-content\/uploads\/2026\/05\/WhatsApp-Image-2026-05-29-at-17.46.14-1-1024x768.jpeg?resize=696%2C522&#038;ssl=1\" alt=\"\" class=\"wp-image-147941\" srcset=\"https:\/\/www.agenciasp.sp.gov.br\/wp-content\/uploads\/2026\/05\/WhatsApp-Image-2026-05-29-at-17.46.14-1-1024x768.jpeg 1024w, https:\/\/www.agenciasp.sp.gov.br\/wp-content\/uploads\/2026\/05\/WhatsApp-Image-2026-05-29-at-17.46.14-1-300x225.jpeg 300w, https:\/\/www.agenciasp.sp.gov.br\/wp-content\/uploads\/2026\/05\/WhatsApp-Image-2026-05-29-at-17.46.14-1-768x576.jpeg 768w, https:\/\/www.agenciasp.sp.gov.br\/wp-content\/uploads\/2026\/05\/WhatsApp-Image-2026-05-29-at-17.46.14-1-1536x1152.jpeg 1536w, https:\/\/www.agenciasp.sp.gov.br\/wp-content\/uploads\/2026\/05\/WhatsApp-Image-2026-05-29-at-17.46.14-1-150x113.jpeg 150w, https:\/\/www.agenciasp.sp.gov.br\/wp-content\/uploads\/2026\/05\/WhatsApp-Image-2026-05-29-at-17.46.14-1.jpeg 1600w\" sizes=\"(max-width: 1024px) 100vw, 1024px\"\/><figcaption class=\"wp-element-caption\">A cerim\u00f4nia de conclus\u00e3o aconteceu nessa terca-feira \u2013 Foto: Divulga\u00e7\u00e3o\/Governo de S\u00e3o Paulo<\/figcaption><\/figure>\n<p class=\"wp-block-paragraph\">\u201cEsse passo \u00e9 fundamental para que os agentes estejam preparados e para que possamos dar continuidade ao trabalho de transformar realidades em todo o Estado. Estamos investindo em potencial humano, e cada um desses agentes representa uma oportunidade de transformar trajet\u00f3rias de vulnerabilidade em hist\u00f3rias de supera\u00e7\u00e3o\u201d, afirma a secret\u00e1ria de Desenvolvimento Social, Andrezza Rosal\u00e9m.<\/p>\n<h3 class=\"wp-block-heading\">Treinamento<\/h3>\n<p class=\"wp-block-paragraph\">O treinamento de 80 horas reuniu aulas te\u00f3ricas e pr\u00e1ticas sobre constru\u00e7\u00e3o de v\u00ednculos de confian\u00e7a, uso de tecnologias digitais para monitoramento e elabora\u00e7\u00e3o de planos familiares. Tamb\u00e9m foram realizadas rodas de partilha e din\u00e2micas de supervis\u00e3o, refor\u00e7ando o esp\u00edrito de colabora\u00e7\u00e3o entre os profissionais.<\/p>\n<p class=\"wp-block-paragraph\">Em campo, os agentes ser\u00e3o respons\u00e1veis por aproximar as fam\u00edlias dos servi\u00e7os p\u00fablicos dispon\u00edveis, construir metas e a\u00e7\u00f5es individualizadas e apoiar o acesso a oportunidades de qualifica\u00e7\u00e3o profissional, emprego e gera\u00e7\u00e3o de renda. Cada profissional acompanhar\u00e1 ao menos 20 fam\u00edlias inscritas no Cadastro \u00danico (Cad\u00danico).<\/p>\n<p class=\"wp-block-paragraph\">\u201cO treinamento superou minhas expectativas e nos mostrou que, al\u00e9m das t\u00e9cnicas, o papel do agente \u00e9 acreditar na transforma\u00e7\u00e3o social. Aprendemos a tocar o cora\u00e7\u00e3o das pessoas e a ser mais humanos em nossa abordagem no territ\u00f3rio\u201d, destaca Zilka Santos, agente que atuar\u00e1 em Limeira.<\/p>\n<p class=\"wp-block-paragraph\"><strong>LEIA TAMB\u00c9M: <\/strong><a href=\"https:\/\/www.agenciasp.sp.gov.br\/tarifa-social-60-mil-moradores-da-regiao-de-franca-recebem-descontos-de-ate-78-na-conta-de-agua\/\" rel=\"noopener\">Tarifa Social: 60 mil moradores da regi\u00e3o de Franca recebem descontos de at\u00e9 78% na conta de \u00e1gua<\/a><\/p>\n<p class=\"wp-block-paragraph\">Para Alberto de Camargo Almeida, que atuar\u00e1 em Cabre\u00fava, a forma\u00e7\u00e3o tamb\u00e9m ampliou a compreens\u00e3o sobre o papel do agente no fortalecimento das fam\u00edlias atendidas. \u201cParticipar desta forma\u00e7\u00e3o foi grandioso, pois tive a oportunidade de aprender al\u00e9m da teoria, explorando diversos campos necess\u00e1rios para o cuidado da fam\u00edlia\u201d, afirma.<\/p>\n<p class=\"wp-block-paragraph\">J\u00e1 a supervisora Kelly Vanessa Kirner, que atuar\u00e1 em Campinas, ressalta o car\u00e1ter inovador da iniciativa e a import\u00e2ncia da integra\u00e7\u00e3o das equipes. \u201cA forma\u00e7\u00e3o \u00e9 essencial para alinhar a comunica\u00e7\u00e3o e fortalecer a equipe e a comunidade que estamos formando. Nosso foco \u00e9 compreender profundamente os conceitos relacionados \u00e0 supera\u00e7\u00e3o da pobreza para aplic\u00e1-los no dia a dia\u201d.<\/p>\n<p class=\"wp-block-paragraph\">Entre os munic\u00edpios contemplados nesta etapa est\u00e3o Campinas, Embu das Artes, Guarulhos, Indaiatuba, Itaquaquecetuba, Limeira, Mau\u00e1, Osasco, Pedreira, Santa B\u00e1rbara d\u2019Oeste, Santo Andr\u00e9, S\u00e3o Bernardo do Campo, S\u00e3o Vicente, Sumar\u00e9, Tabo\u00e3o da Serra, Valinhos, Carapicu\u00edba e Cotia.<\/p>\n<h3 class=\"wp-block-heading\">Sobre o SuperA\u00e7\u00e3o SP<\/h3>\n<p class=\"wp-block-paragraph\">O SuperA\u00e7\u00e3o SP \u00e9 um programa do Governo de S\u00e3o Paulo que integra pol\u00edticas p\u00fablicas de diferentes \u00e1reas em uma jornada completa de atendimento \u00e0s fam\u00edlias em situa\u00e7\u00e3o de vulnerabilidade social, com acompanhamento individualizado voltado \u00e0 promo\u00e7\u00e3o da autonomia. A iniciativa \u00e9 destinada a fam\u00edlias residentes no estado, inscritas no Cadastro \u00danico (Cad\u00danico) e com renda familiar per capita inferior a meio sal\u00e1rio m\u00ednimo nacional.<\/p>\n<p class=\"wp-block-paragraph\">O trabalho dos agentes inclui conectar as fam\u00edlias a pol\u00edticas p\u00fablicas \u00e0s quais j\u00e1 t\u00eam direito, mas que muitas vezes n\u00e3o acessam por falta de informa\u00e7\u00e3o, orienta\u00e7\u00e3o ou acesso. O acompanhamento pode durar at\u00e9 dois anos, seguido de monitoramento para avalia\u00e7\u00e3o dos avan\u00e7os alcan\u00e7ados.<\/p>\n<p class=\"wp-block-paragraph\">O programa atua por meio de duas trilhas de apoio. Na Trilha de Prote\u00e7\u00e3o Social, fam\u00edlias em situa\u00e7\u00e3o de maior vulnerabilidade recebem acompanhamento priorit\u00e1rio e aux\u00edlio mensal para atendimento de necessidades b\u00e1sicas. J\u00e1 na Trilha de Supera\u00e7\u00e3o da Pobreza, o foco est\u00e1 na capacita\u00e7\u00e3o, qualifica\u00e7\u00e3o profissional e inclus\u00e3o produtiva, com acompanhamento cont\u00ednuo e incentivos financeiros ao longo da jornada.<\/p>\n<p class=\"wp-block-paragraph\">O atendimento \u00e9 estruturado em tr\u00eas m\u00f3dulos complementares: Proteger, voltado ao acesso \u00e0s pol\u00edticas p\u00fablicas dispon\u00edveis na regi\u00e3o; Desenvolver, com foco em educa\u00e7\u00e3o e qualifica\u00e7\u00e3o profissional; e Incluir, direcionado \u00e0 inser\u00e7\u00e3o no mercado de trabalho, seja por meio do emprego formal ou do empreendedorismo.<\/p>\n<p class=\"wp-block-paragraph\"><strong>LEIA TAMB\u00c9M: <\/strong><a href=\"https:\/\/www.agenciasp.sp.gov.br\/governo-de-sp-divulga-vencedores-da-2a-edicao-do-selo-amigo-da-pessoa-com-tea\/\" rel=\"noopener\">Governo de SP divulga vencedores da 2\u00aa edi\u00e7\u00e3o do Selo Amigo da Pessoa com TEA<\/a><\/p>\n<p class=\"wp-block-paragraph\">A atua\u00e7\u00e3o ocorre diretamente nos territ\u00f3rios, com visitas domiciliares realizadas pelos agentes do SuperA\u00e7\u00e3o SP para diagn\u00f3stico das necessidades e constru\u00e7\u00e3o do Plano de Desenvolvimento Familiar (PDF), documento que organiza metas e oportunidades de acordo com o perfil profissional, educacional e social de cada fam\u00edlia.<\/p>\n<p class=\"wp-block-paragraph\">O plano estabelece a\u00e7\u00f5es voltadas \u00e0 inclus\u00e3o produtiva, fortalecimento de v\u00ednculos comunit\u00e1rios e amplia\u00e7\u00e3o do acesso a servi\u00e7os de sa\u00fade, educa\u00e7\u00e3o, habita\u00e7\u00e3o e gera\u00e7\u00e3o de renda. Os aux\u00edlios e incentivos financeiros podem ultrapassar R$ 10 mil ao longo de toda a jornada de acompanhamento.<\/p>\n<p class=\"wp-block-paragraph\">Atualmente, o programa est\u00e1 presente em 48 munic\u00edpios paulistas que aderiram \u00e0 primeira onda da iniciativa. A previs\u00e3o \u00e9 beneficiar 105 mil fam\u00edlias at\u00e9 2027, com investimento superior a R$ 1,5 bilh\u00e3o, entre recursos do Tesouro Estadual e financiamento do Banco Interamericano de Desenvolvimento (BID).<\/p>\n<figure class=\"wp-block-image size-large\"><img data-recalc-dims=\"1\" loading=\"lazy\" decoding=\"async\" width=\"696\" height=\"522\" src=\"https:\/\/i0.wp.com\/www.agenciasp.sp.gov.br\/wp-content\/uploads\/2026\/05\/WhatsApp-Image-2026-05-29-at-17.45.28-1024x768.jpeg?resize=696%2C522&#038;ssl=1\" alt=\"\" class=\"wp-image-147939\" srcset=\"https:\/\/www.agenciasp.sp.gov.br\/wp-content\/uploads\/2026\/05\/WhatsApp-Image-2026-05-29-at-17.45.28-1024x768.jpeg 1024w, https:\/\/www.agenciasp.sp.gov.br\/wp-content\/uploads\/2026\/05\/WhatsApp-Image-2026-05-29-at-17.45.28-300x225.jpeg 300w, https:\/\/www.agenciasp.sp.gov.br\/wp-content\/uploads\/2026\/05\/WhatsApp-Image-2026-05-29-at-17.45.28-768x576.jpeg 768w, https:\/\/www.agenciasp.sp.gov.br\/wp-content\/uploads\/2026\/05\/WhatsApp-Image-2026-05-29-at-17.45.28-1536x1152.jpeg 1536w, https:\/\/www.agenciasp.sp.gov.br\/wp-content\/uploads\/2026\/05\/WhatsApp-Image-2026-05-29-at-17.45.28-150x113.jpeg 150w, https:\/\/www.agenciasp.sp.gov.br\/wp-content\/uploads\/2026\/05\/WhatsApp-Image-2026-05-29-at-17.45.28.jpeg 1600w\" sizes=\"auto, (max-width: 1024px) 100vw, 1024px\"\/><figcaption class=\"wp-element-caption\">Novos agentes formados para atuar no programa. Foto: Divulga\u00e7\u00e3o\/Governo de SP<\/figcaption><\/figure>\n<\/p><\/div>\n<p><br \/>\n<br \/><a href=\"https:\/\/www.agenciasp.sp.gov.br\/superacao-sp-86-profissionais-concluem-formacao-e-estao-prontos-para-atuar-nos-municipios\/\" rel=\"noopener\">Informa\u00e7\u00f5es GOV.SP<\/a><\/p>\n","protected":false},"excerpt":{"rendered":"<p>Terminou nesta sexta-feira (29) a forma\u00e7\u00e3o de 77 agentes e nove supervisores do SuperA\u00e7\u00e3o SP, programa coordenado pela Secretaria de Desenvolvimento Social (SEDS), voltado ao combate \u00e0 pobreza e \u00e0 promo\u00e7\u00e3o da autonomia das fam\u00edlias. Os profissionais ir\u00e3o atuar em 19 munic\u00edpios paulistas. Os 86 profissionais formados nesta etapa se somam aos 498 profissionais j\u00e1 [&hellip;]<\/p>\n","protected":false},"author":1,"featured_media":67386,"comment_status":"","ping_status":"open","sticky":false,"template":"","format":"standard","meta":{"_jetpack_newsletter_access":"","_jetpack_dont_email_post_to_subs":false,"_jetpack_newsletter_tier_id":0,"_jetpack_memberships_contains_paywalled_content":false,"_mbp_banners":[],"_jetpack_feature_clip_id":0,"_jetpack_memberships_contains_paid_content":false,"footnotes":"","jetpack_publicize_message":"","jetpack_publicize_feature_enabled":true,"jetpack_social_post_already_shared":true,"jetpack_social_options":{"image_generator_settings":{"template":"highway","default_image_id":0,"font":"","enabled":false},"version":2},"jetpack_post_was_ever_published":false},"categories":[21],"tags":[],"class_list":["post-67385","post","type-post","status-publish","format-standard","has-post-thumbnail","category-sp-news"],"jetpack_publicize_connections":[],"jetpack-related-posts":[],"jetpack_shortlink":"https:\/\/wp.me\/p7Eq1F-hwR","jetpack_sharing_enabled":true,"jetpack_featured_media_url":"https:\/\/i0.wp.com\/guialimeira.com.br\/news\/wp-content\/uploads\/2026\/05\/SuperAcao-SP-86-profissionais-concluem-formacao-e-estao-prontos-para.jpeg?fit=1024%2C768&ssl=1","_links":{"self":[{"href":"https:\/\/guialimeira.com.br\/news\/wp-json\/wp\/v2\/posts\/67385","targetHints":{"allow":["GET"]}}],"collection":[{"href":"https:\/\/guialimeira.com.br\/news\/wp-json\/wp\/v2\/posts"}],"about":[{"href":"https:\/\/guialimeira.com.br\/news\/wp-json\/wp\/v2\/types\/post"}],"author":[{"embeddable":true,"href":"https:\/\/guialimeira.com.br\/news\/wp-json\/wp\/v2\/users\/1"}],"replies":[{"embeddable":true,"href":"https:\/\/guialimeira.com.br\/news\/wp-json\/wp\/v2\/comments?post=67385"}],"version-history":[{"count":0,"href":"https:\/\/guialimeira.com.br\/news\/wp-json\/wp\/v2\/posts\/67385\/revisions"}],"wp:featuredmedia":[{"embeddable":true,"href":"https:\/\/guialimeira.com.br\/news\/wp-json\/wp\/v2\/media\/67386"}],"wp:attachment":[{"href":"https:\/\/guialimeira.com.br\/news\/wp-json\/wp\/v2\/media?parent=67385"}],"wp:term":[{"taxonomy":"category","embeddable":true,"href":"https:\/\/guialimeira.com.br\/news\/wp-json\/wp\/v2\/categories?post=67385"},{"taxonomy":"post_tag","embeddable":true,"href":"https:\/\/guialimeira.com.br\/news\/wp-json\/wp\/v2\/tags?post=67385"}],"curies":[{"name":"wp","href":"https:\/\/api.w.org\/{rel}","templated":true}]}}