{"id":67357,"date":"2026-05-30T09:40:23","date_gmt":"2026-05-30T12:40:23","guid":{"rendered":"https:\/\/guialimeira.com.br\/entenda-como-funciona-o-auxilio-aluguel-para-mulheres-vitimas-de-violencia\/"},"modified":"2026-05-30T09:40:23","modified_gmt":"2026-05-30T12:40:23","slug":"entenda-como-funciona-o-auxilio-aluguel-para-mulheres-vitimas-de-violencia","status":"publish","type":"post","link":"https:\/\/guialimeira.com.br\/news\/entenda-como-funciona-o-auxilio-aluguel-para-mulheres-vitimas-de-violencia\/","title":{"rendered":"Entenda como funciona o Aux\u00edlio-Aluguel para mulheres v\u00edtimas de viol\u00eancia"},"content":{"rendered":"<p> <br \/>\n<\/p>\n<div>\n<p class=\"wp-block-paragraph\">Implantado em 2023 pelo Governo de S\u00e3o Paulo para atender as mulheres v\u00edtimas de viol\u00eancia dom\u00e9stica, o Aux\u00edlio-Aluguel j\u00e1 soma mais de 6 mil benefici\u00e1rias. A ferramenta tem como principal objetivo garantir que as v\u00edtimas n\u00e3o permane\u00e7am sob o mesmo teto que seus agressores por falta de recursos financeiros. Para isso, o programa oferece um suporte de R$ 500 mensais.<\/p>\n<p class=\"wp-block-paragraph\">Para as especialistas da Secretaria de Desenvolvimento Social do Estado de S\u00e3o Paulo, o aux\u00edlio vai muito al\u00e9m da transfer\u00eancia de renda, representa o acolhimento do Estado em um momento de extrema vulnerabilidade. \u201cNenhuma mulher deveria estar em risco dentro da pr\u00f3pria casa. A grande quest\u00e3o do Aux\u00edlio-Aluguel \u00e9 possibilitar, atrav\u00e9s de um benef\u00edcio de renda, que ela saia de um local que \u00e9 inseguro para ela\u201d, destaca a t\u00e9cnica da Prote\u00e7\u00e3o Social Especial da Diretoria de Assist\u00eancia Social, Marcela Purini Bel\u00e9m.<\/p>\n<p class=\"wp-block-paragraph\">Atualmente, o aux\u00edlio j\u00e1 conta com a ades\u00e3o de 591 munic\u00edpios paulistas e se consolida como uma ferramenta essencial para proporcionar maior autonomia financeira para que as mulheres possam romper o ciclo de viol\u00eancia. O benef\u00edcio \u00e9 pago por seis meses, podendo ser prorrogado por igual per\u00edodo, tempo considerado h\u00e1bil para que a v\u00edtima consiga estruturar um novo lar e se reconectar com outras pol\u00edticas de assist\u00eancia e empregabilidade.<\/p>\n<h3 class=\"wp-block-heading\">A primeira luz no fim do t\u00fanel<\/h3>\n<figure class=\"wp-block-image size-large\"><img data-recalc-dims=\"1\" fetchpriority=\"high\" decoding=\"async\" width=\"696\" height=\"387\" src=\"https:\/\/i0.wp.com\/www.agenciasp.sp.gov.br\/wp-content\/uploads\/2026\/05\/Marcela-1024x570.png?resize=696%2C387&#038;ssl=1\" alt=\"\" class=\"wp-image-146892\" srcset=\"https:\/\/www.agenciasp.sp.gov.br\/wp-content\/uploads\/2026\/05\/Marcela-1024x570.png 1024w, https:\/\/www.agenciasp.sp.gov.br\/wp-content\/uploads\/2026\/05\/Marcela-300x167.png 300w, https:\/\/www.agenciasp.sp.gov.br\/wp-content\/uploads\/2026\/05\/Marcela-768x427.png 768w, https:\/\/www.agenciasp.sp.gov.br\/wp-content\/uploads\/2026\/05\/Marcela-150x83.png 150w, https:\/\/www.agenciasp.sp.gov.br\/wp-content\/uploads\/2026\/05\/Marcela.png 1184w\" sizes=\"(max-width: 1024px) 100vw, 1024px\"\/><figcaption class=\"wp-element-caption\"><em>Marcela Purini, t\u00e9cnica da Prote\u00e7\u00e3o Social Especial da Diretoria de Assist\u00eancia Social \u2013 Foto: Divulga\u00e7\u00e3o\/Governo de S\u00e3o Paulo<\/em><\/figcaption><\/figure>\n<p class=\"wp-block-paragraph\">Marcela ressalta que o momento em que a mulher pede a medida protetiva e busca o aux\u00edlio \u00e9 de extrema bravura, pois ela j\u00e1 reconheceu o ciclo da viol\u00eancia. \u201cEsse benef\u00edcio n\u00e3o resolve o problema da moradia de forma definitiva, mas ele \u00e9 o primeiro farol, a primeira luz no fim do t\u00fanel para que ela entenda que a aus\u00eancia de recursos financeiros n\u00e3o a fadar\u00e1 a continuar naquela situa\u00e7\u00e3o. A mulher n\u00e3o est\u00e1 sozinha\u201d, complementa.<\/p>\n<h3 class=\"wp-block-heading\">Autonomia e crit\u00e9rios de acesso<\/h3>\n<p class=\"wp-block-paragraph\">A operacionaliza\u00e7\u00e3o do benef\u00edcio ocorre na ponta, diretamente nos munic\u00edpios, atrav\u00e9s da rede de assist\u00eancia social (CRAS e CREAS). A t\u00e9cnica do Aux\u00edlio-Aluguel, Ana Huber de Castro, explica que o desenho do programa foi feito para ser um ponto de partida r\u00e1pido e eficaz.<\/p>\n<figure class=\"wp-block-image size-large\"><img data-recalc-dims=\"1\" loading=\"lazy\" decoding=\"async\" width=\"696\" height=\"392\" src=\"https:\/\/i0.wp.com\/www.agenciasp.sp.gov.br\/wp-content\/uploads\/2026\/05\/Ana-1024x576.png?resize=696%2C392&#038;ssl=1\" alt=\"\" class=\"wp-image-146894\" srcset=\"https:\/\/www.agenciasp.sp.gov.br\/wp-content\/uploads\/2026\/05\/Ana-1024x576.png 1024w, https:\/\/www.agenciasp.sp.gov.br\/wp-content\/uploads\/2026\/05\/Ana-300x169.png 300w, https:\/\/www.agenciasp.sp.gov.br\/wp-content\/uploads\/2026\/05\/Ana-768x432.png 768w, https:\/\/www.agenciasp.sp.gov.br\/wp-content\/uploads\/2026\/05\/Ana-150x84.png 150w, https:\/\/www.agenciasp.sp.gov.br\/wp-content\/uploads\/2026\/05\/Ana.png 1183w\" sizes=\"auto, (max-width: 1024px) 100vw, 1024px\"\/><figcaption class=\"wp-element-caption\"><em>Ana Huber de Castro, t\u00e9cnica do Aux\u00edlio-Aluguel \u2013 Foto: DIvulga\u00e7\u00e3o\/Governo de S\u00e3o Paulo<\/em><\/figcaption><\/figure>\n<p class=\"wp-block-paragraph\">\u201cO aux\u00edlio tem o objetivo de dar autonomia para a mulher. Hoje, j\u00e1 temos 591 munic\u00edpios que fizeram a ades\u00e3o, mas fazemos um apelo aos prefeitos que ainda n\u00e3o aderiram para que busquem o Governo do Estado. N\u00f3s temos todo o apoio para garantir a seguran\u00e7a dessas mulheres\u201d, afirma Ana.<\/p>\n<p class=\"wp-block-paragraph\"><strong>LEIA TAMB\u00c9M: <\/strong><a href=\"https:\/\/www.agenciasp.sp.gov.br\/app-sp-mulher-segura-registra-quase-um-acionamento-por-hora-do-botao-do-panico\/\" rel=\"noopener\">App SP Mulher Segura registra quase um acionamento por hora do bot\u00e3o do p\u00e2nico<\/a><\/p>\n<h3 class=\"wp-block-heading\">Como funciona o Aux\u00edlio-Aluguel<\/h3>\n<p class=\"wp-block-paragraph\">Existem alguns crit\u00e9rios para a concess\u00e3o, que s\u00e3o:<\/p>\n<ul class=\"wp-block-list\">\n<li>Residir no Estado de S\u00e3o Paulo;<\/li>\n<li>Possuir Medida Protetiva de Urg\u00eancia expedida com base na Lei Maria da Penha;<\/li>\n<li>Possuir renda familiar de at\u00e9 dois sal\u00e1rios m\u00ednimos;<\/li>\n<li>Estar em situa\u00e7\u00e3o de vulnerabilidade social.<\/li>\n<\/ul>\n<p class=\"wp-block-paragraph\">As mulheres que se enquadram nos crit\u00e9rios devem procurar uma unidade do CRAS (Centro de Refer\u00eancia de Assist\u00eancia Social), do CREAS (Centro de Refer\u00eancia Especializado de Assist\u00eancia Social) ou a Secretaria de Assist\u00eancia Social do seu munic\u00edpio.<\/p>\n<p class=\"wp-block-paragraph\">\u201cOs equipamentos de assist\u00eancia social s\u00e3o espa\u00e7os seguros e de acolhimento. Qualquer mulher em situa\u00e7\u00e3o de viol\u00eancia que precise de orienta\u00e7\u00e3o pode e deve procurar esses locais, mesmo antes de ter a medida protetiva em m\u00e3os, para ser devidamente assistida pela rede de prote\u00e7\u00e3o do Estado\u201d, finaliza Marcela Purini Bel\u00e9m.<\/p>\n<h3 class=\"wp-block-heading\">Documentos necess\u00e1rios e onde solicitar<\/h3>\n<p class=\"wp-block-paragraph\">O pedido deve ser feito na rede municipal de assist\u00eancia social, nos Centros de Refer\u00eancia de Assist\u00eancia Social (CRAS) ou nos equipamentos do Sistema \u00danico de Assist\u00eancia Social (Suas) do munic\u00edpio. A interessada precisa apresentar:<\/p>\n<p class=\"wp-block-paragraph\">\u00b7 RG (ou Carteira de Registro Nacional Migrat\u00f3rio, no caso de mulheres migrantes)<br \/>\u00b7 CPF<br \/>\u00b7 Comprovante de resid\u00eancia atualizado<br \/>\u00b7 C\u00f3pia da medida protetiva concedida pela Justi\u00e7a<br \/>\u00b7 Comprovantes de renda, se houver<\/p>\n<p>A comprova\u00e7\u00e3o de vulnerabilidade pode ser feita por relat\u00f3rio psicossocial do servi\u00e7o de assist\u00eancia social municipal ou inscri\u00e7\u00e3o no Cadastro \u00danico (Cad\u00danico).<\/p>\n<p class=\"wp-block-paragraph\">Caso o munic\u00edpio ainda n\u00e3o tenha aderido ao programa, a mulher pode encaminhar a documenta\u00e7\u00e3o diretamente \u00e0 Secretaria de Desenvolvimento Social pelo e-mail auxiliomulher.seds@sp.gov.br.<\/p>\n<\/p><\/div>\n<p><br \/>\n<br \/><a href=\"https:\/\/www.agenciasp.sp.gov.br\/entenda-como-funciona-o-auxilio-aluguel-para-mulheres-vitimas-de-violencia\/\" rel=\"noopener\">Informa\u00e7\u00f5es GOV.SP<\/a><\/p>\n","protected":false},"excerpt":{"rendered":"<p>Implantado em 2023 pelo Governo de S\u00e3o Paulo para atender as mulheres v\u00edtimas de viol\u00eancia dom\u00e9stica, o Aux\u00edlio-Aluguel j\u00e1 soma mais de 6 mil benefici\u00e1rias. A ferramenta tem como principal objetivo garantir que as v\u00edtimas n\u00e3o permane\u00e7am sob o mesmo teto que seus agressores por falta de recursos financeiros. Para isso, o programa oferece um [&hellip;]<\/p>\n","protected":false},"author":1,"featured_media":67358,"comment_status":"","ping_status":"open","sticky":false,"template":"","format":"standard","meta":{"_jetpack_newsletter_access":"","_jetpack_dont_email_post_to_subs":false,"_jetpack_newsletter_tier_id":0,"_jetpack_memberships_contains_paywalled_content":false,"_mbp_banners":[],"_jetpack_feature_clip_id":0,"_jetpack_memberships_contains_paid_content":false,"footnotes":"","jetpack_publicize_message":"","jetpack_publicize_feature_enabled":true,"jetpack_social_post_already_shared":true,"jetpack_social_options":{"image_generator_settings":{"template":"highway","default_image_id":0,"font":"","enabled":false},"version":2},"jetpack_post_was_ever_published":false},"categories":[21],"tags":[],"class_list":["post-67357","post","type-post","status-publish","format-standard","has-post-thumbnail","category-sp-news"],"jetpack_publicize_connections":[],"jetpack-related-posts":[],"jetpack_shortlink":"https:\/\/wp.me\/p7Eq1F-hwp","jetpack_sharing_enabled":true,"jetpack_featured_media_url":"https:\/\/i0.wp.com\/guialimeira.com.br\/news\/wp-content\/uploads\/2026\/05\/Entenda-como-funciona-o-Auxilio-Aluguel-para-mulheres-vitimas-de-violencia.png?fit=1024%2C570&ssl=1","_links":{"self":[{"href":"https:\/\/guialimeira.com.br\/news\/wp-json\/wp\/v2\/posts\/67357","targetHints":{"allow":["GET"]}}],"collection":[{"href":"https:\/\/guialimeira.com.br\/news\/wp-json\/wp\/v2\/posts"}],"about":[{"href":"https:\/\/guialimeira.com.br\/news\/wp-json\/wp\/v2\/types\/post"}],"author":[{"embeddable":true,"href":"https:\/\/guialimeira.com.br\/news\/wp-json\/wp\/v2\/users\/1"}],"replies":[{"embeddable":true,"href":"https:\/\/guialimeira.com.br\/news\/wp-json\/wp\/v2\/comments?post=67357"}],"version-history":[{"count":0,"href":"https:\/\/guialimeira.com.br\/news\/wp-json\/wp\/v2\/posts\/67357\/revisions"}],"wp:featuredmedia":[{"embeddable":true,"href":"https:\/\/guialimeira.com.br\/news\/wp-json\/wp\/v2\/media\/67358"}],"wp:attachment":[{"href":"https:\/\/guialimeira.com.br\/news\/wp-json\/wp\/v2\/media?parent=67357"}],"wp:term":[{"taxonomy":"category","embeddable":true,"href":"https:\/\/guialimeira.com.br\/news\/wp-json\/wp\/v2\/categories?post=67357"},{"taxonomy":"post_tag","embeddable":true,"href":"https:\/\/guialimeira.com.br\/news\/wp-json\/wp\/v2\/tags?post=67357"}],"curies":[{"name":"wp","href":"https:\/\/api.w.org\/{rel}","templated":true}]}}