{"id":67353,"date":"2026-05-30T07:36:44","date_gmt":"2026-05-30T10:36:44","guid":{"rendered":"https:\/\/guialimeira.com.br\/estado-de-sp-atinge-maior-patamar-de-desenvolvimento-humano-em-13-anos\/"},"modified":"2026-05-30T07:36:44","modified_gmt":"2026-05-30T10:36:44","slug":"estado-de-sp-atinge-maior-patamar-de-desenvolvimento-humano-em-13-anos","status":"publish","type":"post","link":"https:\/\/guialimeira.com.br\/news\/estado-de-sp-atinge-maior-patamar-de-desenvolvimento-humano-em-13-anos\/","title":{"rendered":"Estado de SP atinge maior patamar de desenvolvimento humano em 13 anos"},"content":{"rendered":"<p> <br \/>\n<br \/><img data-recalc-dims=\"1\" decoding=\"async\" src=\"https:\/\/i0.wp.com\/www.agenciasp.sp.gov.br\/wp-content\/uploads\/2025\/06\/20250610_multidaodesfocada.jpg?w=696&#038;ssl=1\" \/><\/p>\n<div>\n<p class=\"wp-block-paragraph\">O estado de S\u00e3o Paulo atingiu o maior patamar de desenvolvimento humano em 2024, segundo relat\u00f3rio Radar IDHM, do Programa das Na\u00e7\u00f5es Unidas para o Desenvolvimento (Pnud). O \u00edndice foi o maior desde o in\u00edcio da s\u00e9rie hist\u00f3rica, em 2012.<\/p>\n<p class=\"wp-block-paragraph\">O IDHM de SP foi de 0,838, maior que o do Brasil, que ficou em 0,805, o que fez com que o pa\u00eds ingressasse pela primeira vez no grupo de pa\u00edses com muito alto desenvolvimento humano, faixa mais alta de classifica\u00e7\u00e3o.<\/p>\n<p class=\"wp-block-paragraph\">O levantamento, feito pela <strong>Ag\u00eancia SP <\/strong>em parceria com a Funda\u00e7\u00e3o Seade, traz ainda os \u00edndices para as dimens\u00f5es Longevidade, Educa\u00e7\u00e3o e Renda, todos desagregados por ra\u00e7a\/cor (negro e branco) e sexo (mulher e homem).<\/p>\n<p class=\"wp-block-paragraph\">O estado de S\u00e3o Paulo figurou na classifica\u00e7\u00e3o muito alto desenvolvimento humano tanto no \u00edndice geral quanto nos de longevidade, educa\u00e7\u00e3o e renda <em>(veja abaixo)<\/em>.<\/p>\n<p class=\"wp-block-paragraph\">Al\u00e9m disso, SP supera a m\u00e9dia nacional em todas as dimens\u00f5es pesquisadas em 2024.<\/p>\n<p class=\"wp-block-paragraph\">Portanto, o crescimento do \u00edndice no estado de S\u00e3o Paulo reflete o resultado de pol\u00edticas p\u00fablicas consistentes nas \u00e1reas de educa\u00e7\u00e3o, sa\u00fade e gera\u00e7\u00e3o de renda.<\/p>\n<p class=\"wp-block-paragraph\">O levantamento apresenta uma an\u00e1lise dos \u00faltimos 13 anos \u2014 de 2012 a 2024 \u2014, abrangendo o Brasil, os 26 estados e o Distrito Federal, 20 regi\u00f5es metropolitanas, a Regi\u00e3o Integrada de Desenvolvimento (RIDE) da Grande Teresina e cinco macrorregi\u00f5es. Os resultados foram calculados com base nos dados da Pesquisa Nacional por Amostra de Domic\u00edlios Cont\u00ednua (PNAD Cont\u00ednua), do Instituto Brasileiro de Geografia<br \/>e Estat\u00edstica (IBGE), em parceria com a equipe t\u00e9cnica e pesquisadores da Funda\u00e7\u00e3o Jo\u00e3o Pinheiro.<\/p>\n<h3 class=\"wp-block-heading\">Veja abaixo os resultados do estado<\/h3>\n<h4 class=\"wp-block-heading\">IDHM \u00cdndice geral (maior em 2024)<\/h4>\n<p class=\"wp-block-paragraph\">2012: 0,803<br \/>2013: 0,809<br \/>2014: 0,815<br \/>2015: 0,813<br \/>2016: 0,824<br \/>2017: 0,820<br \/>2018: 0,826<br \/>2019: 0,833<br \/>2020: 0,822<br \/>2021: 0,801<br \/>2022: 0,828<br \/>2023: 0,836<br \/><strong>2024: 0,838<\/strong><\/p>\n<h4 class=\"wp-block-heading\">IDHM Longevidade (maior em 2024)<\/h4>\n<p class=\"wp-block-paragraph\">2012: 0,842<br \/>2013: 0,845<br \/>2014: 0,848<br \/>2015: 0,851<br \/>2016: 0,855<br \/>2017: 0,858<br \/>2018: 0,862<br \/>2019: 0,864<br \/>2020: 0,843<br \/>2021: 0,798<br \/>2022: 0,849<br \/>2023: 0,864<br \/><strong>2024: 0,867<\/strong><\/p>\n<h4 class=\"wp-block-heading\">IDHM Educa\u00e7\u00e3o (melhores n\u00fameros em 2023 e 2024)<\/h4>\n<p class=\"wp-block-paragraph\">2012: 0,786<br \/>2013: 0,795<br \/>2014: 0,809<br \/>2015: 0,807<br \/>2016: 0,830<br \/>2017: 0,822<br \/>2018: 0,826<br \/>2019: 0,847<br \/>2020: 0,844<br \/>2021: 0,836<br \/>2022: 0,849<br \/><strong>2023: 0,851<br \/>2024: 0,850<\/strong><\/p>\n<h4 class=\"wp-block-heading\">IDHM Renda (maior em 2024)<\/h4>\n<p class=\"wp-block-paragraph\">2012: 0,782<br \/>2013: 0,787<br \/>2014: 0,790<br \/>2015: 0,782<br \/>2016: 0,787<br \/>2017: 0,781<br \/>2018: 0,791<br \/>2019: 0,791<br \/>2020: 0,781<br \/>2021: 0,771<br \/>2022: 0,788<br \/>2023: 0,795<br \/><strong>2024: 0,799<\/strong><\/p>\n<h4 class=\"wp-block-heading\">Brasil<\/h4>\n<p class=\"wp-block-paragraph\">\u00cdndice Geral: 0,805<br \/>Longevidade: 0,860<br \/>Educa\u00e7\u00e3o: 0,798<br \/>Renda: 0,760<\/p>\n<h4 class=\"wp-block-heading\">Veja a classifica\u00e7\u00e3o de muito alto desenvolvimento urbano desagregada por ra\u00e7a\/cor e sexo em 2024<\/h4>\n<p class=\"wp-block-paragraph\"><strong>IDM Geral<\/strong><br \/>Homem: 0,847<br \/>Mulher: 0,818<br \/>Branco: 0.870<br \/>Negro: 0,809<\/p>\n<p class=\"wp-block-paragraph\"><strong>IDHM Longevidade<\/strong><br \/>Homem: 0,814<br \/>Mulher: 0,917<br \/>Branco: 0,917<br \/>Negro: 0,857<\/p>\n<p class=\"wp-block-paragraph\"><strong>IDHM Educa\u00e7\u00e3o<\/strong><br \/>Homem: 0,845<br \/>Mulher: 0,856<br \/>Branco: 0,867<br \/>Negro: 0,827<\/p>\n<p class=\"wp-block-paragraph\"><strong>IDHM Renda<\/strong><br \/>Homem: 0,883<br \/>Branco: 0,828<\/p>\n<\/p><\/div>\n<p><br \/>\n<br \/><a href=\"https:\/\/www.agenciasp.sp.gov.br\/estado-de-sp-atinge-maior-patamar-de-desenvolvimento-humano-em-13-anos\/\" rel=\"noopener\">Informa\u00e7\u00f5es GOV.SP<\/a><\/p>\n","protected":false},"excerpt":{"rendered":"<p>O estado de S\u00e3o Paulo atingiu o maior patamar de desenvolvimento humano em 2024, segundo relat\u00f3rio Radar IDHM, do Programa das Na\u00e7\u00f5es Unidas para o Desenvolvimento (Pnud). O \u00edndice foi o maior desde o in\u00edcio da s\u00e9rie hist\u00f3rica, em 2012. O IDHM de SP foi de 0,838, maior que o do Brasil, que ficou em [&hellip;]<\/p>\n","protected":false},"author":1,"featured_media":62857,"comment_status":"","ping_status":"open","sticky":false,"template":"","format":"standard","meta":{"_jetpack_newsletter_access":"","_jetpack_dont_email_post_to_subs":false,"_jetpack_newsletter_tier_id":0,"_jetpack_memberships_contains_paywalled_content":false,"_mbp_banners":[],"_jetpack_feature_clip_id":0,"_jetpack_memberships_contains_paid_content":false,"footnotes":"","jetpack_publicize_message":"","jetpack_publicize_feature_enabled":true,"jetpack_social_post_already_shared":true,"jetpack_social_options":{"image_generator_settings":{"template":"highway","default_image_id":0,"font":"","enabled":false},"version":2},"jetpack_post_was_ever_published":false},"categories":[21],"tags":[],"class_list":["post-67353","post","type-post","status-publish","format-standard","has-post-thumbnail","category-sp-news"],"jetpack_publicize_connections":[],"jetpack-related-posts":[],"jetpack_shortlink":"https:\/\/wp.me\/p7Eq1F-hwl","jetpack_sharing_enabled":true,"jetpack_featured_media_url":"https:\/\/i0.wp.com\/guialimeira.com.br\/news\/wp-content\/uploads\/2026\/04\/Estado-de-SP-chega-a-46-milhoes-de-habitantes-diz.jpg?fit=1200%2C630&ssl=1","_links":{"self":[{"href":"https:\/\/guialimeira.com.br\/news\/wp-json\/wp\/v2\/posts\/67353","targetHints":{"allow":["GET"]}}],"collection":[{"href":"https:\/\/guialimeira.com.br\/news\/wp-json\/wp\/v2\/posts"}],"about":[{"href":"https:\/\/guialimeira.com.br\/news\/wp-json\/wp\/v2\/types\/post"}],"author":[{"embeddable":true,"href":"https:\/\/guialimeira.com.br\/news\/wp-json\/wp\/v2\/users\/1"}],"replies":[{"embeddable":true,"href":"https:\/\/guialimeira.com.br\/news\/wp-json\/wp\/v2\/comments?post=67353"}],"version-history":[{"count":0,"href":"https:\/\/guialimeira.com.br\/news\/wp-json\/wp\/v2\/posts\/67353\/revisions"}],"wp:featuredmedia":[{"embeddable":true,"href":"https:\/\/guialimeira.com.br\/news\/wp-json\/wp\/v2\/media\/62857"}],"wp:attachment":[{"href":"https:\/\/guialimeira.com.br\/news\/wp-json\/wp\/v2\/media?parent=67353"}],"wp:term":[{"taxonomy":"category","embeddable":true,"href":"https:\/\/guialimeira.com.br\/news\/wp-json\/wp\/v2\/categories?post=67353"},{"taxonomy":"post_tag","embeddable":true,"href":"https:\/\/guialimeira.com.br\/news\/wp-json\/wp\/v2\/tags?post=67353"}],"curies":[{"name":"wp","href":"https:\/\/api.w.org\/{rel}","templated":true}]}}