{"id":67338,"date":"2026-05-30T02:07:23","date_gmt":"2026-05-30T05:07:23","guid":{"rendered":"https:\/\/guialimeira.com.br\/?p=67338"},"modified":"2026-05-30T02:07:23","modified_gmt":"2026-05-30T05:07:23","slug":"frota-da-saude-recebe-nova-ambulancia-em-cordeiropolis-prefeitura-municipal-de-cordeiropolis-2","status":"publish","type":"post","link":"https:\/\/guialimeira.com.br\/news\/frota-da-saude-recebe-nova-ambulancia-em-cordeiropolis-prefeitura-municipal-de-cordeiropolis-2\/","title":{"rendered":"Frota da sa\u00fade recebe nova ambul\u00e2ncia em Cordeir\u00f3polis \u2013 Prefeitura Municipal de Cordeir\u00f3polis"},"content":{"rendered":"<p> <br \/>\n<\/p>\n<div>\n<p>A prefeita Cristina Saad e o vice-prefeito Anderson Hespanhol Pique entregaram, nesta quinta-feira (16), uma nova ambul\u00e2ncia de suporte b\u00e1sico, da marca Renault, \u00e0 Secretaria de Sa\u00fade de Cordeir\u00f3polis. A ambul\u00e2ncia foi destina ao munic\u00edpio pelo Governo do Estado de S\u00e3o Paulo. A entrega ocorreu na pra\u00e7a Francisco Orlando Stocco, em frente \u00e0 prefeitura.<\/p>\n<p>\u201cAgrade\u00e7o ao deputado estadual Alex da Madureira e ao governador Tarc\u00edsio de Freitas pela parceria com Cordeir\u00f3polis. Os la\u00e7os com o Governo Estadual est\u00e3o cada vez mais estreitos, e isso significa mais investimentos na nossa cidade\u201d, afirmou Cristina Saad. \u201cA chegada dessa ambul\u00e2ncia \u00e9 resultado de uma uni\u00e3o de v\u00e1rias pessoas pelo bem de Cordeir\u00f3polis\u201d, comentou Pique.<\/p>\n<p>\u201cA ambul\u00e2ncia \u00e9 um equipamento essencial dentro da rede de aten\u00e7\u00e3o \u00e0 sa\u00fade, pois garante agilidade e seguran\u00e7a no transporte dos nossos pacientes\u201d, destacou a secret\u00e1ria de Sa\u00fade, Regiane Portes Mendes, que tamb\u00e9m refor\u00e7ou os investimentos feitos na frota, na capacita\u00e7\u00e3o das equipes e da humaniza\u00e7\u00e3o do atendimento na rede p\u00fablica.<\/p>\n<p>Participaram da entrega, o presidente da C\u00e2mara, vereador Paulo C\u00e9sar Morais, e os vereadores Vilson Caleffi, Deize Bettin, Sidnei Gambaro, Cicero Saraiva, Valmir Sanches e Rozimar Rodrigues \u2013 que \u00e9 motorista de carreira na Secretaria de Sa\u00fade. Tamb\u00e9m estiveram presentes secret\u00e1rios municipais, servidores e outras autoridades.<\/p>\n<figure class=\"wp-block-gallery has-nested-images columns-default is-cropped wp-block-gallery-1 is-layout-flex wp-block-gallery-is-layout-flex\">\n<figure class=\"wp-block-image size-large\"><\/figure>\n<figure class=\"wp-block-image size-large\"><img data-recalc-dims=\"1\" decoding=\"async\" loading=\"lazy\" width=\"696\" height=\"392\" data-id=\"32521\" src=\"https:\/\/i0.wp.com\/guialimeira.com.br\/wp-content\/uploads\/2026\/05\/Frota-da-saude-recebe-nova-ambulancia-em-Cordeiropolis-%E2%80%93-Prefeitura.jpeg?resize=696%2C392&#038;ssl=1\" alt=\"\" class=\"wp-image-32521\" \/><\/figure>\n<figure class=\"wp-block-image size-large\"><img data-recalc-dims=\"1\" decoding=\"async\" loading=\"lazy\" width=\"696\" height=\"392\" data-id=\"32519\" src=\"https:\/\/i0.wp.com\/guialimeira.com.br\/wp-content\/uploads\/2026\/05\/1780117642_656_Frota-da-saude-recebe-nova-ambulancia-em-Cordeiropolis-%E2%80%93-Prefeitura.jpeg?resize=696%2C392&#038;ssl=1\" alt=\"\" class=\"wp-image-32519\" \/><\/figure>\n<\/figure><\/div>\n<p><br \/>\n<br \/><a href=\"https:\/\/cordeiropolis.sp.gov.br\/frota-da-saude-recebe-nova-ambulancia-em-cordeiropolis\/\" rel=\"noopener\">Informa\u00e7\u00f5es Cordeir\u00f3polis <\/a><\/p>\n","protected":false},"excerpt":{"rendered":"<p>A prefeita Cristina Saad e o vice-prefeito Anderson Hespanhol Pique entregaram, nesta quinta-feira (16), uma nova ambul\u00e2ncia de suporte b\u00e1sico, da marca Renault, \u00e0 Secretaria de Sa\u00fade de Cordeir\u00f3polis. A ambul\u00e2ncia foi destina ao munic\u00edpio pelo Governo do Estado de S\u00e3o Paulo. A entrega ocorreu na pra\u00e7a Francisco Orlando Stocco, em frente \u00e0 prefeitura. \u201cAgrade\u00e7o [&hellip;]<\/p>\n","protected":false},"author":1,"featured_media":67339,"comment_status":"closed","ping_status":"open","sticky":false,"template":"","format":"standard","meta":{"_jetpack_newsletter_access":"","_jetpack_dont_email_post_to_subs":false,"_jetpack_newsletter_tier_id":0,"_jetpack_memberships_contains_paywalled_content":false,"_mbp_banners":[],"_jetpack_feature_clip_id":0,"_jetpack_memberships_contains_paid_content":false,"footnotes":"","jetpack_publicize_message":"","jetpack_publicize_feature_enabled":true,"jetpack_social_post_already_shared":true,"jetpack_social_options":{"image_generator_settings":{"template":"highway","default_image_id":0,"font":"","enabled":false},"version":2},"jetpack_post_was_ever_published":false},"categories":[20],"tags":[],"class_list":["post-67338","post","type-post","status-publish","format-standard","has-post-thumbnail","category-regiao"],"jetpack_publicize_connections":[],"jetpack-related-posts":[],"jetpack_shortlink":"https:\/\/wp.me\/p7Eq1F-hw6","jetpack_sharing_enabled":true,"jetpack_featured_media_url":"https:\/\/i0.wp.com\/guialimeira.com.br\/news\/wp-content\/uploads\/2026\/05\/Frota-da-saude-recebe-nova-ambulancia-em-Cordeiropolis-%E2%80%93-Prefeitura.jpg?fit=1024%2C576&ssl=1","_links":{"self":[{"href":"https:\/\/guialimeira.com.br\/news\/wp-json\/wp\/v2\/posts\/67338","targetHints":{"allow":["GET"]}}],"collection":[{"href":"https:\/\/guialimeira.com.br\/news\/wp-json\/wp\/v2\/posts"}],"about":[{"href":"https:\/\/guialimeira.com.br\/news\/wp-json\/wp\/v2\/types\/post"}],"author":[{"embeddable":true,"href":"https:\/\/guialimeira.com.br\/news\/wp-json\/wp\/v2\/users\/1"}],"replies":[{"embeddable":true,"href":"https:\/\/guialimeira.com.br\/news\/wp-json\/wp\/v2\/comments?post=67338"}],"version-history":[{"count":1,"href":"https:\/\/guialimeira.com.br\/news\/wp-json\/wp\/v2\/posts\/67338\/revisions"}],"predecessor-version":[{"id":67340,"href":"https:\/\/guialimeira.com.br\/news\/wp-json\/wp\/v2\/posts\/67338\/revisions\/67340"}],"wp:featuredmedia":[{"embeddable":true,"href":"https:\/\/guialimeira.com.br\/news\/wp-json\/wp\/v2\/media\/67339"}],"wp:attachment":[{"href":"https:\/\/guialimeira.com.br\/news\/wp-json\/wp\/v2\/media?parent=67338"}],"wp:term":[{"taxonomy":"category","embeddable":true,"href":"https:\/\/guialimeira.com.br\/news\/wp-json\/wp\/v2\/categories?post=67338"},{"taxonomy":"post_tag","embeddable":true,"href":"https:\/\/guialimeira.com.br\/news\/wp-json\/wp\/v2\/tags?post=67338"}],"curies":[{"name":"wp","href":"https:\/\/api.w.org\/{rel}","templated":true}]}}