{"id":67331,"date":"2026-05-30T01:05:42","date_gmt":"2026-05-30T04:05:42","guid":{"rendered":"https:\/\/guialimeira.com.br\/?p=67331"},"modified":"2026-05-30T01:05:42","modified_gmt":"2026-05-30T04:05:42","slug":"cordeiropolis-tem-novo-secretario-de-servicos-publicos-prefeitura-municipal-de-cordeiropolis-2","status":"publish","type":"post","link":"https:\/\/guialimeira.com.br\/news\/cordeiropolis-tem-novo-secretario-de-servicos-publicos-prefeitura-municipal-de-cordeiropolis-2\/","title":{"rendered":"Cordeir\u00f3polis tem novo secret\u00e1rio de Servi\u00e7os P\u00fablicos \u2013 Prefeitura Municipal de Cordeir\u00f3polis"},"content":{"rendered":"<p> <br \/>\n<\/p>\n<div>\n<p>A Secretaria de Servi\u00e7os P\u00fablicos de Cordeir\u00f3polis passou a ser dirigida pelo servidor efetivo Paulo Nunes Lima. Fiscal de obras h\u00e1 18 anos, ele assume o lugar de Marinildo Proc\u00f3pio, o Nil, e Marco Gomes, presidente do SAAE que estava interinamente \u00e0 frente do cargo. O an\u00fancio foi feito nesta quinta-feira (16) pela prefeita Cristina Saad, que visitou a Secretaria para informar a mudan\u00e7a.<\/p>\n<p>\u201cQuero agradecer ao Nil que esteve \u00e0 frente da pasta desde o in\u00edcio do governo, e ao Marco Gomes, que assumiu a fun\u00e7\u00e3o interinamente. Ambos fizeram a diferen\u00e7a na SSP. Desejo muita sorte ao Paulo, que \u00e9 um servidor de carreira h\u00e1 18 anos e far\u00e1 um \u00f3timo trabalho na secretaria. Com a chegada dele, tr\u00eas dos nossos secret\u00e1rios s\u00e3o servidores efetivos\u201d, afirmou a prefeita.<\/p>\n<\/p><\/div>\n<p><br \/>\n<br \/><a href=\"https:\/\/cordeiropolis.sp.gov.br\/cordeiropolis-tem-novo-secretario-de-servicos-publicos\/\" rel=\"noopener\">Informa\u00e7\u00f5es Cordeir\u00f3polis <\/a><\/p>\n","protected":false},"excerpt":{"rendered":"<p>A Secretaria de Servi\u00e7os P\u00fablicos de Cordeir\u00f3polis passou a ser dirigida pelo servidor efetivo Paulo Nunes Lima. Fiscal de obras h\u00e1 18 anos, ele assume o lugar de Marinildo Proc\u00f3pio, o Nil, e Marco Gomes, presidente do SAAE que estava interinamente \u00e0 frente do cargo. O an\u00fancio foi feito nesta quinta-feira (16) pela prefeita Cristina [&hellip;]<\/p>\n","protected":false},"author":1,"featured_media":0,"comment_status":"closed","ping_status":"open","sticky":false,"template":"","format":"standard","meta":{"_jetpack_newsletter_access":"","_jetpack_dont_email_post_to_subs":false,"_jetpack_newsletter_tier_id":0,"_jetpack_memberships_contains_paywalled_content":false,"_mbp_banners":[],"_jetpack_feature_clip_id":0,"_jetpack_memberships_contains_paid_content":false,"footnotes":"","jetpack_publicize_message":"","jetpack_publicize_feature_enabled":true,"jetpack_social_post_already_shared":true,"jetpack_social_options":{"image_generator_settings":{"template":"highway","default_image_id":0,"font":"","enabled":false},"version":2},"jetpack_post_was_ever_published":false},"categories":[20],"tags":[],"class_list":["post-67331","post","type-post","status-publish","format-standard","category-regiao"],"jetpack_publicize_connections":[],"jetpack-related-posts":[],"jetpack_shortlink":"https:\/\/wp.me\/p7Eq1F-hvZ","jetpack_sharing_enabled":true,"jetpack_featured_media_url":"","_links":{"self":[{"href":"https:\/\/guialimeira.com.br\/news\/wp-json\/wp\/v2\/posts\/67331","targetHints":{"allow":["GET"]}}],"collection":[{"href":"https:\/\/guialimeira.com.br\/news\/wp-json\/wp\/v2\/posts"}],"about":[{"href":"https:\/\/guialimeira.com.br\/news\/wp-json\/wp\/v2\/types\/post"}],"author":[{"embeddable":true,"href":"https:\/\/guialimeira.com.br\/news\/wp-json\/wp\/v2\/users\/1"}],"replies":[{"embeddable":true,"href":"https:\/\/guialimeira.com.br\/news\/wp-json\/wp\/v2\/comments?post=67331"}],"version-history":[{"count":1,"href":"https:\/\/guialimeira.com.br\/news\/wp-json\/wp\/v2\/posts\/67331\/revisions"}],"predecessor-version":[{"id":67332,"href":"https:\/\/guialimeira.com.br\/news\/wp-json\/wp\/v2\/posts\/67331\/revisions\/67332"}],"wp:attachment":[{"href":"https:\/\/guialimeira.com.br\/news\/wp-json\/wp\/v2\/media?parent=67331"}],"wp:term":[{"taxonomy":"category","embeddable":true,"href":"https:\/\/guialimeira.com.br\/news\/wp-json\/wp\/v2\/categories?post=67331"},{"taxonomy":"post_tag","embeddable":true,"href":"https:\/\/guialimeira.com.br\/news\/wp-json\/wp\/v2\/tags?post=67331"}],"curies":[{"name":"wp","href":"https:\/\/api.w.org\/{rel}","templated":true}]}}