{"id":67325,"date":"2026-05-30T00:04:40","date_gmt":"2026-05-30T03:04:40","guid":{"rendered":"https:\/\/guialimeira.com.br\/?p=67325"},"modified":"2026-05-30T00:04:40","modified_gmt":"2026-05-30T03:04:40","slug":"cordeiropolis-recebe-novo-veiculo-para-funeraria-municipal-prefeitura-municipal-de-cordeiropolis-2","status":"publish","type":"post","link":"https:\/\/guialimeira.com.br\/news\/cordeiropolis-recebe-novo-veiculo-para-funeraria-municipal-prefeitura-municipal-de-cordeiropolis-2\/","title":{"rendered":"Cordeir\u00f3polis recebe novo ve\u00edculo para funer\u00e1ria municipal \u2013 Prefeitura Municipal de Cordeir\u00f3polis"},"content":{"rendered":"<p> <br \/>\n<\/p>\n<div>\n<p>Cordeir\u00f3polis recebeu um novo ve\u00edculo, zero quil\u00f4metro, para a funer\u00e1ria municipal. O carro foi adquirido com uma emenda do deputado estadual Rafael Saraiva, a pedido do chefe de Gabinete, Denis Suidedos, e contrapartida do munic\u00edpio. Em janeiro de 2025, o parlamentar esteve em Cordeir\u00f3polis e confirmou a emenda em encontro com a prefeita Cristina Saad, o vice-prefeito Anderson Hespanhol Pique e Suidedos.<\/p>\n<p>O ve\u00edculo passar\u00e1 pelos processos de revis\u00e3o e identifica\u00e7\u00e3o e, ent\u00e3o, ficar\u00e1 \u00e0 disposi\u00e7\u00e3o da popula\u00e7\u00e3o e do servi\u00e7o funer\u00e1rio municipal. \u201cMinha gratid\u00e3o ao deputado Rafael Saraiva que teve a sensibilidade de atender nosso pedido. Esse novo ve\u00edculo traz mais dignidade e respeito \u00e0s fam\u00edlias em um momento de luto e dor\u201d, afirmou a prefeita Cristina Saad.<\/p>\n<p>\u201cImportante agradecer aos servidores das Secretarias de Servi\u00e7os P\u00fablicos, de Administra\u00e7\u00e3o e de Finan\u00e7as, al\u00e9m do NAE, que trabalharam muito para que esse carro chegasse a Cordeir\u00f3polis, atendendo a uma demanda j\u00e1 de muito tempo do Neimar, do Jo\u00e3o e da Gabriela na funer\u00e1ria\u201d, comentou Suidedos, que solicitou a emenda ao deputado no final de 2024. O \u00faltimo ve\u00edculo para o setor foi adquirido h\u00e1 quase 30 anos, na gest\u00e3o do ex-prefeito Elias Abrah\u00e3o Saad.<\/p>\n<\/p><\/div>\n<p><br \/>\n<br \/><a href=\"https:\/\/cordeiropolis.sp.gov.br\/cordeiropolis-recebe-novo-veiculo-para-funeraria-municipal\/\" rel=\"noopener\">Informa\u00e7\u00f5es Cordeir\u00f3polis <\/a><\/p>\n","protected":false},"excerpt":{"rendered":"<p>Cordeir\u00f3polis recebeu um novo ve\u00edculo, zero quil\u00f4metro, para a funer\u00e1ria municipal. O carro foi adquirido com uma emenda do deputado estadual Rafael Saraiva, a pedido do chefe de Gabinete, Denis Suidedos, e contrapartida do munic\u00edpio. Em janeiro de 2025, o parlamentar esteve em Cordeir\u00f3polis e confirmou a emenda em encontro com a prefeita Cristina Saad, [&hellip;]<\/p>\n","protected":false},"author":1,"featured_media":0,"comment_status":"closed","ping_status":"open","sticky":false,"template":"","format":"standard","meta":{"_jetpack_newsletter_access":"","_jetpack_dont_email_post_to_subs":false,"_jetpack_newsletter_tier_id":0,"_jetpack_memberships_contains_paywalled_content":false,"_mbp_banners":[],"_jetpack_feature_clip_id":0,"_jetpack_memberships_contains_paid_content":false,"footnotes":"","jetpack_publicize_message":"","jetpack_publicize_feature_enabled":true,"jetpack_social_post_already_shared":true,"jetpack_social_options":{"image_generator_settings":{"template":"highway","default_image_id":0,"font":"","enabled":false},"version":2},"jetpack_post_was_ever_published":false},"categories":[20],"tags":[],"class_list":["post-67325","post","type-post","status-publish","format-standard","category-regiao"],"jetpack_publicize_connections":[],"jetpack-related-posts":[],"jetpack_shortlink":"https:\/\/wp.me\/p7Eq1F-hvT","jetpack_sharing_enabled":true,"jetpack_featured_media_url":"","_links":{"self":[{"href":"https:\/\/guialimeira.com.br\/news\/wp-json\/wp\/v2\/posts\/67325","targetHints":{"allow":["GET"]}}],"collection":[{"href":"https:\/\/guialimeira.com.br\/news\/wp-json\/wp\/v2\/posts"}],"about":[{"href":"https:\/\/guialimeira.com.br\/news\/wp-json\/wp\/v2\/types\/post"}],"author":[{"embeddable":true,"href":"https:\/\/guialimeira.com.br\/news\/wp-json\/wp\/v2\/users\/1"}],"replies":[{"embeddable":true,"href":"https:\/\/guialimeira.com.br\/news\/wp-json\/wp\/v2\/comments?post=67325"}],"version-history":[{"count":1,"href":"https:\/\/guialimeira.com.br\/news\/wp-json\/wp\/v2\/posts\/67325\/revisions"}],"predecessor-version":[{"id":67326,"href":"https:\/\/guialimeira.com.br\/news\/wp-json\/wp\/v2\/posts\/67325\/revisions\/67326"}],"wp:attachment":[{"href":"https:\/\/guialimeira.com.br\/news\/wp-json\/wp\/v2\/media?parent=67325"}],"wp:term":[{"taxonomy":"category","embeddable":true,"href":"https:\/\/guialimeira.com.br\/news\/wp-json\/wp\/v2\/categories?post=67325"},{"taxonomy":"post_tag","embeddable":true,"href":"https:\/\/guialimeira.com.br\/news\/wp-json\/wp\/v2\/tags?post=67325"}],"curies":[{"name":"wp","href":"https:\/\/api.w.org\/{rel}","templated":true}]}}