{"id":67312,"date":"2026-05-29T22:21:40","date_gmt":"2026-05-30T01:21:40","guid":{"rendered":"https:\/\/guialimeira.com.br\/familias-afetadas-por-explosao-no-jaguare-recebem-chaves-de-apartamentos-mobiliados\/"},"modified":"2026-05-29T22:21:40","modified_gmt":"2026-05-30T01:21:40","slug":"familias-afetadas-por-explosao-no-jaguare-recebem-chaves-de-apartamentos-mobiliados","status":"publish","type":"post","link":"https:\/\/guialimeira.com.br\/news\/familias-afetadas-por-explosao-no-jaguare-recebem-chaves-de-apartamentos-mobiliados\/","title":{"rendered":"Fam\u00edlias afetadas por explos\u00e3o no Jaguar\u00e9 recebem chaves de apartamentos mobiliados"},"content":{"rendered":"<p> <br \/>\n<\/p>\n<div>\n<p class=\"wp-block-paragraph\">Fam\u00edlias que tiveram suas moradias afetadas pela explos\u00e3o ocorrida no dia 11 de maio, no Jaguar\u00e9, zona oeste da capital paulista, receberam nesta sexta-feira (29) as chaves de seus novos apartamentos. Os im\u00f3veis, que foram custeados pela Sabesp e pela Comg\u00e1s, s\u00e3o mobiliados e decorados, ficam no Residencial Reserva Raposo, e t\u00eam sala conjugada com cozinha, \u00e1rea de servi\u00e7o, dois quartos e um banheiro.<\/p>\n<p class=\"wp-block-paragraph\">Nesta sexta-feira, 13 das 15 fam\u00edlias que visitaram os im\u00f3veis por interm\u00e9dio da Companhia Desenvolvimento Habitacional Urbano (CDHU) do Governo de SP na Reserva Raposo escolheram ficar com o apartamento. Outras duas continuar\u00e3o no hotel at\u00e9 decidirem se optam por carta de cr\u00e9dito ou visitam outros im\u00f3veis.<\/p>\n<p class=\"wp-block-paragraph\">\u201cTudo que o Estado e as concession\u00e1rias tem feito \u00e9 para dar seguran\u00e7a e tranquilidade a cada uma das fam\u00edlias depois do que aconteceu\u201d, disse a Secret\u00e1ria de Meio Ambiente, Infraestrutura e Log\u00edstica de S\u00e3o Paulo, Nat\u00e1lia Resende. \u201cEstamos juntos e prontos para acolher e atender cada uma delas.\u201d<\/p>\n<p class=\"wp-block-paragraph\"><strong>LEIA TAMB\u00c9M: <\/strong><a href=\"https:\/\/www.agenciasp.sp.gov.br\/campanha-da-sabesp-da-desconto-para-clientes-que-regularizarem-debitos-ate-30-de-junho\/\" rel=\"noopener\">Campanha da Sabesp d\u00e1 desconto para clientes que regularizarem d\u00e9bitos at\u00e9 30 de junho<\/a><\/p>\n<p class=\"wp-block-paragraph\">O Governo de S\u00e3o Paulo est\u00e1 oferecendo aos moradores afetados alternativas habitacionais como transfer\u00eancia para apartamentos mobiliados, carta de cr\u00e9dito para aquisi\u00e7\u00e3o de im\u00f3vel e aux\u00edlio-aluguel. O custeio das medidas habitacionais e da mob\u00edlia ser\u00e1 de responsabilidade da Sabesp e da Comg\u00e1s. As op\u00e7\u00f5es apresentadas pelo estado t\u00eam o objetivo de agilizar as solu\u00e7\u00f5es para que as fam\u00edlias afetadas possam retomar suas vidas o quanto antes.<\/p>\n<p class=\"wp-block-paragraph\">Desde o acidente, 797 fam\u00edlias afetadas receberam aux\u00edlio emergencial das concession\u00e1rias no valor de R$ 5 mil para despesas imediatas. As an\u00e1lises sobre os danos indicaram a necessidade de reparos em 70 im\u00f3veis, sendo 13 deles j\u00e1 conclu\u00eddos, 31 em execu\u00e7\u00e3o, 3 que come\u00e7ar\u00e3o nos pr\u00f3ximos dias e o restante sem avarias que demandem reforma.<\/p>\n<figure class=\"wp-block-image size-large\"><img data-recalc-dims=\"1\" fetchpriority=\"high\" decoding=\"async\" width=\"696\" height=\"428\" src=\"https:\/\/i0.wp.com\/www.agenciasp.sp.gov.br\/wp-content\/uploads\/2026\/05\/55301116072_b1b0079771_k-1024x629.jpg?resize=696%2C428&#038;ssl=1\" alt=\"\" class=\"wp-image-147992\" srcset=\"https:\/\/www.agenciasp.sp.gov.br\/wp-content\/uploads\/2026\/05\/55301116072_b1b0079771_k-1024x629.jpg 1024w, https:\/\/www.agenciasp.sp.gov.br\/wp-content\/uploads\/2026\/05\/55301116072_b1b0079771_k-300x184.jpg 300w, https:\/\/www.agenciasp.sp.gov.br\/wp-content\/uploads\/2026\/05\/55301116072_b1b0079771_k-768x472.jpg 768w, https:\/\/www.agenciasp.sp.gov.br\/wp-content\/uploads\/2026\/05\/55301116072_b1b0079771_k-1536x943.jpg 1536w, https:\/\/www.agenciasp.sp.gov.br\/wp-content\/uploads\/2026\/05\/55301116072_b1b0079771_k-150x92.jpg 150w, https:\/\/www.agenciasp.sp.gov.br\/wp-content\/uploads\/2026\/05\/55301116072_b1b0079771_k.jpg 2047w\" sizes=\"(max-width: 1024px) 100vw, 1024px\"\/><figcaption class=\"wp-element-caption\">Maria do Carmo foi a primeira a escolher um apartamento. Foto: Fernando Lambert\/Governo Estado SP<\/figcaption><\/figure>\n<p class=\"wp-block-paragraph\">Outras 51 fam\u00edlias receber\u00e3o indeniza\u00e7\u00e3o por conta de danos irrevers\u00edveis nas moradias atingidas pela explos\u00e3o. Dessas, 14 aceitaram os im\u00f3veis da CDHU e outras duas, a carta de cr\u00e9dito. Para 9 delas, a op\u00e7\u00e3o escolhida foi a indeniza\u00e7\u00e3o monet\u00e1ria, 7 escolheram reconstru\u00e7\u00e3o, 2 o valor de mercado como indeniza\u00e7\u00e3o e o restante ainda n\u00e3o definiu a melhor op\u00e7\u00e3o.<\/p>\n<p class=\"wp-block-paragraph\">\u201cO nosso esfor\u00e7o inicial foi em acolher voc\u00eas da melhor forma, para dar algum alento para voc\u00eas sobre tudo que aconteceu. Esperamos que essas casas possam gerar novas mem\u00f3rias, de felicidade e tranquilidade e que cada fam\u00edlia possa reconstruir suas vidas. Pe\u00e7o desculpas em nome da Sabesp por tudo o que ocorreu\u201d, disse Carlos Piani, presidente da concession\u00e1ria. Ele informou que, al\u00e9m dos im\u00f3veis mobiliados e decorados, a Sabesp arcar\u00e1 com um ano de condom\u00ednio e de internet \u00e0s fam\u00edlias.<\/p>\n<p class=\"wp-block-paragraph\"><strong>LEIA TAMB\u00c9M: <\/strong><a href=\"https:\/\/www.agenciasp.sp.gov.br\/tarifa-social-60-mil-moradores-da-regiao-de-franca-recebem-descontos-de-ate-78-na-conta-de-agua\/\" rel=\"noopener\">Tarifa Social: 60 mil moradores da regi\u00e3o de Franca recebem descontos de at\u00e9 78% na conta de \u00e1gua<\/a><\/p>\n<h3 class=\"wp-block-heading\">Acolhimento e \u2018vida nova\u2019 ap\u00f3s a trag\u00e9dia<\/h3>\n<p class=\"wp-block-paragraph\">A aposentada Maria do Carmo foi a primeira a escolher seu apartamento nesta sexta-feira. No Jaguar\u00e9, ela dividia casa com outros nove familiares. Agora, ela vai morar com a filha mais nova, Yasmin. Seus outros dois filhos tamb\u00e9m ganharam apartamentos no Reserva Raposo para morar com suas fam\u00edlias.<\/p>\n<p class=\"wp-block-paragraph\">\u201cQuando \u00e9 que eu ia poder ter um apartamento desse? Nunca. M\u00f3veis maravilhosos, lugar maravilhoso\u201d, disse Maria do Carmo. \u201cA casa em que eu morava era cheia de mofo, n\u00e3o tinha janela nos quartos, era uma escurid\u00e3o. Aquilo me deixava transtornada. Voc\u00ea ia pegar uma roupa, a roupa toda mofada, meus netos estavam sempre doentes. Agora n\u00e3o, olha, tudo limpo! Minha casa agora vai ter luz.\u201d<\/p>\n<p class=\"wp-block-paragraph\">Pronta para a mudan\u00e7a e j\u00e1 com chaves na m\u00e3o, Katlyn Vieira disse estar pronta para a vida nova. \u201cN\u00e3o ficamos desamparados e fomos muito bem assistidos. Vamos come\u00e7ar uma nova rotina neste novo espa\u00e7o para cuidar e zelar\u201d, relatou. Ela se mudar\u00e1 com o marido, Luan da Silva, para o Reserva Raposo. \u201cEsse apartamento estava esperando por n\u00f3s. Nos apaixonamos assim que entramos. Esper\u00e1vamos algo mais simples, mas foi al\u00e9m do que imagin\u00e1vamos. D\u00e1 pra ver que tudo foi pensado com carinho.\u201d<\/p>\n<figure class=\"wp-block-image size-large\"><img data-recalc-dims=\"1\" loading=\"lazy\" decoding=\"async\" width=\"696\" height=\"464\" src=\"https:\/\/i0.wp.com\/www.agenciasp.sp.gov.br\/wp-content\/uploads\/2026\/05\/Sorteio-Jaguare-1024x683.jpg?resize=696%2C464&#038;ssl=1\" alt=\"\" class=\"wp-image-147977\" srcset=\"https:\/\/www.agenciasp.sp.gov.br\/wp-content\/uploads\/2026\/05\/Sorteio-Jaguare-1024x683.jpg 1024w, https:\/\/www.agenciasp.sp.gov.br\/wp-content\/uploads\/2026\/05\/Sorteio-Jaguare-300x200.jpg 300w, https:\/\/www.agenciasp.sp.gov.br\/wp-content\/uploads\/2026\/05\/Sorteio-Jaguare-768x512.jpg 768w, https:\/\/www.agenciasp.sp.gov.br\/wp-content\/uploads\/2026\/05\/Sorteio-Jaguare-1536x1024.jpg 1536w, https:\/\/www.agenciasp.sp.gov.br\/wp-content\/uploads\/2026\/05\/Sorteio-Jaguare-150x100.jpg 150w, https:\/\/www.agenciasp.sp.gov.br\/wp-content\/uploads\/2026\/05\/Sorteio-Jaguare.jpg 2048w\" sizes=\"auto, (max-width: 1024px) 100vw, 1024px\"\/><figcaption class=\"wp-element-caption\">Sorteio definiu a ordem para que cada fam\u00edlia escolhesse seu apartamento. Foto: Fernando Lambert\/Governo Estado SP<\/figcaption><\/figure>\n<p class=\"wp-block-paragraph\">Os im\u00f3veis viabilizados \u00e0s fam\u00edlias ficam em um bairro planejado de 450 mil m\u00b2 e mais de 22 mil unidades habitacionais, com creches, Unidade B\u00e1sica de Sa\u00fade, Centro de Conviv\u00eancia para Idosos, centro comunit\u00e1rio com biblioteca e teatro, com\u00e9rcio, equipes de vigil\u00e2ncia 24h, central de monitoramento integrado \u00e0 Pol\u00edcia Militar e um posto da Guarda Civil Metropolitana.<\/p>\n<p class=\"wp-block-paragraph\">\u201cGostei bastante do bairro, principalmente pela seguran\u00e7a.A seguran\u00e7a da minha filha vem em primeiro lugar\u201d, disse Jackson Jos\u00e9 da Silva, que teve a casa onde morava com a esposa Adrielly e a filha Jade afetada pela explos\u00e3o no Jaguar\u00e9. \u201cGostei muito do apartamento. \u00c9 muito aconchegante e tem uma estrutura muito boa. Melhor que as minhas expectativas. O acidente foi muito dif\u00edcil, mas ningu\u00e9m est\u00e1 nos deixando desamparados.\u201d<\/p>\n<p class=\"wp-block-paragraph\">Depois de 35 anos vivendo no Jaguar\u00e9, Gilberto Rocha Souza diz j\u00e1 sonhar com uma \u201cvida nova\u201d depois da trag\u00e9dia. \u201cO atendimento e o acolhimento est\u00e3o sendo muito bons. Claro que o lado emocional ainda \u00e9 muito complicado pelo que aconteceu, mas as coisas est\u00e3o melhorando. Daqui a alguns meses, estaremos tranquilos e come\u00e7ando uma vida nova. Deus nos deu uma nova oportunidade. Nos surpreendemos com a qualidade do pr\u00e9dio e do apartamento. Um padr\u00e3o muito bom\u201d, afirmou.<\/p>\n<p class=\"wp-block-paragraph\">O Governo de S\u00e3o Paulo mant\u00e9m trabalho conjunto com as concession\u00e1rias Sabesp e Comg\u00e1s no atendimento \u00e0s fam\u00edlias afetadas. Equipes da Defesa Civil, Fundo Social de S\u00e3o Paulo, CDHU, Arsesp e demais \u00f3rg\u00e3os estaduais atuam com a\u00e7\u00f5es de acolhimento, assist\u00eancia humanit\u00e1ria, suporte habitacional e vistorias t\u00e9cnicas nos im\u00f3veis. O governo tamb\u00e9m criou a Ger\u00eancia de Apoio do Jaguar\u00e9, respons\u00e1vel por coordenar as a\u00e7\u00f5es emergenciais voltadas ao atendimento das v\u00edtimas e \u00e0 recupera\u00e7\u00e3o da \u00e1rea atingida.<\/p>\n<figure class=\"wp-block-image size-large\"><img data-recalc-dims=\"1\" loading=\"lazy\" decoding=\"async\" width=\"696\" height=\"464\" src=\"https:\/\/i0.wp.com\/www.agenciasp.sp.gov.br\/wp-content\/uploads\/2026\/05\/Jaguare-chaves-imoveis-1024x683.jpg?resize=696%2C464&#038;ssl=1\" alt=\"\" class=\"wp-image-147975\" srcset=\"https:\/\/www.agenciasp.sp.gov.br\/wp-content\/uploads\/2026\/05\/Jaguare-chaves-imoveis-1024x683.jpg 1024w, https:\/\/www.agenciasp.sp.gov.br\/wp-content\/uploads\/2026\/05\/Jaguare-chaves-imoveis-300x200.jpg 300w, https:\/\/www.agenciasp.sp.gov.br\/wp-content\/uploads\/2026\/05\/Jaguare-chaves-imoveis-768x512.jpg 768w, https:\/\/www.agenciasp.sp.gov.br\/wp-content\/uploads\/2026\/05\/Jaguare-chaves-imoveis-1536x1024.jpg 1536w, https:\/\/www.agenciasp.sp.gov.br\/wp-content\/uploads\/2026\/05\/Jaguare-chaves-imoveis-150x100.jpg 150w, https:\/\/www.agenciasp.sp.gov.br\/wp-content\/uploads\/2026\/05\/Jaguare-chaves-imoveis.jpg 2048w\" sizes=\"auto, (max-width: 1024px) 100vw, 1024px\"\/><figcaption class=\"wp-element-caption\">Fam\u00edlia se emociona com nova moradia. Foto: Fernando Lambert\/Governo Estado SP<\/figcaption><\/figure>\n<\/p><\/div>\n<p><br \/>\n<br \/><a href=\"https:\/\/www.agenciasp.sp.gov.br\/familias-afetadas-por-explosao-no-jaguare-recebem-chaves-de-apartamentos-mobiliados\/\" rel=\"noopener\">Informa\u00e7\u00f5es GOV.SP<\/a><\/p>\n","protected":false},"excerpt":{"rendered":"<p>Fam\u00edlias que tiveram suas moradias afetadas pela explos\u00e3o ocorrida no dia 11 de maio, no Jaguar\u00e9, zona oeste da capital paulista, receberam nesta sexta-feira (29) as chaves de seus novos apartamentos. Os im\u00f3veis, que foram custeados pela Sabesp e pela Comg\u00e1s, s\u00e3o mobiliados e decorados, ficam no Residencial Reserva Raposo, e t\u00eam sala conjugada com [&hellip;]<\/p>\n","protected":false},"author":1,"featured_media":67313,"comment_status":"","ping_status":"open","sticky":false,"template":"","format":"standard","meta":{"_jetpack_newsletter_access":"","_jetpack_dont_email_post_to_subs":false,"_jetpack_newsletter_tier_id":0,"_jetpack_memberships_contains_paywalled_content":false,"_mbp_banners":[],"_jetpack_feature_clip_id":0,"_jetpack_memberships_contains_paid_content":false,"footnotes":"","jetpack_publicize_message":"","jetpack_publicize_feature_enabled":true,"jetpack_social_post_already_shared":true,"jetpack_social_options":{"image_generator_settings":{"template":"highway","default_image_id":0,"font":"","enabled":false},"version":2},"jetpack_post_was_ever_published":false},"categories":[21],"tags":[],"class_list":["post-67312","post","type-post","status-publish","format-standard","has-post-thumbnail","category-sp-news"],"jetpack_publicize_connections":[],"jetpack-related-posts":[],"jetpack_shortlink":"https:\/\/wp.me\/p7Eq1F-hvG","jetpack_sharing_enabled":true,"jetpack_featured_media_url":"https:\/\/i0.wp.com\/guialimeira.com.br\/news\/wp-content\/uploads\/2026\/05\/Familias-afetadas-por-explosao-no-Jaguare-recebem-chaves-de-apartamentos.jpg?fit=1024%2C629&ssl=1","_links":{"self":[{"href":"https:\/\/guialimeira.com.br\/news\/wp-json\/wp\/v2\/posts\/67312","targetHints":{"allow":["GET"]}}],"collection":[{"href":"https:\/\/guialimeira.com.br\/news\/wp-json\/wp\/v2\/posts"}],"about":[{"href":"https:\/\/guialimeira.com.br\/news\/wp-json\/wp\/v2\/types\/post"}],"author":[{"embeddable":true,"href":"https:\/\/guialimeira.com.br\/news\/wp-json\/wp\/v2\/users\/1"}],"replies":[{"embeddable":true,"href":"https:\/\/guialimeira.com.br\/news\/wp-json\/wp\/v2\/comments?post=67312"}],"version-history":[{"count":0,"href":"https:\/\/guialimeira.com.br\/news\/wp-json\/wp\/v2\/posts\/67312\/revisions"}],"wp:featuredmedia":[{"embeddable":true,"href":"https:\/\/guialimeira.com.br\/news\/wp-json\/wp\/v2\/media\/67313"}],"wp:attachment":[{"href":"https:\/\/guialimeira.com.br\/news\/wp-json\/wp\/v2\/media?parent=67312"}],"wp:term":[{"taxonomy":"category","embeddable":true,"href":"https:\/\/guialimeira.com.br\/news\/wp-json\/wp\/v2\/categories?post=67312"},{"taxonomy":"post_tag","embeddable":true,"href":"https:\/\/guialimeira.com.br\/news\/wp-json\/wp\/v2\/tags?post=67312"}],"curies":[{"name":"wp","href":"https:\/\/api.w.org\/{rel}","templated":true}]}}