{"id":67302,"date":"2026-05-29T20:19:19","date_gmt":"2026-05-29T23:19:19","guid":{"rendered":"https:\/\/guialimeira.com.br\/capital-paulista-zera-feminicidios-em-abril-e-alcanca-resultado-que-nao-ocorria-desde-2023\/"},"modified":"2026-05-29T20:19:19","modified_gmt":"2026-05-29T23:19:19","slug":"capital-paulista-zera-feminicidios-em-abril-e-alcanca-resultado-que-nao-ocorria-desde-2023","status":"publish","type":"post","link":"https:\/\/guialimeira.com.br\/news\/capital-paulista-zera-feminicidios-em-abril-e-alcanca-resultado-que-nao-ocorria-desde-2023\/","title":{"rendered":"Capital paulista zera feminic\u00eddios em abril e alcan\u00e7a resultado que n\u00e3o ocorria desde 2023"},"content":{"rendered":"<p> <br \/>\n<br \/><img data-recalc-dims=\"1\" decoding=\"async\" src=\"https:\/\/i0.wp.com\/www.agenciasp.sp.gov.br\/wp-content\/uploads\/2023\/11\/55030932931_2939e6c6e1_k-e1772650916943.jpg?w=696&#038;ssl=1\" \/><\/p>\n<div>\n<p class=\"wp-block-paragraph\">A cidade de S\u00e3o Paulo zerou os casos de feminic\u00eddio no m\u00eas de abril deste ano, resultado que n\u00e3o era alcan\u00e7ado desde janeiro de 2023. Segundo a Secretaria da Seguran\u00e7a P\u00fablica do estado, em abril do ano passado, a cidade havia registrado seis mortes de mulheres. No acumulado do ano, a capital tamb\u00e9m apresentou queda nos casos. Entre janeiro e abril, aconteceram 17 feminic\u00eddios, contra 23 no mesmo per\u00edodo de 2025.<\/p>\n<p class=\"wp-block-paragraph\">Para representantes das pol\u00edcias Civil e Militar, os resultados refletem o refor\u00e7o das a\u00e7\u00f5es de combate \u00e0 viol\u00eancia contra a mulher desenvolvidas pelo Governo de S\u00e3o Paulo, que vem ampliando opera\u00e7\u00f5es investigativas, programas de acolhimento e mecanismos de prote\u00e7\u00e3o \u00e0s v\u00edtimas em todas as regi\u00f5es do estado.<\/p>\n<p class=\"wp-block-paragraph\">\u201cCada caso evitado representa uma vida preservada e uma mulher que conseguiu romper o ciclo da viol\u00eancia antes que a situa\u00e7\u00e3o chegasse ao extremo. Esse resultado mostra a import\u00e2ncia de fortalecer os canais de den\u00fancia, o acolhimento especializado e a atua\u00e7\u00e3o integrada das for\u00e7as de seguran\u00e7a\u201d, afirmou a delegada Cristiane Braga, coordenadora das Delegacias de Defesa da Mulher (DDM) do estado.<\/p>\n<p class=\"wp-block-paragraph\"><strong>*Feminic\u00eddios s\u00e3o monitorados para direcionar a\u00e7\u00f5es*<\/strong><\/p>\n<p class=\"wp-block-paragraph\">No estado de S\u00e3o Paulo, abril manteve o mesmo n\u00famero de feminic\u00eddios registrados no ano passado, com 20 ocorr\u00eancias. No acumulado dos quatro meses, os casos passaram de 81 para 106 feminic\u00eddios. O aumento foi puxado principalmente pelo interior paulista, que registrou 76 mortes entre janeiro e abril deste ano, contra 44 no mesmo per\u00edodo de 2025.<\/p>\n<p class=\"wp-block-paragraph\">J\u00e1 na regi\u00e3o metropolitana de S\u00e3o Paulo, os casos passaram de 14 para 13 no acumulado do quadrimestre. Em abril, foram tr\u00eas feminic\u00eddios.<\/p>\n<p class=\"wp-block-paragraph\">As estat\u00edsticas criminais s\u00e3o analisadas de forma segmentada pelas equipes t\u00e9cnicas e operacionais, considerando recortes regionais, sociais e perfis das v\u00edtimas para direcionar a\u00e7\u00f5es mais efetivas de preven\u00e7\u00e3o e enfrentamento \u00e0 viol\u00eancia de g\u00eanero no \u00e2mbito das Delegacias de Defesa da Mulher do estado.<\/p>\n<p class=\"wp-block-paragraph\">\u201cOs dados mostram a import\u00e2ncia do fortalecimento das pol\u00edticas p\u00fablicas de prote\u00e7\u00e3o \u00e0s mulheres e da atua\u00e7\u00e3o integrada das for\u00e7as de seguran\u00e7a. Temos ampliado opera\u00e7\u00f5es, canais de den\u00fancia, monitoramento de agressores e programas de acolhimento para agir de forma preventiva e garantir respostas r\u00e1pidas \u00e0s v\u00edtimas. O enfrentamento \u00e0 viol\u00eancia contra a mulher \u00e9 prioridade da gest\u00e3o e exige a\u00e7\u00e3o permanente do estado para preservar vidas e romper ciclos de viol\u00eancia\u201d, destacou o secret\u00e1rio da Seguran\u00e7a P\u00fablica, Osvaldo Nico Gon\u00e7alves.<\/p>\n<p class=\"wp-block-paragraph\"><strong>*Prender agressores para proteger mulheres*<\/strong><\/p>\n<p class=\"wp-block-paragraph\">O Governo de S\u00e3o Paulo intensificou as a\u00e7\u00f5es voltadas ao combate da viol\u00eancia dom\u00e9stica e \u00e0 pris\u00e3o de agressores.<\/p>\n<p class=\"wp-block-paragraph\">Em fevereiro, uma opera\u00e7\u00e3o integrada entre a SSP e a Secretaria de Pol\u00edticas para a Mulher prendeu 430 agressores durante opera\u00e7\u00e3o realizada \u00e0s v\u00e9speras do Carnaval em todo o estado, por exemplo. J\u00e1 em maio, a Opera\u00e7\u00e3o H\u00e9stia cumpriu mandados de pris\u00e3o, busca e apreens\u00e3o contra foragidos investigados por viol\u00eancia contra a mulher. A ofensiva resultou na pris\u00e3o de 20 procurados em diferentes regi\u00f5es da capital paulista.<\/p>\n<p class=\"wp-block-paragraph\">\u201cTemos ampliado o policiamento especializado e investido em intelig\u00eancia para identificar situa\u00e7\u00f5es de risco antes que a viol\u00eancia evolua para crimes mais graves. O enfrentamento ao feminic\u00eddio exige presen\u00e7a do estado, resposta r\u00e1pida e prote\u00e7\u00e3o cont\u00ednua \u00e0s v\u00edtimas\u201d, destacou a coronel Glauce Anselmo Cavalli, comandante-geral da Pol\u00edcia Militar.<\/p>\n<p class=\"wp-block-paragraph\"><strong>*Rede garante acolhimento e prote\u00e7\u00e3o \u00e0s v\u00edtimas*<\/strong><\/p>\n<p class=\"wp-block-paragraph\">S\u00e3o Paulo foi o primeiro estado do pa\u00eds a criar uma Delegacia de Defesa da Mulher (DDM). Atualmente, o estado conta com 144 unidades especializadas, al\u00e9m da DDM Online e das Salas DDMs Online, ampliando o acesso das v\u00edtimas ao atendimento policial especializado, acolhimento e solicita\u00e7\u00e3o de medidas protetivas.<\/p>\n<p class=\"wp-block-paragraph\">Outro equipamento fundamental \u00e9 a Cabine Lil\u00e1s. Implantada inicialmente na capital paulista em 2024 e expandida para todo o estado, a iniciativa direciona chamadas de viol\u00eancia dom\u00e9stica feitas ao 190 para policiais femininas capacitadas para orientar e acolher as v\u00edtimas, al\u00e9m de acionar viaturas e apresentar os servi\u00e7os dispon\u00edveis para romper o ciclo de viol\u00eancia.<\/p>\n<p class=\"wp-block-paragraph\">Lan\u00e7ado em 2024, o Aplicativo SP Mulher Segura, re\u00fane servi\u00e7os de prote\u00e7\u00e3o \u00e0s mulheres em um \u00fanico ambiente digital, permitindo registro de ocorr\u00eancia, acionamento emergencial da Pol\u00edcia Militar e acesso facilitado aos canais de apoio.<\/p>\n<p class=\"wp-block-paragraph\">O Monitoramento de agressores com tornozeleira eletr\u00f4nica \u00e9 outra a\u00e7\u00e3o exitosa que est\u00e1 sendo refor\u00e7ada. Em abril deste ano, o Governo de S\u00e3o Paulo e o Tribunal de Justi\u00e7a assinaram um acordo para ampliar o monitoramento eletr\u00f4nico de agressores para todo o estado. Atualmente, h\u00e1 1.250 equipamentos dispon\u00edveis entre tornozeleiras e dispositivos de acompanhamento.<\/p>\n<p class=\"wp-block-paragraph\">Criada em maio deste ano, a Patrulha SP Mulher Segura \u00e9 uma for\u00e7a especializada da Pol\u00edcia Militar que atua de forma ostensiva e preventiva em casos de viol\u00eancia dom\u00e9stica, especialmente em ocorr\u00eancias relacionadas \u00e0 Cabine Lil\u00e1s e aos acionamentos do bot\u00e3o do p\u00e2nico do aplicativo SP Mulher Segura.<\/p>\n<p class=\"wp-block-paragraph\">Tamb\u00e9m lan\u00e7ado neste ano, o programa Espa\u00e7o Lil\u00e1s prev\u00ea a instala\u00e7\u00e3o de estruturas especializadas dentro de batalh\u00f5es, companhias e unidades da PM para fortalecer o acolhimento e o atendimento de mulheres em situa\u00e7\u00e3o de viol\u00eancia dom\u00e9stica e familiar.<\/p>\n<\/p><\/div>\n<p><br \/>\n<br \/><a href=\"https:\/\/www.agenciasp.sp.gov.br\/capital-paulista-zera-feminicidios-em-abril-e-alcanca-resultado-que-nao-ocorria-desde-2023\/\" rel=\"noopener\">Informa\u00e7\u00f5es GOV.SP<\/a><\/p>\n","protected":false},"excerpt":{"rendered":"<p>A cidade de S\u00e3o Paulo zerou os casos de feminic\u00eddio no m\u00eas de abril deste ano, resultado que n\u00e3o era alcan\u00e7ado desde janeiro de 2023. Segundo a Secretaria da Seguran\u00e7a P\u00fablica do estado, em abril do ano passado, a cidade havia registrado seis mortes de mulheres. No acumulado do ano, a capital tamb\u00e9m apresentou queda [&hellip;]<\/p>\n","protected":false},"author":1,"featured_media":57257,"comment_status":"","ping_status":"open","sticky":false,"template":"","format":"standard","meta":{"_jetpack_newsletter_access":"","_jetpack_dont_email_post_to_subs":false,"_jetpack_newsletter_tier_id":0,"_jetpack_memberships_contains_paywalled_content":false,"_mbp_banners":[],"_jetpack_feature_clip_id":0,"_jetpack_memberships_contains_paid_content":false,"footnotes":"","jetpack_publicize_message":"","jetpack_publicize_feature_enabled":true,"jetpack_social_post_already_shared":true,"jetpack_social_options":{"image_generator_settings":{"template":"highway","default_image_id":0,"font":"","enabled":false},"version":2},"jetpack_post_was_ever_published":false},"categories":[21],"tags":[],"class_list":["post-67302","post","type-post","status-publish","format-standard","has-post-thumbnail","category-sp-news"],"jetpack_publicize_connections":[],"jetpack-related-posts":[],"jetpack_shortlink":"https:\/\/wp.me\/p7Eq1F-hvw","jetpack_sharing_enabled":true,"jetpack_featured_media_url":"https:\/\/i0.wp.com\/guialimeira.com.br\/news\/wp-content\/uploads\/2026\/03\/Pedidos-de-medida-protetiva-cresceram-175-em-SP-entenda-como.jpg?fit=2048%2C1188&ssl=1","_links":{"self":[{"href":"https:\/\/guialimeira.com.br\/news\/wp-json\/wp\/v2\/posts\/67302","targetHints":{"allow":["GET"]}}],"collection":[{"href":"https:\/\/guialimeira.com.br\/news\/wp-json\/wp\/v2\/posts"}],"about":[{"href":"https:\/\/guialimeira.com.br\/news\/wp-json\/wp\/v2\/types\/post"}],"author":[{"embeddable":true,"href":"https:\/\/guialimeira.com.br\/news\/wp-json\/wp\/v2\/users\/1"}],"replies":[{"embeddable":true,"href":"https:\/\/guialimeira.com.br\/news\/wp-json\/wp\/v2\/comments?post=67302"}],"version-history":[{"count":0,"href":"https:\/\/guialimeira.com.br\/news\/wp-json\/wp\/v2\/posts\/67302\/revisions"}],"wp:featuredmedia":[{"embeddable":true,"href":"https:\/\/guialimeira.com.br\/news\/wp-json\/wp\/v2\/media\/57257"}],"wp:attachment":[{"href":"https:\/\/guialimeira.com.br\/news\/wp-json\/wp\/v2\/media?parent=67302"}],"wp:term":[{"taxonomy":"category","embeddable":true,"href":"https:\/\/guialimeira.com.br\/news\/wp-json\/wp\/v2\/categories?post=67302"},{"taxonomy":"post_tag","embeddable":true,"href":"https:\/\/guialimeira.com.br\/news\/wp-json\/wp\/v2\/tags?post=67302"}],"curies":[{"name":"wp","href":"https:\/\/api.w.org\/{rel}","templated":true}]}}