{"id":67286,"date":"2026-05-29T18:57:07","date_gmt":"2026-05-29T21:57:07","guid":{"rendered":"https:\/\/guialimeira.com.br\/?p=67286"},"modified":"2026-05-29T18:57:07","modified_gmt":"2026-05-29T21:57:07","slug":"gcms-sao-equipados-com-novos-uniformes-e-equipamentos-em-cordeiropolis-prefeitura-municipal-de-cordeiropolis-2","status":"publish","type":"post","link":"https:\/\/guialimeira.com.br\/news\/gcms-sao-equipados-com-novos-uniformes-e-equipamentos-em-cordeiropolis-prefeitura-municipal-de-cordeiropolis-2\/","title":{"rendered":"GCMs s\u00e3o equipados com novos uniformes e equipamentos em Cordeir\u00f3polis \u2013 Prefeitura Municipal de Cordeir\u00f3polis"},"content":{"rendered":"<p> <br \/>\n<\/p>\n<div>\n<p>Os Guardas Civis Municipais (GCMs) de Cordeir\u00f3polis contam com novos uniformes e acess\u00f3rios para o patrulhamento di\u00e1rio do munic\u00edpio. Eles receberam botas novas, cintur\u00f5es, algemas, lanternas, entre outros equipamentos. Tamb\u00e9m foram adquiridos muni\u00e7\u00f5es, dardos energizantes e dois fuzis para complementar o trabalho. O investimento \u00e9 na ordem de R$ 170 mil.<\/p>\n<p>\u201cInvestir nos nossos GCMs e na nossa corpora\u00e7\u00e3o \u00e9 investir em mais seguran\u00e7a para a popula\u00e7\u00e3o\u201d, destaca a prefeita Cristina Saad. \u201cConvocamos novos guardas, que se formam agora em maio, adquirimos uniformes e equipamentos, vamos investir na renova\u00e7\u00e3o da frota, tudo para garantir melhores condi\u00e7\u00f5es para esses profissionais\u201d, complementa.<\/p>\n<p>\u201cA GCM est\u00e1 passando por uma mudan\u00e7a consider\u00e1vel. Todos os equipamentos j\u00e1 entregues e outros que vamos entregar s\u00e3o fundamentais para oferecer aos profissionais de seguran\u00e7a ferramentas novas e modernas para levar seguran\u00e7a at\u00e9 o cidad\u00e3o de Cordeir\u00f3polis\u201d, salienta o secret\u00e1rio de Seguran\u00e7a P\u00fablica e Tr\u00e2nsito, Amarildo Zorzo.<\/p>\n<p>Al\u00e9m dos novos uniformes e equipamentos, um novo ve\u00edculo para o Pelot\u00e3o Ambiental est\u00e1 em fase de licita\u00e7\u00e3o. Recentemente, ainda, a pasta lan\u00e7ou o SmartGCM, que moderniza diversos processos internos da guarda e digitaliza todo o atendimento \u00e0s ocorr\u00eancias, do chamado \u00e0 central at\u00e9 o registro do Boletim de Ocorr\u00eancias.<\/p>\n<p>Outro avan\u00e7o importante \u00e9 a conclus\u00e3o, em breve, da primeira turma da Academia Preparat\u00f3ria da Guarda Civil Municipal. S\u00e3o 14 novos guardas que estar\u00e3o aptos, a partir de 1\u00ba de junho, para atuar na seguran\u00e7a p\u00fablica do munic\u00edpio. A formatura deles est\u00e1 marcada para 29 de maio (sexta-feira), \u00e0s 19h, no Audit\u00f3rio da Patrulha Mirim.<\/p>\n<p>Os novos GCMs cumprem uma jornada de 822 horas de forma\u00e7\u00e3o te\u00f3rica, aulas de defesa pessoal e t\u00e9cnicas de abordagem e de mobiliza\u00e7\u00e3o e condicionamento f\u00edsico, al\u00e9m de 160 horas de pr\u00e1tica de tiro. O curso \u00e9 conduzido por docentes graduados \u2013 a maioria j\u00e1 com doutorado, ampla experi\u00eancia na \u00e1rea e que s\u00e3o refer\u00eancia no Estado.<\/p>\n<figure class=\"wp-block-image size-large\"><\/figure>\n<\/p><\/div>\n<p><br \/>\n<br \/><a href=\"https:\/\/cordeiropolis.sp.gov.br\/gcms-sao-equipados-com-novos-uniformes-e-equipamentos-em-cordeiropolis\/\" rel=\"noopener\">Informa\u00e7\u00f5es Cordeir\u00f3polis <\/a><\/p>\n","protected":false},"excerpt":{"rendered":"<p>Os Guardas Civis Municipais (GCMs) de Cordeir\u00f3polis contam com novos uniformes e acess\u00f3rios para o patrulhamento di\u00e1rio do munic\u00edpio. Eles receberam botas novas, cintur\u00f5es, algemas, lanternas, entre outros equipamentos. Tamb\u00e9m foram adquiridos muni\u00e7\u00f5es, dardos energizantes e dois fuzis para complementar o trabalho. O investimento \u00e9 na ordem de R$ 170 mil. \u201cInvestir nos nossos GCMs [&hellip;]<\/p>\n","protected":false},"author":1,"featured_media":65569,"comment_status":"closed","ping_status":"open","sticky":false,"template":"","format":"standard","meta":{"_jetpack_newsletter_access":"","_jetpack_dont_email_post_to_subs":false,"_jetpack_newsletter_tier_id":0,"_jetpack_memberships_contains_paywalled_content":false,"_mbp_banners":[],"_jetpack_feature_clip_id":0,"_jetpack_memberships_contains_paid_content":false,"footnotes":"","jetpack_publicize_message":"","jetpack_publicize_feature_enabled":true,"jetpack_social_post_already_shared":true,"jetpack_social_options":{"image_generator_settings":{"template":"highway","default_image_id":0,"font":"","enabled":false},"version":2},"jetpack_post_was_ever_published":false},"categories":[20],"tags":[],"class_list":["post-67286","post","type-post","status-publish","format-standard","has-post-thumbnail","category-regiao"],"jetpack_publicize_connections":[],"jetpack-related-posts":[],"jetpack_shortlink":"https:\/\/wp.me\/p7Eq1F-hvg","jetpack_sharing_enabled":true,"jetpack_featured_media_url":"https:\/\/i0.wp.com\/guialimeira.com.br\/news\/wp-content\/uploads\/2026\/05\/GCMs-sao-equipados-com-novos-uniformes-e-equipamentos-em-Cordeiropolis.jpeg?fit=1024%2C576&ssl=1","_links":{"self":[{"href":"https:\/\/guialimeira.com.br\/news\/wp-json\/wp\/v2\/posts\/67286","targetHints":{"allow":["GET"]}}],"collection":[{"href":"https:\/\/guialimeira.com.br\/news\/wp-json\/wp\/v2\/posts"}],"about":[{"href":"https:\/\/guialimeira.com.br\/news\/wp-json\/wp\/v2\/types\/post"}],"author":[{"embeddable":true,"href":"https:\/\/guialimeira.com.br\/news\/wp-json\/wp\/v2\/users\/1"}],"replies":[{"embeddable":true,"href":"https:\/\/guialimeira.com.br\/news\/wp-json\/wp\/v2\/comments?post=67286"}],"version-history":[{"count":1,"href":"https:\/\/guialimeira.com.br\/news\/wp-json\/wp\/v2\/posts\/67286\/revisions"}],"predecessor-version":[{"id":67287,"href":"https:\/\/guialimeira.com.br\/news\/wp-json\/wp\/v2\/posts\/67286\/revisions\/67287"}],"wp:featuredmedia":[{"embeddable":true,"href":"https:\/\/guialimeira.com.br\/news\/wp-json\/wp\/v2\/media\/65569"}],"wp:attachment":[{"href":"https:\/\/guialimeira.com.br\/news\/wp-json\/wp\/v2\/media?parent=67286"}],"wp:term":[{"taxonomy":"category","embeddable":true,"href":"https:\/\/guialimeira.com.br\/news\/wp-json\/wp\/v2\/categories?post=67286"},{"taxonomy":"post_tag","embeddable":true,"href":"https:\/\/guialimeira.com.br\/news\/wp-json\/wp\/v2\/tags?post=67286"}],"curies":[{"name":"wp","href":"https:\/\/api.w.org\/{rel}","templated":true}]}}