{"id":67282,"date":"2026-05-29T18:16:06","date_gmt":"2026-05-29T21:16:06","guid":{"rendered":"https:\/\/guialimeira.com.br\/furtos-caem-e-roubos-atingem-o-menor-patamar-em-26-anos-no-interior-de-sp\/"},"modified":"2026-05-29T18:16:06","modified_gmt":"2026-05-29T21:16:06","slug":"furtos-caem-e-roubos-atingem-o-menor-patamar-em-26-anos-no-interior-de-sp","status":"publish","type":"post","link":"https:\/\/guialimeira.com.br\/news\/furtos-caem-e-roubos-atingem-o-menor-patamar-em-26-anos-no-interior-de-sp\/","title":{"rendered":"Furtos caem, e roubos atingem o menor patamar em 26 anos no interior de SP"},"content":{"rendered":"<p> <br \/>\n<br \/><img data-recalc-dims=\"1\" decoding=\"async\" src=\"https:\/\/i0.wp.com\/www.agenciasp.sp.gov.br\/wp-content\/uploads\/2025\/08\/Imagem-do-WhatsApp-de-2025-08-15-as-10.51.50_e8caf278-scaled.jpg?w=696&#038;ssl=1\" \/><\/p>\n<div>\n<p class=\"wp-block-paragraph\">Os roubos em geral, de cargas e de ve\u00edculos registraram o menor patamar da s\u00e9rie hist\u00f3rica no primeiro quadrimestre do ano no interior de S\u00e3o Paulo, mantendo o desempenho observado em janeiro, fevereiro e mar\u00e7o. O combate aos crimes patrimoniais tamb\u00e9m resultou na queda dos furtos, que atingiram o terceiro menor n\u00edvel em 26 anos.<\/p>\n<p class=\"wp-block-paragraph\">Nos roubos em geral, as cidades do interior paulista registraram queda de 25,8% em quatro meses, passando de 10.291 casos no ano passado para 7.630 neste ano. Os roubos de ve\u00edculos tamb\u00e9m recuaram 31% no acumulado, passando de 2.170 para 1.496 casos.<\/p>\n<p class=\"wp-block-paragraph\">\u201cOs resultados refletem o trabalho integrado das for\u00e7as de seguran\u00e7a e o fortalecimento das a\u00e7\u00f5es de intelig\u00eancia e policiamento ostensivo no interior do estado. A redu\u00e7\u00e3o consistente dos roubos e furtos mostra que estamos no caminho certo no combate aos crimes patrimoniais\u201d, disse o secret\u00e1rio da Seguran\u00e7a P\u00fablica, Osvaldo Nico Gon\u00e7alves.<\/p>\n<p class=\"wp-block-paragraph\"><strong>LEIA TAMB\u00c9M: <a href=\"https:\/\/www.agenciasp.sp.gov.br\/pm-de-sp-descobre-fabrica-clandestina-com-r-84-mil-em-notas-falsas-em-sao-carlos\/\" rel=\"noopener\">PM de SP descobre f\u00e1brica clandestina com R$ 84 mil em notas falsas em S\u00e3o Carlos<\/a><\/strong><\/p>\n<h3 class=\"wp-block-heading\">Furtos caem 10% no per\u00edodo<\/h3>\n<p class=\"wp-block-paragraph\">O combate aos crimes patrimoniais tamb\u00e9m contribuiu para a redu\u00e7\u00e3o dos furtos no interior do estado. Com queda de 10,2%, os \u00edndices passaram de 76.429 para 68.580 registros, uma redu\u00e7\u00e3o de quase 8 mil ocorr\u00eancias. O resultado \u00e9 o terceiro menor da s\u00e9rie hist\u00f3rica.<\/p>\n<p class=\"wp-block-paragraph\">Os furtos de ve\u00edculos foram os segundos menores da s\u00e9rie hist\u00f3rica. Foram 8.083 ocorr\u00eancias em quatro meses, redu\u00e7\u00e3o de 9,3% em rela\u00e7\u00e3o ao mesmo per\u00edodo do ano passado.<\/p>\n<p class=\"wp-block-paragraph\"><strong>LEIA TAMB\u00c9M: <a href=\"https:\/\/www.agenciasp.sp.gov.br\/estado-de-sp-tem-13-das-20-cidades-mais-seguras-do-brasil-aponta-atlas-da-violencia\/\" rel=\"noopener\">Estado de SP tem 13 das 20 cidades mais seguras do Brasil, aponta Atlas da Viol\u00eancia<\/a><\/strong><\/p>\n<h3 class=\"wp-block-heading\">Crimes atingiram marcas hist\u00f3ricas no m\u00eas<\/h3>\n<p class=\"wp-block-paragraph\">Os tr\u00eas tipos de roubo tamb\u00e9m tiveram os menores n\u00fameros para o m\u00eas de abril desde 2001.<\/p>\n<p class=\"wp-block-paragraph\">Os roubos em geral ca\u00edram 19,3% em abril deste ano, no comparativo com 2025: os casos passaram de 2.355 para 1.899 registros.<\/p>\n<p class=\"wp-block-paragraph\">Os roubos de ve\u00edculos recuaram 14,1% em abril, de 459 para 394 casos, enquanto os roubos de carga tiveram queda de 47,6%, totalizando 34 ocorr\u00eancias no per\u00edodo.<\/p>\n<\/p><\/div>\n<p><br \/>\n<br \/><a href=\"https:\/\/www.agenciasp.sp.gov.br\/furtos-caem-e-roubos-atingem-o-menor-patamar-em-26-anos-no-interior-de-sp-2\/\" rel=\"noopener\">Informa\u00e7\u00f5es GOV.SP<\/a><\/p>\n","protected":false},"excerpt":{"rendered":"<p>Os roubos em geral, de cargas e de ve\u00edculos registraram o menor patamar da s\u00e9rie hist\u00f3rica no primeiro quadrimestre do ano no interior de S\u00e3o Paulo, mantendo o desempenho observado em janeiro, fevereiro e mar\u00e7o. O combate aos crimes patrimoniais tamb\u00e9m resultou na queda dos furtos, que atingiram o terceiro menor n\u00edvel em 26 anos. [&hellip;]<\/p>\n","protected":false},"author":1,"featured_media":67283,"comment_status":"","ping_status":"open","sticky":false,"template":"","format":"standard","meta":{"_jetpack_newsletter_access":"","_jetpack_dont_email_post_to_subs":false,"_jetpack_newsletter_tier_id":0,"_jetpack_memberships_contains_paywalled_content":false,"_mbp_banners":[],"_jetpack_feature_clip_id":0,"_jetpack_memberships_contains_paid_content":false,"footnotes":"","jetpack_publicize_message":"","jetpack_publicize_feature_enabled":true,"jetpack_social_post_already_shared":true,"jetpack_social_options":{"image_generator_settings":{"template":"highway","default_image_id":0,"font":"","enabled":false},"version":2},"jetpack_post_was_ever_published":false},"categories":[21],"tags":[],"class_list":["post-67282","post","type-post","status-publish","format-standard","has-post-thumbnail","category-sp-news"],"jetpack_publicize_connections":[],"jetpack-related-posts":[],"jetpack_shortlink":"https:\/\/wp.me\/p7Eq1F-hvc","jetpack_sharing_enabled":true,"jetpack_featured_media_url":"https:\/\/i0.wp.com\/guialimeira.com.br\/news\/wp-content\/uploads\/2026\/05\/Furtos-caem-e-roubos-atingem-o-menor-patamar-em-26.jpg?fit=2560%2C1707&ssl=1","_links":{"self":[{"href":"https:\/\/guialimeira.com.br\/news\/wp-json\/wp\/v2\/posts\/67282","targetHints":{"allow":["GET"]}}],"collection":[{"href":"https:\/\/guialimeira.com.br\/news\/wp-json\/wp\/v2\/posts"}],"about":[{"href":"https:\/\/guialimeira.com.br\/news\/wp-json\/wp\/v2\/types\/post"}],"author":[{"embeddable":true,"href":"https:\/\/guialimeira.com.br\/news\/wp-json\/wp\/v2\/users\/1"}],"replies":[{"embeddable":true,"href":"https:\/\/guialimeira.com.br\/news\/wp-json\/wp\/v2\/comments?post=67282"}],"version-history":[{"count":0,"href":"https:\/\/guialimeira.com.br\/news\/wp-json\/wp\/v2\/posts\/67282\/revisions"}],"wp:featuredmedia":[{"embeddable":true,"href":"https:\/\/guialimeira.com.br\/news\/wp-json\/wp\/v2\/media\/67283"}],"wp:attachment":[{"href":"https:\/\/guialimeira.com.br\/news\/wp-json\/wp\/v2\/media?parent=67282"}],"wp:term":[{"taxonomy":"category","embeddable":true,"href":"https:\/\/guialimeira.com.br\/news\/wp-json\/wp\/v2\/categories?post=67282"},{"taxonomy":"post_tag","embeddable":true,"href":"https:\/\/guialimeira.com.br\/news\/wp-json\/wp\/v2\/tags?post=67282"}],"curies":[{"name":"wp","href":"https:\/\/api.w.org\/{rel}","templated":true}]}}