{"id":67278,"date":"2026-05-29T17:54:45","date_gmt":"2026-05-29T20:54:45","guid":{"rendered":"https:\/\/guialimeira.com.br\/?p=67278"},"modified":"2026-05-29T17:54:45","modified_gmt":"2026-05-29T20:54:45","slug":"desfile-civico-abre-celebracoes-de-78-anos-de-cordeiropolis-prefeitura-municipal-de-cordeiropolis-2","status":"publish","type":"post","link":"https:\/\/guialimeira.com.br\/news\/desfile-civico-abre-celebracoes-de-78-anos-de-cordeiropolis-prefeitura-municipal-de-cordeiropolis-2\/","title":{"rendered":"Desfile C\u00edvico abre celebra\u00e7\u00f5es de 78 anos de Cordeir\u00f3polis \u2013 Prefeitura Municipal de Cordeir\u00f3polis"},"content":{"rendered":"<p> <br \/>\n<\/p>\n<div>\n<p>O tradicional Desfile C\u00edvico de Cordeir\u00f3polis ser\u00e1 realizado neste domingo (31), na Rua Carlos Gomes. O in\u00edcio est\u00e1 marcado para as 9h. O desfile abre, oficialmente, as celebra\u00e7\u00f5es dos 78 anos de emancipa\u00e7\u00e3o pol\u00edtico-administrativa de Cordeir\u00f3polis. Neste ano, a novidade \u00e9 a participa\u00e7\u00e3o do Tiro de Guerra 02-045, de Americana, e dez bandas que v\u00e3o intercalar o desfile das escolas.<\/p>\n<p>O tema do Desfile C\u00edvico ser\u00e1 a Copa do Mundo. As escolas representar\u00e3o pa\u00edses que est\u00e3o no mundial. Um sorteio definiu qual pa\u00eds cada unidade representar\u00e1. \u201c\u00c9 um tema atual que representa a pluralidade de diferentes nacionalidades e culturas. Ser\u00e1 um lindo evento, para todas as fam\u00edlias de Cordeir\u00f3polis\u201d, destacou a prefeita Cristina Saad.<\/p>\n<p><strong>Eventos<\/strong><\/p>\n<p>O Desfile C\u00edvico marca o in\u00edcio das comemora\u00e7\u00f5es de 78 anos de Cordeir\u00f3polis. A prefeitura divulga nesta semana um calend\u00e1rio de eventos e a\u00e7\u00f5es que celebram o anivers\u00e1rio. Entre os destaques, est\u00e1 a inaugura\u00e7\u00e3o do viaduto Bicenten\u00e1rio da Independ\u00eancia do Brasil, na liga\u00e7\u00e3o da Rodovia Constante Peruchi \u00e0 Avenida Presidente Vargas, no dia da cidade, 13 de junho.<\/p>\n<p>Al\u00e9m disso, a programa\u00e7\u00e3o cultural acontece de 11 a 14 de junho, na Pra\u00e7a Central \u201cComendador Jamil Abrah\u00e3o Saad\u201d. No dia 11, a banda Colo de Deus estar\u00e1 em Cordeir\u00f3polis; dia 12, os destaques s\u00e3o a banda Cordeiro In Canto e Lucas Carneiro; dia 13, S\u00f3 Pra Contrariar, logo ap\u00f3s a transmiss\u00e3o do jogo do Brasil na Copa do Mundo; e dia 14, Orquestra de Violeiros \u201cTrevisani Nel Mondo\u201d, Marcos Violeiro e Baltazar, Banda Vinil e Ultraje a Rigor.<\/p>\n<\/p><\/div>\n<p><br \/>\n<br \/><a href=\"https:\/\/cordeiropolis.sp.gov.br\/desfile-civico-abre-celebracoes-de-78-anos-de-cordeiropolis\/\" rel=\"noopener\">Informa\u00e7\u00f5es Cordeir\u00f3polis <\/a><\/p>\n","protected":false},"excerpt":{"rendered":"<p>O tradicional Desfile C\u00edvico de Cordeir\u00f3polis ser\u00e1 realizado neste domingo (31), na Rua Carlos Gomes. O in\u00edcio est\u00e1 marcado para as 9h. O desfile abre, oficialmente, as celebra\u00e7\u00f5es dos 78 anos de emancipa\u00e7\u00e3o pol\u00edtico-administrativa de Cordeir\u00f3polis. Neste ano, a novidade \u00e9 a participa\u00e7\u00e3o do Tiro de Guerra 02-045, de Americana, e dez bandas que v\u00e3o [&hellip;]<\/p>\n","protected":false},"author":1,"featured_media":0,"comment_status":"closed","ping_status":"open","sticky":false,"template":"","format":"standard","meta":{"_jetpack_newsletter_access":"","_jetpack_dont_email_post_to_subs":false,"_jetpack_newsletter_tier_id":0,"_jetpack_memberships_contains_paywalled_content":false,"_mbp_banners":[],"_jetpack_feature_clip_id":0,"_jetpack_memberships_contains_paid_content":false,"footnotes":"","jetpack_publicize_message":"","jetpack_publicize_feature_enabled":true,"jetpack_social_post_already_shared":true,"jetpack_social_options":{"image_generator_settings":{"template":"highway","default_image_id":0,"font":"","enabled":false},"version":2},"jetpack_post_was_ever_published":false},"categories":[20],"tags":[],"class_list":["post-67278","post","type-post","status-publish","format-standard","category-regiao"],"jetpack_publicize_connections":[],"jetpack-related-posts":[],"jetpack_shortlink":"https:\/\/wp.me\/p7Eq1F-hv8","jetpack_sharing_enabled":true,"jetpack_featured_media_url":"","_links":{"self":[{"href":"https:\/\/guialimeira.com.br\/news\/wp-json\/wp\/v2\/posts\/67278","targetHints":{"allow":["GET"]}}],"collection":[{"href":"https:\/\/guialimeira.com.br\/news\/wp-json\/wp\/v2\/posts"}],"about":[{"href":"https:\/\/guialimeira.com.br\/news\/wp-json\/wp\/v2\/types\/post"}],"author":[{"embeddable":true,"href":"https:\/\/guialimeira.com.br\/news\/wp-json\/wp\/v2\/users\/1"}],"replies":[{"embeddable":true,"href":"https:\/\/guialimeira.com.br\/news\/wp-json\/wp\/v2\/comments?post=67278"}],"version-history":[{"count":1,"href":"https:\/\/guialimeira.com.br\/news\/wp-json\/wp\/v2\/posts\/67278\/revisions"}],"predecessor-version":[{"id":67279,"href":"https:\/\/guialimeira.com.br\/news\/wp-json\/wp\/v2\/posts\/67278\/revisions\/67279"}],"wp:attachment":[{"href":"https:\/\/guialimeira.com.br\/news\/wp-json\/wp\/v2\/media?parent=67278"}],"wp:term":[{"taxonomy":"category","embeddable":true,"href":"https:\/\/guialimeira.com.br\/news\/wp-json\/wp\/v2\/categories?post=67278"},{"taxonomy":"post_tag","embeddable":true,"href":"https:\/\/guialimeira.com.br\/news\/wp-json\/wp\/v2\/tags?post=67278"}],"curies":[{"name":"wp","href":"https:\/\/api.w.org\/{rel}","templated":true}]}}