{"id":67273,"date":"2026-05-29T17:30:08","date_gmt":"2026-05-29T20:30:08","guid":{"rendered":"https:\/\/guialimeira.com.br\/limeira-amplia-vacinacao-contra-a-gripe-para-toda-a-populacao\/"},"modified":"2026-05-29T17:30:08","modified_gmt":"2026-05-29T20:30:08","slug":"limeira-amplia-vacinacao-contra-a-gripe-para-toda-a-populacao","status":"publish","type":"post","link":"https:\/\/guialimeira.com.br\/news\/limeira-amplia-vacinacao-contra-a-gripe-para-toda-a-populacao\/","title":{"rendered":"Limeira amplia vacina\u00e7\u00e3o contra a gripe para toda a popula\u00e7\u00e3o"},"content":{"rendered":"<p> <br \/>\n<br \/><img data-recalc-dims=\"1\" decoding=\"async\" src=\"https:\/\/i0.wp.com\/ecrie.com.br\/sistema\/conteudos\/imagem\/m_137_0_1_29052026172420.jpeg?w=696&#038;ssl=1\" \/><\/p>\n<p>A Prefeitura de Limeira amplia, a partir da pr&oacute;xima segunda-feira (1&ordm; de junho), a vacina&ccedil;&atilde;o contra a Influenza para toda a popula&ccedil;&atilde;o acima de 6 meses de idade. A medida segue autoriza&ccedil;&atilde;o da Secretaria de Estado da Sa&uacute;de de S&atilde;o Paulo e tem como objetivo aumentar a cobertura vacinal, reduzir a circula&ccedil;&atilde;o do v&iacute;rus Influenza e minimizar o impacto das doen&ccedil;as respirat&oacute;rias, especialmente neste per&iacute;odo de maior incid&ecirc;ncia sazonal.<\/p>\n<p>A vacina estar&aacute; dispon&iacute;vel gratuitamente em todas as unidades de sa&uacute;de do munic&iacute;pio com sala de vacina, al&eacute;m dos postos de vacina&ccedil;&atilde;o itinerante. A Secretaria de Sa&uacute;de refor&ccedil;a que os grupos priorit&aacute;rios &mdash; que apresentam maior risco de desenvolver formas graves da doen&ccedil;a &mdash; continuam sendo foco principal e importante da campanha. Entre eles est&atilde;o idosos com 60 anos ou mais, crian&ccedil;as de 6 meses a menores de 6 anos, gestantes, pu&eacute;rperas e pessoas com doen&ccedil;as cr&ocirc;nicas ou condi&ccedil;&otilde;es cl&iacute;nicas especiais.<\/p>\n<p>A imuniza&ccedil;&atilde;o &eacute; uma das formas mais eficazes de preven&ccedil;&atilde;o, ajudando a evitar complica&ccedil;&otilde;es, interna&ccedil;&otilde;es e &oacute;bitos causados pela gripe. Al&eacute;m da prote&ccedil;&atilde;o individual, a vacina&ccedil;&atilde;o contribui para a prote&ccedil;&atilde;o coletiva e para a redu&ccedil;&atilde;o da sobrecarga nos servi&ccedil;os de sa&uacute;de.<br \/>A Prefeitura de Limeira orienta a popula&ccedil;&atilde;o a procurar a unidade de sa&uacute;de mais pr&oacute;xima e refor&ccedil;a a import&acirc;ncia da ades&atilde;o &agrave; campanha para ampliar a prote&ccedil;&atilde;o de toda a comunidade.<\/p>\n<p><strong>Onde se vacinar?<\/strong><br \/>A vacina&ccedil;&atilde;o contra a gripe acontece de segunda a sexta-feira, das 8h &agrave;s 12h e das 13h &agrave;s 16h, nas seguintes unidades de sa&uacute;de:<\/p>\n<p> &bull; UBS Ab&iacute;lio Pedro<br \/> &bull; UBS Geada <br \/> &bull; UBS Aeroporto<br \/> &bull; UBS Campo Belo<br \/> &bull; UBS Cecap<br \/> &bull; UBS Morro Azul<br \/> &bull; UBS Dores 1<br \/> &bull; UBS Dores 2<br \/> &bull; UBS Nova Europa<br \/> &bull; UBS Nova Limeira<br \/> &bull; UBS Nova Su&iacute;&ccedil;a<br \/> &bull; UBS Novo Horizonte<br \/> &bull; UBS Planalto<br \/> &bull; UBS Hip&oacute;lito 1<br \/> &bull; UBS Vista Alegre<br \/> &bull; UBS Graminha<br \/> &bull; UBS Tatu<br \/> &bull; Ambulat&oacute;rio de Especialidades Rubi<\/p>\n<p>Al&eacute;m disso, a vacina&ccedil;&atilde;o tamb&eacute;m ocorre no per&iacute;odo noturno, aos s&aacute;bados, domingos e feriados, durante os plant&otilde;es de vacina&ccedil;&atilde;o e a&ccedil;&otilde;es itinerantes.<\/p>\n<p><strong>Pr&oacute;ximas a&ccedil;&otilde;es<br \/><\/strong><br \/>5 de junho &ndash; Feira Noturna do Jardim S&atilde;o Louren&ccedil;o<br \/>Das 17h &agrave;s 20h30<br \/>Avenida Dr. Lauro Corr&ecirc;a da Silva, 6.525<\/p>\n<p>6 de junho &ndash; Pra&ccedil;a Na&ccedil;&otilde;es Unidas<br \/>Das 8h &agrave;s 13h<br \/>Pra&ccedil;a Rosa Granzoto Rosada<br \/>Avenida Mogi Mirim, 99 &ndash; Boa Vista<\/p>\n<p>6 de junho &ndash; Plant&atilde;o de Vacina&ccedil;&atilde;o no Parque Cidade<br \/>Das 8h &agrave;s 13h<br \/>Rua Jo&atilde;o Kuhl Filho, s\/n &ndash; Vila S&atilde;o Jo&atilde;o<\/p>\n<p><strong>O que levar?<\/strong><br \/> &bull; Documento com foto<br \/> &bull; CPF<br \/> &bull; Comprovante de resid&ecirc;ncia<br \/> &bull; Cart&atilde;o do SUS<\/p>\n<p>Mais informa&ccedil;&otilde;es: limeira.sp.gov.br\/gripe<\/p>\n<p><br \/>\n<br \/><a href=\"https:\/\/limeira.sp.gov.br\/limeira-amplia-vacinacao-contra-a-gripe-para-toda-a-populacao\" rel=\"noopener\">Informa\u00e7\u00f5es da PML <\/a><\/p>\n","protected":false},"excerpt":{"rendered":"<p>A Prefeitura de Limeira amplia, a partir da pr&oacute;xima segunda-feira (1&ordm; de junho), a vacina&ccedil;&atilde;o contra a Influenza para toda a popula&ccedil;&atilde;o acima de 6 meses de idade. A medida segue autoriza&ccedil;&atilde;o da Secretaria de Estado da Sa&uacute;de de S&atilde;o Paulo e tem como objetivo aumentar a cobertura vacinal, reduzir a circula&ccedil;&atilde;o do v&iacute;rus Influenza [&hellip;]<\/p>\n","protected":false},"author":1,"featured_media":40933,"comment_status":"","ping_status":"open","sticky":false,"template":"","format":"standard","meta":{"_jetpack_newsletter_access":"","_jetpack_dont_email_post_to_subs":false,"_jetpack_newsletter_tier_id":0,"_jetpack_memberships_contains_paywalled_content":false,"_mbp_banners":[],"_jetpack_feature_clip_id":0,"_jetpack_memberships_contains_paid_content":false,"footnotes":"","jetpack_publicize_message":"","jetpack_publicize_feature_enabled":true,"jetpack_social_post_already_shared":true,"jetpack_social_options":{"image_generator_settings":{"template":"highway","default_image_id":0,"font":"","enabled":false},"version":2},"jetpack_post_was_ever_published":false},"categories":[16],"tags":[],"class_list":["post-67273","post","type-post","status-publish","format-standard","has-post-thumbnail","category-local"],"jetpack_publicize_connections":[],"jetpack-related-posts":[],"jetpack_shortlink":"https:\/\/wp.me\/p7Eq1F-hv3","jetpack_sharing_enabled":true,"jetpack_featured_media_url":"https:\/\/i0.wp.com\/guialimeira.com.br\/news\/wp-content\/uploads\/2025\/08\/fotonaodisponivel.jpg?fit=430%2C282&ssl=1","_links":{"self":[{"href":"https:\/\/guialimeira.com.br\/news\/wp-json\/wp\/v2\/posts\/67273","targetHints":{"allow":["GET"]}}],"collection":[{"href":"https:\/\/guialimeira.com.br\/news\/wp-json\/wp\/v2\/posts"}],"about":[{"href":"https:\/\/guialimeira.com.br\/news\/wp-json\/wp\/v2\/types\/post"}],"author":[{"embeddable":true,"href":"https:\/\/guialimeira.com.br\/news\/wp-json\/wp\/v2\/users\/1"}],"replies":[{"embeddable":true,"href":"https:\/\/guialimeira.com.br\/news\/wp-json\/wp\/v2\/comments?post=67273"}],"version-history":[{"count":0,"href":"https:\/\/guialimeira.com.br\/news\/wp-json\/wp\/v2\/posts\/67273\/revisions"}],"wp:featuredmedia":[{"embeddable":true,"href":"https:\/\/guialimeira.com.br\/news\/wp-json\/wp\/v2\/media\/40933"}],"wp:attachment":[{"href":"https:\/\/guialimeira.com.br\/news\/wp-json\/wp\/v2\/media?parent=67273"}],"wp:term":[{"taxonomy":"category","embeddable":true,"href":"https:\/\/guialimeira.com.br\/news\/wp-json\/wp\/v2\/categories?post=67273"},{"taxonomy":"post_tag","embeddable":true,"href":"https:\/\/guialimeira.com.br\/news\/wp-json\/wp\/v2\/tags?post=67273"}],"curies":[{"name":"wp","href":"https:\/\/api.w.org\/{rel}","templated":true}]}}