{"id":67272,"date":"2026-05-29T17:19:13","date_gmt":"2026-05-29T20:19:13","guid":{"rendered":"https:\/\/guialimeira.com.br\/regiao-da-vila-queiroz-recebe-mutirao-da-dengue-neste-sabado-30-em-limeira\/"},"modified":"2026-05-29T17:19:13","modified_gmt":"2026-05-29T20:19:13","slug":"regiao-da-vila-queiroz-recebe-mutirao-da-dengue-neste-sabado-30-em-limeira","status":"publish","type":"post","link":"https:\/\/guialimeira.com.br\/news\/regiao-da-vila-queiroz-recebe-mutirao-da-dengue-neste-sabado-30-em-limeira\/","title":{"rendered":"Regi\u00e3o da Vila Queiroz recebe mutir\u00e3o da dengue neste s\u00e1bado (30) em Limeira"},"content":{"rendered":"<p> <br \/>\n<br \/><img data-recalc-dims=\"1\" decoding=\"async\" src=\"https:\/\/i0.wp.com\/ecrie.com.br\/sistema\/conteudos\/imagem\/m_137_0_1_19052026143544.jpg?w=696&#038;ssl=1\" \/><\/p>\n<div>\n                <main class=\"\">&#13;<br \/>\n                    &#13;<br \/>\n&#13;<br \/>\n&#13;<br \/>\n&#13;<br \/>\n&#13;<br \/>\n&#13;<br \/>\n&#13;<br \/>\n&#13;<\/p>\n<p style=\"text-align: justify;\">A Prefeitura de Limeira realiza neste s\u00e1bado mais uma a\u00e7\u00e3o de enfrentamento \u00e0 dengue nos bairros Vila Queiroz, Jardim Santa Catarina e Anavec. O mutir\u00e3o ser\u00e1 realizado das 7h30 \u00e0s 12h, com a participa\u00e7\u00e3o de 94 agentes, que estar\u00e3o identificados com uniforme e crach\u00e1.<\/p>\n<p>&#13;<\/p>\n<p style=\"text-align: justify;\">As equipes visitar\u00e3o os im\u00f3veis para orientar os moradores e eliminar recipientes que possam acumular \u00e1gua parada, prevenindo a prolifera\u00e7\u00e3o do mosquito Aedes aegypti, respons\u00e1vel pela transmiss\u00e3o da dengue.<\/p>\n<p>&#13;<\/p>\n<p style=\"text-align: justify;\">A Secretaria de Sa\u00fade pede apoio da popula\u00e7\u00e3o para receber os agentes e refor\u00e7ar os cuidados dentro das resid\u00eancias.<\/p>\n<p>&#13;<br \/>\n&#13;<br \/>\n&#13;<br \/>\n&#13;<br \/>\n&#13;<br \/>\n                <\/main><\/p><\/div>\n<p><br \/>\n<br \/><a href=\"https:\/\/limeira.sp.gov.br\/regiao-da-vila-queiroz-recebe-mutirao-da-dengue-neste-sabado-30-em-limeira\" rel=\"noopener\">Informa\u00e7\u00f5es da PML <\/a><\/p>\n","protected":false},"excerpt":{"rendered":"<p>&#13; &#13; &#13; &#13; &#13; &#13; &#13; &#13; &#13; A Prefeitura de Limeira realiza neste s\u00e1bado mais uma a\u00e7\u00e3o de enfrentamento \u00e0 dengue nos bairros Vila Queiroz, Jardim Santa Catarina e Anavec. O mutir\u00e3o ser\u00e1 realizado das 7h30 \u00e0s 12h, com a participa\u00e7\u00e3o de 94 agentes, que estar\u00e3o identificados com uniforme e crach\u00e1. &#13; As [&hellip;]<\/p>\n","protected":false},"author":1,"featured_media":66096,"comment_status":"","ping_status":"open","sticky":false,"template":"","format":"standard","meta":{"_jetpack_newsletter_access":"","_jetpack_dont_email_post_to_subs":false,"_jetpack_newsletter_tier_id":0,"_jetpack_memberships_contains_paywalled_content":false,"_mbp_banners":[],"_jetpack_feature_clip_id":0,"_jetpack_memberships_contains_paid_content":false,"footnotes":"","jetpack_publicize_message":"","jetpack_publicize_feature_enabled":true,"jetpack_social_post_already_shared":true,"jetpack_social_options":{"image_generator_settings":{"template":"highway","default_image_id":0,"font":"","enabled":false},"version":2},"jetpack_post_was_ever_published":false},"categories":[16],"tags":[],"class_list":["post-67272","post","type-post","status-publish","format-standard","has-post-thumbnail","category-local"],"jetpack_publicize_connections":[],"jetpack-related-posts":[],"jetpack_shortlink":"https:\/\/wp.me\/p7Eq1F-hv2","jetpack_sharing_enabled":true,"jetpack_featured_media_url":"https:\/\/i0.wp.com\/guialimeira.com.br\/news\/wp-content\/uploads\/2026\/05\/m_137_0_1_19052026143544.jpg?fit=1024%2C680&ssl=1","_links":{"self":[{"href":"https:\/\/guialimeira.com.br\/news\/wp-json\/wp\/v2\/posts\/67272","targetHints":{"allow":["GET"]}}],"collection":[{"href":"https:\/\/guialimeira.com.br\/news\/wp-json\/wp\/v2\/posts"}],"about":[{"href":"https:\/\/guialimeira.com.br\/news\/wp-json\/wp\/v2\/types\/post"}],"author":[{"embeddable":true,"href":"https:\/\/guialimeira.com.br\/news\/wp-json\/wp\/v2\/users\/1"}],"replies":[{"embeddable":true,"href":"https:\/\/guialimeira.com.br\/news\/wp-json\/wp\/v2\/comments?post=67272"}],"version-history":[{"count":0,"href":"https:\/\/guialimeira.com.br\/news\/wp-json\/wp\/v2\/posts\/67272\/revisions"}],"wp:featuredmedia":[{"embeddable":true,"href":"https:\/\/guialimeira.com.br\/news\/wp-json\/wp\/v2\/media\/66096"}],"wp:attachment":[{"href":"https:\/\/guialimeira.com.br\/news\/wp-json\/wp\/v2\/media?parent=67272"}],"wp:term":[{"taxonomy":"category","embeddable":true,"href":"https:\/\/guialimeira.com.br\/news\/wp-json\/wp\/v2\/categories?post=67272"},{"taxonomy":"post_tag","embeddable":true,"href":"https:\/\/guialimeira.com.br\/news\/wp-json\/wp\/v2\/tags?post=67272"}],"curies":[{"name":"wp","href":"https:\/\/api.w.org\/{rel}","templated":true}]}}