{"id":67271,"date":"2026-05-29T17:14:05","date_gmt":"2026-05-29T20:14:05","guid":{"rendered":"https:\/\/guialimeira.com.br\/defesa-civil-de-sp-alerta-para-formacao-de-nevoeiros-e-baixa-umidade-do-ar-no-fim-de-semana\/"},"modified":"2026-05-29T17:14:05","modified_gmt":"2026-05-29T20:14:05","slug":"defesa-civil-de-sp-alerta-para-formacao-de-nevoeiros-e-baixa-umidade-do-ar-no-fim-de-semana","status":"publish","type":"post","link":"https:\/\/guialimeira.com.br\/news\/defesa-civil-de-sp-alerta-para-formacao-de-nevoeiros-e-baixa-umidade-do-ar-no-fim-de-semana\/","title":{"rendered":"Defesa Civil de SP alerta para forma\u00e7\u00e3o de nevoeiros e baixa umidade do ar no fim de semana"},"content":{"rendered":"<p> <br \/>\n<br \/><img data-recalc-dims=\"1\" decoding=\"async\" src=\"https:\/\/i0.wp.com\/www.agenciasp.sp.gov.br\/wp-content\/uploads\/2025\/02\/54299134204_da3fae4652_k-1.jpg?w=696&#038;ssl=1\" \/><\/p>\n<div>\n<p class=\"wp-block-paragraph\">A Defesa Civil do Estado de S\u00e3o Paulo informa que o fim de semana ser\u00e1 marcado por condi\u00e7\u00f5es t\u00edpicas de outono em grande parte do territ\u00f3rio paulista. A previs\u00e3o indica predom\u00ednio de sol, varia\u00e7\u00e3o de nebulosidade e eleva\u00e7\u00e3o gradual das temperaturas ao longo do dia, especialmente nas regi\u00f5es do interior.<\/p>\n<p class=\"wp-block-paragraph\">No s\u00e1bado (30), o sol aparecer\u00e1 entre poucas nuvens na maior parte do Estado. Durante as primeiras horas do dia, h\u00e1 condi\u00e7\u00f5es para forma\u00e7\u00e3o de neblina, principalmente no leste paulista. Entre a tarde e a noite, h\u00e1 previs\u00e3o de pancadas isoladas nas \u00e1reas pr\u00f3ximas \u00e0 divisa com Minas Gerais, acompanhadas por descargas el\u00e9tricas e rajadas de vento. Nas demais regi\u00f5es, n\u00e3o est\u00e3o descartadas ocorr\u00eancias pontuais de chuva.<\/p>\n<p class=\"wp-block-paragraph\">No domingo (31), a atua\u00e7\u00e3o de uma massa de ar seco favorece a perman\u00eancia do tempo firme em praticamente todo o Estado. O amanhecer segue com sensa\u00e7\u00e3o t\u00e9rmica mais amena e possibilidade de nevoeiros localizados nas regi\u00f5es central e leste. Durante a tarde, o aquecimento ser\u00e1 mais significativo no interior paulista, onde os \u00edndices de umidade relativa do ar poder\u00e3o atingir valores pr\u00f3ximos de 30%.<\/p>\n<p class=\"wp-block-paragraph\">Diante desse cen\u00e1rio, a Defesa Civil orienta a popula\u00e7\u00e3o a refor\u00e7ar a hidrata\u00e7\u00e3o ao longo do dia, evitar exposi\u00e7\u00e3o prolongada ao sol nos per\u00edodos mais quentes e reduzir a pr\u00e1tica de atividades f\u00edsicas intensas entre o final da manh\u00e3 e o meio da tarde. Crian\u00e7as, idosos e pessoas com doen\u00e7as respirat\u00f3rias merecem aten\u00e7\u00e3o especial durante os per\u00edodos de menor umidade.<\/p>\n<p class=\"wp-block-paragraph\">Aos motoristas, a recomenda\u00e7\u00e3o \u00e9 redobrar os cuidados em trechos com neblina, utilizando os far\u00f3is baixos, mantendo dist\u00e2ncia segura dos demais ve\u00edculos e reduzindo a velocidade sempre que houver comprometimento da visibilidade.<\/p>\n<p class=\"wp-block-paragraph\">A Defesa Civil do Estado segue acompanhando as condi\u00e7\u00f5es meteorol\u00f3gicas e refor\u00e7a que a popula\u00e7\u00e3o pode receber alertas gratuitos enviando o CEP para o n\u00famero 40199. Em situa\u00e7\u00f5es de emerg\u00eancia, o atendimento pode ser solicitado pelos telefones 199, da Defesa Civil, e 193, do Corpo de Bombeiros.<\/p>\n<\/p><\/div>\n<p><br \/>\n<br \/><a href=\"https:\/\/www.agenciasp.sp.gov.br\/defesa-civil-de-sp-alerta-para-formacao-de-nevoeiros-e-baixa-umidade-do-ar-no-fim-de-semana\/\" rel=\"noopener\">Informa\u00e7\u00f5es GOV.SP<\/a><\/p>\n","protected":false},"excerpt":{"rendered":"<p>A Defesa Civil do Estado de S\u00e3o Paulo informa que o fim de semana ser\u00e1 marcado por condi\u00e7\u00f5es t\u00edpicas de outono em grande parte do territ\u00f3rio paulista. A previs\u00e3o indica predom\u00ednio de sol, varia\u00e7\u00e3o de nebulosidade e eleva\u00e7\u00e3o gradual das temperaturas ao longo do dia, especialmente nas regi\u00f5es do interior. No s\u00e1bado (30), o sol [&hellip;]<\/p>\n","protected":false},"author":1,"featured_media":52707,"comment_status":"","ping_status":"open","sticky":false,"template":"","format":"standard","meta":{"_jetpack_newsletter_access":"","_jetpack_dont_email_post_to_subs":false,"_jetpack_newsletter_tier_id":0,"_jetpack_memberships_contains_paywalled_content":false,"_mbp_banners":[],"_jetpack_feature_clip_id":0,"_jetpack_memberships_contains_paid_content":false,"footnotes":"","jetpack_publicize_message":"","jetpack_publicize_feature_enabled":true,"jetpack_social_post_already_shared":true,"jetpack_social_options":{"image_generator_settings":{"template":"highway","default_image_id":0,"font":"","enabled":false},"version":2},"jetpack_post_was_ever_published":false},"categories":[21],"tags":[],"class_list":["post-67271","post","type-post","status-publish","format-standard","has-post-thumbnail","category-sp-news"],"jetpack_publicize_connections":[],"jetpack-related-posts":[],"jetpack_shortlink":"https:\/\/wp.me\/p7Eq1F-hv1","jetpack_sharing_enabled":true,"jetpack_featured_media_url":"https:\/\/i0.wp.com\/guialimeira.com.br\/news\/wp-content\/uploads\/2026\/01\/Governo-de-SP-envia-ajuda-humanitaria-para-Itapecerica-da-Serra.jpg?fit=2048%2C1365&ssl=1","_links":{"self":[{"href":"https:\/\/guialimeira.com.br\/news\/wp-json\/wp\/v2\/posts\/67271","targetHints":{"allow":["GET"]}}],"collection":[{"href":"https:\/\/guialimeira.com.br\/news\/wp-json\/wp\/v2\/posts"}],"about":[{"href":"https:\/\/guialimeira.com.br\/news\/wp-json\/wp\/v2\/types\/post"}],"author":[{"embeddable":true,"href":"https:\/\/guialimeira.com.br\/news\/wp-json\/wp\/v2\/users\/1"}],"replies":[{"embeddable":true,"href":"https:\/\/guialimeira.com.br\/news\/wp-json\/wp\/v2\/comments?post=67271"}],"version-history":[{"count":0,"href":"https:\/\/guialimeira.com.br\/news\/wp-json\/wp\/v2\/posts\/67271\/revisions"}],"wp:featuredmedia":[{"embeddable":true,"href":"https:\/\/guialimeira.com.br\/news\/wp-json\/wp\/v2\/media\/52707"}],"wp:attachment":[{"href":"https:\/\/guialimeira.com.br\/news\/wp-json\/wp\/v2\/media?parent=67271"}],"wp:term":[{"taxonomy":"category","embeddable":true,"href":"https:\/\/guialimeira.com.br\/news\/wp-json\/wp\/v2\/categories?post=67271"},{"taxonomy":"post_tag","embeddable":true,"href":"https:\/\/guialimeira.com.br\/news\/wp-json\/wp\/v2\/tags?post=67271"}],"curies":[{"name":"wp","href":"https:\/\/api.w.org\/{rel}","templated":true}]}}