{"id":67269,"date":"2026-05-29T17:12:37","date_gmt":"2026-05-29T20:12:37","guid":{"rendered":"https:\/\/guialimeira.com.br\/encontro-de-carros-antigos-movimenta-limeira-nesta-sexta-feira-29\/"},"modified":"2026-05-29T17:12:37","modified_gmt":"2026-05-29T20:12:37","slug":"encontro-de-carros-antigos-movimenta-limeira-nesta-sexta-feira-29","status":"publish","type":"post","link":"https:\/\/guialimeira.com.br\/news\/encontro-de-carros-antigos-movimenta-limeira-nesta-sexta-feira-29\/","title":{"rendered":"Encontro de carros antigos movimenta Limeira nesta sexta-feira (29)"},"content":{"rendered":"<p> <br \/>\n<\/p>\n<div>\n                <main class=\"\">&#13;<br \/>\n                    &#13;<br \/>\n&#13;<br \/>\n&#13;<br \/>\n&#13;<br \/>\n&#13;<br \/>\n&#13;<br \/>\n    <img data-recalc-dims=\"1\" decoding=\"async\" src=\"https:\/\/i0.wp.com\/ecrie.com.br\/sistema\/conteudos\/imagem\/m_137_0_1_29052026171104.jpeg?w=696&#038;ssl=1\" alt=\"Encontro de carros antigos movimenta Limeira nesta sexta-feira (29)\"\/>&#13;<br \/>\n&#13;<br \/>\n&#13;<\/p>\n<p style=\"text-align: justify;\">Nesta sexta-feira (29), a partir das 18h30, em frente ao Palacete do Tatuibi, ser\u00e1 realizado um Encontro de carros antigos, aberto \u00e0 popula\u00e7\u00e3o. A iniciativa, com apoio da Secretaria de Turismo e Eventos, promete reunir admiradores do universo automotivo, colecionadores e fam\u00edlias em uma noite de lazer, conviv\u00eancia e integra\u00e7\u00e3o. Durante o evento, o Palacete do Tatuibi tamb\u00e9m estar\u00e1 aberto para visita\u00e7\u00e3o, oferecendo ao p\u00fablico a oportunidade de conhecer um dos patrim\u00f4nios hist\u00f3ricos da cidade.<\/p>\n<p>&#13;<\/p>\n<p style=\"text-align: justify;\">O encontro apresentar\u00e1 uma exposi\u00e7\u00e3o de ve\u00edculos antigos ao lado de modelos tunados e rebaixados, reunindo diferentes estilos automotivos em um \u00fanico espa\u00e7o. Para completar a programa\u00e7\u00e3o, o p\u00fablico tamb\u00e9m contar\u00e1 com uma \u00e1rea de alimenta\u00e7\u00e3o.<\/p>\n<p>&#13;<\/p>\n<p style=\"text-align: justify;\">A entrada \u00e9 solid\u00e1ria. Os visitantes s\u00e3o convidados a trazer 1 litro de leite, que ser\u00e1 destinado \u00e0s fam\u00edlias atendidas pelo Fundo Social.<\/p>\n<p>&#13;<\/p>\n<p style=\"text-align: justify;\">O prefeito Murilo F\u00e9lix destacou a import\u00e2ncia de iniciativas que unem entretenimento, conviv\u00eancia e solidariedade. &#8220;Eventos como esse valorizam os espa\u00e7os p\u00fablicos, incentivam o encontro entre as pessoas e ainda fortalecem a\u00e7\u00f5es solid\u00e1rias em benef\u00edcio da nossa comunidade&#8221;, afirmou.<\/p>\n<p>&#13;<\/p>\n<p style=\"text-align: justify;\">O secret\u00e1rio de Turismo e Eventos, Thiago Martins, ressaltou o apoio \u00e0 iniciativa. &#8220;Al\u00e9m de fomentar a cultura automotiva e oferecer uma op\u00e7\u00e3o de lazer para a popula\u00e7\u00e3o, o encontro movimenta a cidade e fortalece a realiza\u00e7\u00e3o de eventos voltados \u00e0 comunidade&#8221;, comentou.<\/p>\n<p>&#13;<\/p>\n<p style=\"text-align: justify;\">A a\u00e7\u00e3o conta com o apoio da Secretaria de Turismo e Eventos e est\u00e1 alinhada ao Objetivo de Desenvolvimento Sustent\u00e1vel (ODS) 11.<\/p>\n<p>&#13;<br \/>\n&#13;<br \/>\n&#13;<br \/>\n&#13;<\/p>\n<article class=\"conteudo-relacionado no-print\">&#13;<br \/>\n        &#13;<br \/>\n&#13;<br \/>\n        &#13;<br \/>\n    <\/article>\n<p>&#13;<br \/>\n&#13;<br \/>\n                <\/main><\/p><\/div>\n<p><br \/>\n<br \/><a href=\"https:\/\/limeira.sp.gov.br\/encontro-de-carros-antigos-movimenta-limeira-nesta-sexta-feira-29\" rel=\"noopener\">Informa\u00e7\u00f5es da PML <\/a><\/p>\n","protected":false},"excerpt":{"rendered":"<p>&#13; &#13; &#13; &#13; &#13; &#13; &#13; &#13; &#13; &#13; Nesta sexta-feira (29), a partir das 18h30, em frente ao Palacete do Tatuibi, ser\u00e1 realizado um Encontro de carros antigos, aberto \u00e0 popula\u00e7\u00e3o. A iniciativa, com apoio da Secretaria de Turismo e Eventos, promete reunir admiradores do universo automotivo, colecionadores e fam\u00edlias em uma noite [&hellip;]<\/p>\n","protected":false},"author":1,"featured_media":67270,"comment_status":"","ping_status":"open","sticky":false,"template":"","format":"standard","meta":{"_jetpack_newsletter_access":"","_jetpack_dont_email_post_to_subs":false,"_jetpack_newsletter_tier_id":0,"_jetpack_memberships_contains_paywalled_content":false,"_mbp_banners":[],"_jetpack_feature_clip_id":0,"_jetpack_memberships_contains_paid_content":false,"footnotes":"","jetpack_publicize_message":"","jetpack_publicize_feature_enabled":true,"jetpack_social_post_already_shared":true,"jetpack_social_options":{"image_generator_settings":{"template":"highway","default_image_id":0,"font":"","enabled":false},"version":2},"jetpack_post_was_ever_published":false},"categories":[16],"tags":[],"class_list":["post-67269","post","type-post","status-publish","format-standard","has-post-thumbnail","category-local"],"jetpack_publicize_connections":[],"jetpack-related-posts":[],"jetpack_shortlink":"https:\/\/wp.me\/p7Eq1F-huZ","jetpack_sharing_enabled":true,"jetpack_featured_media_url":"https:\/\/i0.wp.com\/guialimeira.com.br\/news\/wp-content\/uploads\/2026\/05\/m_137_0_1_29052026171104.jpeg?fit=1024%2C768&ssl=1","_links":{"self":[{"href":"https:\/\/guialimeira.com.br\/news\/wp-json\/wp\/v2\/posts\/67269","targetHints":{"allow":["GET"]}}],"collection":[{"href":"https:\/\/guialimeira.com.br\/news\/wp-json\/wp\/v2\/posts"}],"about":[{"href":"https:\/\/guialimeira.com.br\/news\/wp-json\/wp\/v2\/types\/post"}],"author":[{"embeddable":true,"href":"https:\/\/guialimeira.com.br\/news\/wp-json\/wp\/v2\/users\/1"}],"replies":[{"embeddable":true,"href":"https:\/\/guialimeira.com.br\/news\/wp-json\/wp\/v2\/comments?post=67269"}],"version-history":[{"count":0,"href":"https:\/\/guialimeira.com.br\/news\/wp-json\/wp\/v2\/posts\/67269\/revisions"}],"wp:featuredmedia":[{"embeddable":true,"href":"https:\/\/guialimeira.com.br\/news\/wp-json\/wp\/v2\/media\/67270"}],"wp:attachment":[{"href":"https:\/\/guialimeira.com.br\/news\/wp-json\/wp\/v2\/media?parent=67269"}],"wp:term":[{"taxonomy":"category","embeddable":true,"href":"https:\/\/guialimeira.com.br\/news\/wp-json\/wp\/v2\/categories?post=67269"},{"taxonomy":"post_tag","embeddable":true,"href":"https:\/\/guialimeira.com.br\/news\/wp-json\/wp\/v2\/tags?post=67269"}],"curies":[{"name":"wp","href":"https:\/\/api.w.org\/{rel}","templated":true}]}}