{"id":67267,"date":"2026-05-29T17:02:22","date_gmt":"2026-05-29T20:02:22","guid":{"rendered":"https:\/\/guialimeira.com.br\/limeira-recebe-cesar-cielo-para-clinica-de-natacao-com-jovens-atletas\/"},"modified":"2026-05-29T17:02:22","modified_gmt":"2026-05-29T20:02:22","slug":"limeira-recebe-cesar-cielo-para-clinica-de-natacao-com-jovens-atletas","status":"publish","type":"post","link":"https:\/\/guialimeira.com.br\/news\/limeira-recebe-cesar-cielo-para-clinica-de-natacao-com-jovens-atletas\/","title":{"rendered":"Limeira recebe C\u00e9sar Cielo para cl\u00ednica de nata\u00e7\u00e3o com jovens atletas"},"content":{"rendered":"<p> <br \/>\n<\/p>\n<div id=\"\">&#13;<br \/>\n                    &#13;<br \/>\n&#13;<br \/>\n&#13;<br \/>\n&#13;<br \/>\n&#13;<br \/>\n&#13;<br \/>\n    <img data-recalc-dims=\"1\" decoding=\"async\" src=\"https:\/\/i0.wp.com\/ecrie.com.br\/sistema\/conteudos\/imagem\/m_137_0_1_29052026170031.jpeg?w=696&#038;ssl=1\" alt=\"Limeira recebe C\u00e9sar Cielo para cl\u00ednica de nata\u00e7\u00e3o com jovens atletas\"\/>&#13;<br \/>\n&#13;<br \/>\n&#13;<\/p>\n<p style=\"text-align: justify;\">Limeira recebeu nesta sexta-feira (29) a Cl\u00ednica de Nata\u00e7\u00e3o de Base do Instituto C\u00e9sar Cielo, realizada na piscina do Centro Esportivo Alberto Savoi, aparelho p\u00fablico da Prefeitura onde ocorrem aulas da modalidade. A atividade reuniu 65 crian\u00e7as em uma experi\u00eancia marcada por aprendizado, troca de experi\u00eancias e muita intera\u00e7\u00e3o com o maior nome da nata\u00e7\u00e3o brasileira.<\/p>\n<p>&#13;<\/p>\n<p style=\"text-align: justify;\">Promovida por meio das leis de incentivo ao esporte, a iniciativa faz parte do Programa de Cl\u00ednicas de Nata\u00e7\u00e3o de Base do Instituto C\u00e9sar Cielo, projeto desenvolvido exclusivamente no Estado de S\u00e3o Paulo, terra natal do atleta. A proposta \u00e9 aproximar jovens nadadores de um campe\u00e3o ol\u00edmpico, compartilhando conhecimentos t\u00e9cnicos, disciplina e valores importantes para a vida e o esporte.<\/p>\n<p>&#13;<\/p>\n<p style=\"text-align: justify;\">Durante a cl\u00ednica, C\u00e9sar Cielo participou de palestra, sess\u00e3o de perguntas, fotos e conversou diretamente com os participantes, oferecendo dicas e orienta\u00e7\u00f5es sobre a carreira esportiva e desafios da modalidade. O atleta destacou que, al\u00e9m da t\u00e9cnica, tamb\u00e9m busca ensinar os jovens a lidar com as dificuldades do esporte. \u201cA gente fala sobre dedica\u00e7\u00e3o, mas tamb\u00e9m sobre como lidar com a frustra\u00e7\u00e3o, com as derrotas e os desafios que fazem parte do caminho. \u00c9 muito bonito ver o brilho nos olhos deles e, quem sabe, dessa cl\u00ednica pode sair um futuro campe\u00e3o mundial\u201d, afirmou.<\/p>\n<p>&#13;<\/p>\n<p style=\"text-align: justify;\">O participante Matheus Scham destacou a emo\u00e7\u00e3o de participar da atividade. \u201c\u00c9 um prazer participar de uma cl\u00ednica com um nadador ol\u00edmpico. Foi uma experi\u00eancia incr\u00edvel\u201d, comentou. A a\u00e7\u00e3o tamb\u00e9m reuniu fam\u00edlias de diferentes cidades. Uma m\u00e3e, vinda de S\u00e3o Jos\u00e9 do Rio Preto, relatou a felicidade do filho em conhecer de perto o atleta, de quem \u00e9 admirador. \u201c\u00c9 um prazer poder participar de uma cl\u00ednica com algu\u00e9m de quem ele \u00e9 um grande f\u00e3. Meu filho est\u00e1 muito feliz\u201d, disse.<\/p>\n<p>&#13;<\/p>\n<p style=\"text-align: justify;\">O prefeito Murilo F\u00e9lix destacou a import\u00e2ncia de iniciativas que incentivam o esporte e aproximam grandes refer\u00eancias dos jovens atletas. \u201c\u00c9 uma oportunidade \u00fanica para nossas crian\u00e7as aprenderem com um campe\u00e3o ol\u00edmpico, n\u00e3o apenas sobre t\u00e9cnica esportiva, mas tamb\u00e9m sobre dedica\u00e7\u00e3o, disciplina e supera\u00e7\u00e3o. Investir no esporte \u00e9 investir em sonhos, oportunidades e no futuro da nossa juventude\u201d, afirmou.<\/p>\n<p>&#13;<\/p>\n<p style=\"text-align: justify;\">O secret\u00e1rio municipal de Esporte e Lazer, Dimas Peruzza, e o vereador Guilherme Guido acompanharam a atividade. &#8220;\u00c9 com muito honra que o nosso Savoi recebeu o C\u00e9sar Cielo, exemplo de atleta dentro e fora das piscinas&#8221;, declarou o secret\u00e1rio.<\/p>\n<p>&#13;<\/p>\n<p style=\"text-align: justify;\"><strong>Trajet\u00f3ria de campe\u00e3o<\/strong><\/p>\n<p>&#13;<\/p>\n<p style=\"text-align: justify;\">Campe\u00e3o ol\u00edmpico de nata\u00e7\u00e3o, C\u00e9sar Cielo possui um curr\u00edculo hist\u00f3rico na modalidade. O atleta soma tr\u00eas medalhas ol\u00edmpicas conquistadas em Pequim (2008) e Londres (2012), al\u00e9m de 19 medalhas em campeonatos mundiais, sendo 11 de ouro. \u00c9 tricampe\u00e3o mundial dos 50 metros livre, bicampe\u00e3o mundial dos 50 metros borboleta e atual recordista mundial dos 50 metros livre, com a marca de 20s91.<\/p>\n<p>&#13;<br \/>\n&#13;<br \/>\n&#13;<br \/>\n&#13;<\/p>\n<article class=\"conteudo-relacionado no-print\">&#13;<br \/>\n        &#13;<br \/>\n&#13;<br \/>\n        &#13;<br \/>\n    <\/article>\n<p>&#13;<br \/>\n&#13;\n                <\/p><\/div>\n<p><br \/>\n<br \/><a href=\"https:\/\/limeira.sp.gov.br\/limeira-recebe-cesar-cielo-para-clinica-de-natacao-com-jovens-atletas\" rel=\"noopener\">Informa\u00e7\u00f5es da PML <\/a><\/p>\n","protected":false},"excerpt":{"rendered":"<p>&#13; &#13; &#13; &#13; &#13; &#13; &#13; &#13; &#13; &#13; Limeira recebeu nesta sexta-feira (29) a Cl\u00ednica de Nata\u00e7\u00e3o de Base do Instituto C\u00e9sar Cielo, realizada na piscina do Centro Esportivo Alberto Savoi, aparelho p\u00fablico da Prefeitura onde ocorrem aulas da modalidade. A atividade reuniu 65 crian\u00e7as em uma experi\u00eancia marcada por aprendizado, troca de [&hellip;]<\/p>\n","protected":false},"author":1,"featured_media":67268,"comment_status":"","ping_status":"open","sticky":false,"template":"","format":"standard","meta":{"_jetpack_newsletter_access":"","_jetpack_dont_email_post_to_subs":false,"_jetpack_newsletter_tier_id":0,"_jetpack_memberships_contains_paywalled_content":false,"_mbp_banners":[],"_jetpack_feature_clip_id":0,"_jetpack_memberships_contains_paid_content":false,"footnotes":"","jetpack_publicize_message":"","jetpack_publicize_feature_enabled":true,"jetpack_social_post_already_shared":true,"jetpack_social_options":{"image_generator_settings":{"template":"highway","default_image_id":0,"font":"","enabled":false},"version":2},"jetpack_post_was_ever_published":false},"categories":[16],"tags":[],"class_list":["post-67267","post","type-post","status-publish","format-standard","has-post-thumbnail","category-local"],"jetpack_publicize_connections":[],"jetpack-related-posts":[],"jetpack_shortlink":"https:\/\/wp.me\/p7Eq1F-huX","jetpack_sharing_enabled":true,"jetpack_featured_media_url":"https:\/\/i0.wp.com\/guialimeira.com.br\/news\/wp-content\/uploads\/2026\/05\/m_137_0_1_29052026170031.jpeg?fit=1024%2C567&ssl=1","_links":{"self":[{"href":"https:\/\/guialimeira.com.br\/news\/wp-json\/wp\/v2\/posts\/67267","targetHints":{"allow":["GET"]}}],"collection":[{"href":"https:\/\/guialimeira.com.br\/news\/wp-json\/wp\/v2\/posts"}],"about":[{"href":"https:\/\/guialimeira.com.br\/news\/wp-json\/wp\/v2\/types\/post"}],"author":[{"embeddable":true,"href":"https:\/\/guialimeira.com.br\/news\/wp-json\/wp\/v2\/users\/1"}],"replies":[{"embeddable":true,"href":"https:\/\/guialimeira.com.br\/news\/wp-json\/wp\/v2\/comments?post=67267"}],"version-history":[{"count":0,"href":"https:\/\/guialimeira.com.br\/news\/wp-json\/wp\/v2\/posts\/67267\/revisions"}],"wp:featuredmedia":[{"embeddable":true,"href":"https:\/\/guialimeira.com.br\/news\/wp-json\/wp\/v2\/media\/67268"}],"wp:attachment":[{"href":"https:\/\/guialimeira.com.br\/news\/wp-json\/wp\/v2\/media?parent=67267"}],"wp:term":[{"taxonomy":"category","embeddable":true,"href":"https:\/\/guialimeira.com.br\/news\/wp-json\/wp\/v2\/categories?post=67267"},{"taxonomy":"post_tag","embeddable":true,"href":"https:\/\/guialimeira.com.br\/news\/wp-json\/wp\/v2\/tags?post=67267"}],"curies":[{"name":"wp","href":"https:\/\/api.w.org\/{rel}","templated":true}]}}