{"id":67262,"date":"2026-05-29T16:33:57","date_gmt":"2026-05-29T19:33:57","guid":{"rendered":"https:\/\/guialimeira.com.br\/prefeitura-abre-minuta-do-novo-plano-diretor-para-consulta-publica\/"},"modified":"2026-05-29T16:33:57","modified_gmt":"2026-05-29T19:33:57","slug":"prefeitura-abre-minuta-do-novo-plano-diretor-para-consulta-publica","status":"publish","type":"post","link":"https:\/\/guialimeira.com.br\/news\/prefeitura-abre-minuta-do-novo-plano-diretor-para-consulta-publica\/","title":{"rendered":"Prefeitura abre minuta do novo Plano Diretor para consulta p\u00fablica"},"content":{"rendered":"<p> <br \/>\n<\/p>\n<div id=\"\">&#13;<br \/>\n                    &#13;<br \/>\n&#13;<br \/>\n&#13;<br \/>\n&#13;<br \/>\n&#13;<br \/>\n&#13;<br \/>\n    <img data-recalc-dims=\"1\" decoding=\"async\" src=\"https:\/\/i0.wp.com\/ecrie.com.br\/sistema\/conteudos\/imagem\/m_137_0_1_29092025151804.jpeg?w=696&#038;ssl=1\" alt=\"Prefeitura abre minuta do novo Plano Diretor para consulta p\u00fablica\"\/>&#13;<br \/>\n&#13;<br \/>\n&#13;<\/p>\n<p>A Prefeitura de Limeira disponibiliza, a partir desta sexta-feira (29), a minuta do Projeto de Lei do novo Plano Diretor Territorial-Ambiental e da revis\u00e3o da Lei de Uso e Ocupa\u00e7\u00e3o do Solo para consulta p\u00fablica. Os documentos poder\u00e3o ser acessados pelo link: <a href=\"http:\/\/www.limeira.sp.gov.br\/plano-diretor\" rel=\"noopener\">www.limeira.sp.gov.br\/plano-diretor<\/a><\/p>\n<p>&#13;<\/p>\n<p>A apresenta\u00e7\u00e3o oficial do texto consolidado ocorrer\u00e1 em audi\u00eancia p\u00fablica marcada para o dia 16 de junho, \u00e0s 17h, no Teatro Nair Bello, no Parque Cidade. O encontro \u00e9 aberto \u00e0 popula\u00e7\u00e3o, representantes da sociedade civil, conselhos municipais e demais interessados.<\/p>\n<p>&#13;<\/p>\n<p>Durante a audi\u00eancia, ser\u00e3o apresentados os resultados finais do processo de revis\u00e3o do Plano Diretor Territorial-Ambiental, al\u00e9m da minuta do Projeto de Lei. A popula\u00e7\u00e3o pode encaminhar sugest\u00f5es, contribui\u00e7\u00f5es e propostas de emenda at\u00e9 cinco dias \u00fateis antes da data da Audi\u00eancia P\u00fablica, pelo e-mail <a href=\"https:\/\/limeira.sp.gov.br\/cdn-cgi\/l\/email-protection\" class=\"__cf_email__\" data-cfemail=\"b4c4d8d5dadbd0ddc6d1c0dbc6f4d8ddd9d1ddc6d59ac7c49ad3dbc29ad6c6\" rel=\"noopener\">[email\u00a0protected]<\/a><\/p>\n<p>&#13;<\/p>\n<p>A revis\u00e3o do Plano Diretor \u00e9 executada pela empresa Tese Tecnologia, Arquitetura, Urbanismo e Cultura, sob supervis\u00e3o da Secretaria de Urbanismo. O trabalho tamb\u00e9m \u00e9 acompanhado pela Equipe T\u00e9cnica do Munic\u00edpio e pela Comiss\u00e3o de Acompanhamento da revis\u00e3o, composta por representantes da sociedade civil e servidores municipais. Todo trabalho de revis\u00e3o, assim como o regimento da Audi\u00eancia P\u00fablica est\u00e3o dispon\u00edveis na p\u00e1gina da Secretaria de Planejamento e Urbanismo, pelo link: www.limeira.sp.gov.br\/plano-diretor<\/p>\n<p>&#13;<\/p>\n<p>A secret\u00e1ria de Planejamento e Urbanismo, Ana Cristina Machado, destacou que o Plano Diretor re\u00fane as diretrizes que ir\u00e3o nortear o desenvolvimento urbano e territorial de Limeira pelos pr\u00f3ximos dez anos. Segundo ela, a revis\u00e3o \u00e9 necess\u00e1ria diante das transforma\u00e7\u00f5es sociais, tecnol\u00f3gicas e ambientais ocorridas desde a aprova\u00e7\u00e3o da atual legisla\u00e7\u00e3o, institu\u00edda em 2009. Ela esclareceu que, ap\u00f3s a audi\u00eancia p\u00fablica do dia 16, o texto ser\u00e1 encaminhado \u00e0 C\u00e2mara Municipal para aprecia\u00e7\u00e3o dos vereadores.<\/p>\n<p>&#13;<\/p>\n<p>Entre os temas que ser\u00e3o definidos pelo novo instrumento est\u00e3o \u00e1reas para habita\u00e7\u00e3o popular, localiza\u00e7\u00e3o de futuras avenidas e corredores de atividades diversificadas, par\u00e2metros para constru\u00e7\u00f5es residenciais e comerciais, instala\u00e7\u00e3o de ind\u00fastrias e defini\u00e7\u00e3o de \u00e1reas destinadas a equipamentos p\u00fablicos, como escolas, creches e unidades de sa\u00fade.<\/p>\n<p>&#13;<\/p>\n<p>O Plano Diretor \u00e9 uma lei municipal regulamentada pelo Estatuto da Cidade (Lei Federal n\u00ba 10.257\/2001) e estabelece regras para o ordenamento do territ\u00f3rio urbano e rural, considerando aspectos como infraestrutura, mobilidade e sustentabilidade ambiental.<\/p>\n<p>&#13;<br \/>\n&#13;<br \/>\n&#13;<br \/>\n&#13;<\/p>\n<article class=\"conteudo-relacionado no-print\">&#13;<br \/>\n        &#13;<br \/>\n&#13;<br \/>\n        &#13;<br \/>\n    <\/article>\n<p>&#13;<br \/>\n&#13;\n                <\/p><\/div>\n<p><br \/>\n<br \/><a href=\"https:\/\/limeira.sp.gov.br\/prefeitura-abre-minuta-do-novo-plano-diretor-para-consulta-publica\" rel=\"noopener\">Informa\u00e7\u00f5es da PML <\/a><\/p>\n","protected":false},"excerpt":{"rendered":"<p>&#13; &#13; &#13; &#13; &#13; &#13; &#13; &#13; &#13; &#13; A Prefeitura de Limeira disponibiliza, a partir desta sexta-feira (29), a minuta do Projeto de Lei do novo Plano Diretor Territorial-Ambiental e da revis\u00e3o da Lei de Uso e Ocupa\u00e7\u00e3o do Solo para consulta p\u00fablica. Os documentos poder\u00e3o ser acessados pelo link: www.limeira.sp.gov.br\/plano-diretor &#13; A [&hellip;]<\/p>\n","protected":false},"author":1,"featured_media":46293,"comment_status":"","ping_status":"open","sticky":false,"template":"","format":"standard","meta":{"_jetpack_newsletter_access":"","_jetpack_dont_email_post_to_subs":false,"_jetpack_newsletter_tier_id":0,"_jetpack_memberships_contains_paywalled_content":false,"_mbp_banners":[],"_jetpack_feature_clip_id":0,"_jetpack_memberships_contains_paid_content":false,"footnotes":"","jetpack_publicize_message":"","jetpack_publicize_feature_enabled":true,"jetpack_social_post_already_shared":true,"jetpack_social_options":{"image_generator_settings":{"template":"highway","default_image_id":0,"font":"","enabled":false},"version":2},"jetpack_post_was_ever_published":false},"categories":[16],"tags":[],"class_list":["post-67262","post","type-post","status-publish","format-standard","has-post-thumbnail","category-local"],"jetpack_publicize_connections":[],"jetpack-related-posts":[],"jetpack_shortlink":"https:\/\/wp.me\/p7Eq1F-huS","jetpack_sharing_enabled":true,"jetpack_featured_media_url":"https:\/\/i0.wp.com\/guialimeira.com.br\/news\/wp-content\/uploads\/2025\/09\/m_137_0_1_29092025151804.jpeg?fit=900%2C675&ssl=1","_links":{"self":[{"href":"https:\/\/guialimeira.com.br\/news\/wp-json\/wp\/v2\/posts\/67262","targetHints":{"allow":["GET"]}}],"collection":[{"href":"https:\/\/guialimeira.com.br\/news\/wp-json\/wp\/v2\/posts"}],"about":[{"href":"https:\/\/guialimeira.com.br\/news\/wp-json\/wp\/v2\/types\/post"}],"author":[{"embeddable":true,"href":"https:\/\/guialimeira.com.br\/news\/wp-json\/wp\/v2\/users\/1"}],"replies":[{"embeddable":true,"href":"https:\/\/guialimeira.com.br\/news\/wp-json\/wp\/v2\/comments?post=67262"}],"version-history":[{"count":0,"href":"https:\/\/guialimeira.com.br\/news\/wp-json\/wp\/v2\/posts\/67262\/revisions"}],"wp:featuredmedia":[{"embeddable":true,"href":"https:\/\/guialimeira.com.br\/news\/wp-json\/wp\/v2\/media\/46293"}],"wp:attachment":[{"href":"https:\/\/guialimeira.com.br\/news\/wp-json\/wp\/v2\/media?parent=67262"}],"wp:term":[{"taxonomy":"category","embeddable":true,"href":"https:\/\/guialimeira.com.br\/news\/wp-json\/wp\/v2\/categories?post=67262"},{"taxonomy":"post_tag","embeddable":true,"href":"https:\/\/guialimeira.com.br\/news\/wp-json\/wp\/v2\/tags?post=67262"}],"curies":[{"name":"wp","href":"https:\/\/api.w.org\/{rel}","templated":true}]}}