{"id":67255,"date":"2026-05-29T15:16:53","date_gmt":"2026-05-29T18:16:53","guid":{"rendered":"https:\/\/guialimeira.com.br\/prefeitura-arrecada-r-56-milhoes-a-menos-do-previsto-no-1o-quadrimestre\/"},"modified":"2026-05-29T15:16:53","modified_gmt":"2026-05-29T18:16:53","slug":"prefeitura-arrecada-r-56-milhoes-a-menos-do-previsto-no-1o-quadrimestre","status":"publish","type":"post","link":"https:\/\/guialimeira.com.br\/news\/prefeitura-arrecada-r-56-milhoes-a-menos-do-previsto-no-1o-quadrimestre\/","title":{"rendered":"Prefeitura arrecada R$ 56 milh\u00f5es a menos do previsto no 1\u00ba quadrimestre"},"content":{"rendered":"<p> <br \/>\n<\/p>\n<div>\n                <main class=\"\">&#13;<br \/>\n                    &#13;<br \/>\n&#13;<br \/>\n&#13;<br \/>\n&#13;<br \/>\n&#13;<br \/>\n&#13;<br \/>\n    <img data-recalc-dims=\"1\" decoding=\"async\" src=\"https:\/\/i0.wp.com\/ecrie.com.br\/sistema\/conteudos\/imagem\/m_137_0_1_10122025173430.jpg?w=696&#038;ssl=1\" alt=\"Prefeitura arrecada R$ 56 milh\u00f5es a menos do previsto no 1\u00ba quadrimestre\"\/>&#13;<br \/>\n&#13;<br \/>\n&#13;<\/p>\n<p>A Prefeitura de Limeira fechou os primeiros quatro meses de 2026 com uma arrecada\u00e7\u00e3o abaixo do esperado. Entre janeiro e abril, o munic\u00edpio deixou de arrecadar R$ 56 milh\u00f5es em rela\u00e7\u00e3o ao projetado, resultado, segundo a Secretaria da Fazenda, de uma atividade econ\u00f4mica menos aquecida do que a prevista no per\u00edodo.<\/p>\n<p>&#13;<\/p>\n<p>Os n\u00fameros foram apresentados nesta quinta-feira (28), durante audi\u00eancia p\u00fablica na C\u00e2mara Municipal. A secret\u00e1ria adjunta de Fazenda, Andrea Vilas Boas, mostrou que a receita prevista para o quadrimestre era de R$ 691,8 milh\u00f5es, mas o valor efetivamente arrecadado ficou em R$ 635,5 milh\u00f5es.<\/p>\n<p>&#13;<\/p>\n<p>A frustra\u00e7\u00e3o de arrecada\u00e7\u00e3o acendeu o sinal de alerta na administra\u00e7\u00e3o municipal. &#8220;A receita abaixo do projetado refor\u00e7a a necessidade de gerenciar o or\u00e7amento com ainda mais efici\u00eancia. \u00c9 essa disciplina fiscal que nos permite seguir investindo na cidade e entregando servi\u00e7os de qualidade \u00e0 popula\u00e7\u00e3o&#8221;, afirmou o secret\u00e1rio de Fazenda, Valmir Barreira.<\/p>\n<p>&#13;<\/p>\n<p>Os maiores gastos da Prefeitura no primeiro quadrimestre foram com pessoal e encargos sociais, que somaram R$ 215,1 milh\u00f5es, e com o custeio dos servi\u00e7os oferecidos \u00e0 popula\u00e7\u00e3o, como sa\u00fade, educa\u00e7\u00e3o e zeladoria, totalizando R$ 213,1 milh\u00f5es. Os investimentos em obras e equipamentos chegaram a R$ 5,9 milh\u00f5es.<\/p>\n<p>&#13;<\/p>\n<p>A audi\u00eancia p\u00fablica acontece a cada quatro meses e serve para que a Prefeitura preste contas \u00e0 popula\u00e7\u00e3o e aos vereadores sobre o cumprimento das metas do or\u00e7amento. A sess\u00e3o foi transmitida ao vivo e pode ser assistida pelo canal da C\u00e2mara no Youtube.<\/p>\n<p>&#13;<br \/>\n&#13;<br \/>\n&#13;<br \/>\n&#13;<\/p>\n<article class=\"conteudo-relacionado no-print\">&#13;<br \/>\n        &#13;<br \/>\n&#13;<br \/>\n        &#13;<br \/>\n    <\/article>\n<p>&#13;<br \/>\n&#13;<br \/>\n                <\/main><\/p><\/div>\n<p><br \/>\n<br \/><a href=\"https:\/\/limeira.sp.gov.br\/prefeitura-arrecada-r-56-milhoes-a-menos-do-previsto-no-1-quadrimestre\" rel=\"noopener\">Informa\u00e7\u00f5es da PML <\/a><\/p>\n","protected":false},"excerpt":{"rendered":"<p>&#13; &#13; &#13; &#13; &#13; &#13; &#13; &#13; &#13; &#13; A Prefeitura de Limeira fechou os primeiros quatro meses de 2026 com uma arrecada\u00e7\u00e3o abaixo do esperado. Entre janeiro e abril, o munic\u00edpio deixou de arrecadar R$ 56 milh\u00f5es em rela\u00e7\u00e3o ao projetado, resultado, segundo a Secretaria da Fazenda, de uma atividade econ\u00f4mica menos aquecida [&hellip;]<\/p>\n","protected":false},"author":1,"featured_media":51113,"comment_status":"","ping_status":"open","sticky":false,"template":"","format":"standard","meta":{"_jetpack_newsletter_access":"","_jetpack_dont_email_post_to_subs":false,"_jetpack_newsletter_tier_id":0,"_jetpack_memberships_contains_paywalled_content":false,"_mbp_banners":[],"_jetpack_feature_clip_id":0,"_jetpack_memberships_contains_paid_content":false,"footnotes":"","jetpack_publicize_message":"","jetpack_publicize_feature_enabled":true,"jetpack_social_post_already_shared":true,"jetpack_social_options":{"image_generator_settings":{"template":"highway","default_image_id":0,"font":"","enabled":false},"version":2},"jetpack_post_was_ever_published":false},"categories":[16],"tags":[],"class_list":["post-67255","post","type-post","status-publish","format-standard","has-post-thumbnail","category-local"],"jetpack_publicize_connections":[],"jetpack-related-posts":[],"jetpack_shortlink":"https:\/\/wp.me\/p7Eq1F-huL","jetpack_sharing_enabled":true,"jetpack_featured_media_url":"https:\/\/i0.wp.com\/guialimeira.com.br\/news\/wp-content\/uploads\/2025\/12\/m_137_0_1_10122025173430.jpg?fit=1024%2C576&ssl=1","_links":{"self":[{"href":"https:\/\/guialimeira.com.br\/news\/wp-json\/wp\/v2\/posts\/67255","targetHints":{"allow":["GET"]}}],"collection":[{"href":"https:\/\/guialimeira.com.br\/news\/wp-json\/wp\/v2\/posts"}],"about":[{"href":"https:\/\/guialimeira.com.br\/news\/wp-json\/wp\/v2\/types\/post"}],"author":[{"embeddable":true,"href":"https:\/\/guialimeira.com.br\/news\/wp-json\/wp\/v2\/users\/1"}],"replies":[{"embeddable":true,"href":"https:\/\/guialimeira.com.br\/news\/wp-json\/wp\/v2\/comments?post=67255"}],"version-history":[{"count":0,"href":"https:\/\/guialimeira.com.br\/news\/wp-json\/wp\/v2\/posts\/67255\/revisions"}],"wp:featuredmedia":[{"embeddable":true,"href":"https:\/\/guialimeira.com.br\/news\/wp-json\/wp\/v2\/media\/51113"}],"wp:attachment":[{"href":"https:\/\/guialimeira.com.br\/news\/wp-json\/wp\/v2\/media?parent=67255"}],"wp:term":[{"taxonomy":"category","embeddable":true,"href":"https:\/\/guialimeira.com.br\/news\/wp-json\/wp\/v2\/categories?post=67255"},{"taxonomy":"post_tag","embeddable":true,"href":"https:\/\/guialimeira.com.br\/news\/wp-json\/wp\/v2\/tags?post=67255"}],"curies":[{"name":"wp","href":"https:\/\/api.w.org\/{rel}","templated":true}]}}