{"id":67253,"date":"2026-05-29T15:12:33","date_gmt":"2026-05-29T18:12:33","guid":{"rendered":"https:\/\/guialimeira.com.br\/copa-do-mundo-307-alunos-da-rede-estadual-de-sp-se-chamam-neymar-xaras-dos-convocados-somam-quase-260-mil-matriculas\/"},"modified":"2026-05-29T15:12:33","modified_gmt":"2026-05-29T18:12:33","slug":"copa-do-mundo-307-alunos-da-rede-estadual-de-sp-se-chamam-neymar-xaras-dos-convocados-somam-quase-260-mil-matriculas","status":"publish","type":"post","link":"https:\/\/guialimeira.com.br\/news\/copa-do-mundo-307-alunos-da-rede-estadual-de-sp-se-chamam-neymar-xaras-dos-convocados-somam-quase-260-mil-matriculas\/","title":{"rendered":"Copa do Mundo: 307 alunos da rede estadual de SP se chamam Neymar; xar\u00e1s dos convocados somam quase 260 mil matr\u00edculas"},"content":{"rendered":"<p> <br \/>\n<br \/><img data-recalc-dims=\"1\" decoding=\"async\" src=\"https:\/\/i0.wp.com\/www.agenciasp.sp.gov.br\/wp-content\/uploads\/2025\/08\/53936928415_2cefc4517b_k.jpg?w=696&#038;ssl=1\" \/><\/p>\n<div>\n<p class=\"wp-block-paragraph\">Na rede estadual de ensino, 258,5 mil estudantes t\u00eam o mesmo nome que os 23 jogadores da Sele\u00e7\u00e3o Brasileira de Futebol, convocados na \u00faltima segunda-feira (18) pelo t\u00e9cnico Carlo Ancelotti para representar o pa\u00eds na Copa do Mundo de 2026. Entre os nomes, Neymar \u00e9 o mesmo de outros 307 estudantes da rede estadual de ensino \u2014 nenhum deles mora na cidade de Santos.<\/p>\n<p class=\"wp-block-paragraph\">Entre goleiros, laterais, zagueiros, meio-campistas e atacantes, h\u00e1 xar\u00e1s de ao menos um dos jogadores em cada uma das 5.000 escolas da Secretaria da Educa\u00e7\u00e3o do Estado de S\u00e3o Paulo (Seduc-SP). O levantamento foi feito pela equipe da Coordenadoria de An\u00e1lise de Dados da Divis\u00e3o de Informa\u00e7\u00e3o e Indicadores Educacionais, a pedido da comunica\u00e7\u00e3o.<\/p>\n<p class=\"wp-block-paragraph\"><strong>LEIA TAMB\u00c9M: <\/strong><a href=\"https:\/\/www.agenciasp.sp.gov.br\/governo-de-sp-abre-processo-seletivo-para-professores-de-ensino-fundamental-e-medio\/\" rel=\"noopener\">Governo de SP abre processo seletivo para professores de Ensino Fundamental e M\u00e9dio<\/a><\/p>\n<p class=\"wp-block-paragraph\">A lista cruza o primeiro nome de cada um dos convocados para a Sele\u00e7\u00e3o, mas tamb\u00e9m o conjunto entre nome e sobrenome, como alguns jogadores tamb\u00e9m s\u00e3o conhecidos, como Douglas Santos e Matheus Cunha, por exemplo, ou leva em considera\u00e7\u00e3o ainda os alunos que t\u00eam na composi\u00e7\u00e3o do seu registro civil Vinicius e J\u00fanior <\/p>\n<h3 class=\"wp-block-heading\">Neymar na capital<\/h3>\n<p class=\"wp-block-paragraph\">Apesar de ser um jogador consagrado no Santos Futebol Clube, na rede estadual da cidade de Santos n\u00e3o h\u00e1 qualquer xar\u00e1 do atacante. Na Diretoria Regional de Ensino de Santos, seus xar\u00e1s est\u00e3o matriculados em escolas do Guaruj\u00e1.<\/p>\n<p class=\"wp-block-paragraph\">Na capital, por outro lado, os recordes est\u00e3o em duas escolas da zona leste \u2014 com sete matriculados com o mesmo nome na Escola Estadual Maria Maria Montessori e seis na Escola Estadual Bar\u00e3o de Ramalho.<\/p>\n<p class=\"wp-block-paragraph\">Na EE Maria Montessori, h\u00e1 ainda xar\u00e1s dos jogadores Alisson, Wesley, Alex, Douglas, Marcos, Gabriel (e tamb\u00e9m Gabriel Magalh\u00e3es), Roger, Danilo, Leonardo, Bruno, Danilo, Lucas, Matheus Cunha, Raphael, Vinicius e Matheus. Eles somam 72 estudantes dessa escola da zona leste<\/p>\n<p class=\"wp-block-paragraph\">J\u00e1 na EE Bar\u00e3o de Ramalho, h\u00e1 estudantes que se chamam Alisson, Alex, Douglas, Wesley, Leonardo, Gabriel, Marcos, Lucas, Bruno, Vinicius, Igor, Raphael, Rayan e Matheus \u2014 em um total de 125 matr\u00edculas, considerando esses nomes.<\/p>\n<p class=\"wp-block-paragraph\"><strong>LEIA TAMB\u00c9M: <\/strong><a href=\"https:\/\/www.agenciasp.sp.gov.br\/destaque-da-copa-cdhu-contrato-clube\/\" rel=\"noopener\">Destaque da Copa CDHU assina contrato com clube formador da capital<\/a><\/p>\n<h3 class=\"wp-block-heading\">Copa do Mundo nas escolas<\/h3>\n<p class=\"wp-block-paragraph\">Nas 5.000 escolas estaduais de S\u00e3o Paulo, a Copa do Mundo tamb\u00e9m virou oportunidade de apoio ao ensino e aprendizagem dos estudantes da rede. Na Copa da Escola, unidades de ensino est\u00e3o sendo incentivadas a promover uma competi\u00e7\u00e3o saud\u00e1vel entre turmas. Para a contagem de pontos do campeonato s\u00e3o consideradas, por exemplo, a frequ\u00eancia escolar, e a quantidade de exerc\u00edcios e acertos na plataforma TarefaSP, ferramenta de li\u00e7\u00e3o de casa da Seduc-SP.<\/p>\n<p>As escolas podem, por exemplo, atrelar cada turma ao nome de um pa\u00eds com time no mundial do Canad\u00e1, Estados Unidos e M\u00e9xico. O objetivo \u00e9, al\u00e9m do aprendizado, a prepara\u00e7\u00e3o durante todo o ano para as provas do Saresp (Sistema de Avalia\u00e7\u00e3o de Rendimento Escolar do Estado de S\u00e3o Paulo).<\/p>\n<h3 class=\"wp-block-heading\">Canad\u00e1 \u00e9 destino do Prontos pro Mundo<\/h3>\n<p class=\"wp-block-paragraph\">Entre os pa\u00edses-sede da Copa do Mundo deste ano est\u00e1 o Canad\u00e1.\u00a0 O pa\u00eds \u00e9 um dos destinos do Prontos pro Mundo, programa do Governo do Estado que leva, a cada ano, 1.000 estudantes da rede estadual para interc\u00e2mbio de tr\u00eas meses em pa\u00edses de l\u00edngua inglesa. Durante o interc\u00e2mbio, os alunos s\u00e3o matriculados em <em>high school<\/em> (etapa semelhante ao Ensino M\u00e9dio) e ficam hospedados em casas de fam\u00edlias anfitri\u00e3s. Desde o in\u00edcio do programa, quase 500 estudantes j\u00e1 embarcaram para o Canad\u00e1 \u2014 49 deles est\u00e3o no pa\u00eds e voltam para o Brasil no fim de junho.<\/p>\n<p class=\"wp-block-paragraph\"><strong>Confira, abaixo, a quantidade de alunos com os mesmos nomes dos jogadores do Brasil na Copa do Mundo de 2026:<\/strong><\/p>\n<figure class=\"wp-block-table\">\n<table class=\"has-fixed-layout\">\n<tbody>\n<tr>\n<td><strong>Posi\u00e7\u00e3o<\/strong><\/td>\n<td><strong>Nome do jogador<\/strong><\/td>\n<td><strong>Quantidade de alunos na rede estadual<\/strong><\/td>\n<\/tr>\n<tr>\n<td><strong>Goleiro<\/strong><\/td>\n<td>Alisson<\/td>\n<td>1.263<\/td>\n<\/tr>\n<tr>\n<td\/>\n<td>Ederson<\/td>\n<td>160<\/td>\n<\/tr>\n<tr>\n<td\/>\n<td>Weverton<\/td>\n<td>426<\/td>\n<\/tr>\n<tr>\n<td><strong>Lateral<\/strong><\/td>\n<td>Alex (1\u00ba nome de Alex Sandro)<\/td>\n<td>2.487<\/td>\n<\/tr>\n<tr>\n<td\/>\n<td>Alex Sandro<\/td>\n<td>233<\/td>\n<\/tr>\n<tr>\n<td\/>\n<td>Douglas (1\u00ba nome de Douglas Santos)<\/td>\n<td>2.769<\/td>\n<\/tr>\n<tr>\n<td\/>\n<td>Douglas Santos<\/td>\n<td>49<\/td>\n<\/tr>\n<tr>\n<td\/>\n<td>Wesley<\/td>\n<td>3.481<\/td>\n<\/tr>\n<tr>\n<td>Zagueiro<\/td>\n<td>Gleison (1\u00ba nome do Bremer)<\/td>\n<td>47<\/td>\n<\/tr>\n<tr>\n<td\/>\n<td>Danilo<\/td>\n<td>6.446<\/td>\n<\/tr>\n<tr>\n<td\/>\n<td>Gabriel (1\u00ba nome do Gabriel Magalh\u00e3es)<\/td>\n<td>102.220<\/td>\n<\/tr>\n<tr>\n<td\/>\n<td>Gabriel Magalh\u00e3es<\/td>\n<td>45<\/td>\n<\/tr>\n<tr>\n<td\/>\n<td>Roger (1\u00ba nome do Iba\u00f1ez)<\/td>\n<td>649<\/td>\n<\/tr>\n<tr>\n<td\/>\n<td>Leo (de Leo Pereira)<\/td>\n<td>206<\/td>\n<\/tr>\n<tr>\n<td\/>\n<td>Leonardo (de Leo Pereira)<\/td>\n<td>13.850<\/td>\n<\/tr>\n<tr>\n<td\/>\n<td>Leonardo Pereira (de Leo Pereira)<\/td>\n<td>216<\/td>\n<\/tr>\n<tr>\n<td\/>\n<td>Marcos (de Marquinhos)<\/td>\n<td>10.007<\/td>\n<\/tr>\n<tr>\n<td>Meio-campo<\/td>\n<td>Bruno (de Bruno Magalh\u00e3es)<\/td>\n<td>9.828<\/td>\n<\/tr>\n<tr>\n<td\/>\n<td>Bruno Magalh\u00e3es<\/td>\n<td>8<\/td>\n<\/tr>\n<tr>\n<td\/>\n<td>Casemiro<\/td>\n<td>273<\/td>\n<\/tr>\n<tr>\n<td\/>\n<td>Danilo<\/td>\n<td>6.446<\/td>\n<\/tr>\n<tr>\n<td\/>\n<td>Fabio<\/td>\n<td>2.734<\/td>\n<\/tr>\n<tr>\n<td\/>\n<td>Lucas<\/td>\n<td>40.339<\/td>\n<\/tr>\n<tr>\n<td>Atacante<\/td>\n<td>Endrick<\/td>\n<td>53<\/td>\n<\/tr>\n<tr>\n<td\/>\n<td>Gabriel<\/td>\n<td>102.220<\/td>\n<\/tr>\n<tr>\n<td\/>\n<td>Igor (de Igor Thiago)<\/td>\n<td>5.536<\/td>\n<\/tr>\n<tr>\n<td\/>\n<td>Igor Thiago<\/td>\n<td>8<\/td>\n<\/tr>\n<tr>\n<td\/>\n<td>Matheus (de Matheus Cunha)<\/td>\n<td>33.836<\/td>\n<\/tr>\n<tr>\n<td\/>\n<td>Matheus Cunha<\/td>\n<td>21<\/td>\n<\/tr>\n<tr>\n<td\/>\n<td>Neymar<\/td>\n<td>307<\/td>\n<\/tr>\n<tr>\n<td\/>\n<td>Raphael<\/td>\n<td>4.195<\/td>\n<\/tr>\n<tr>\n<td\/>\n<td>Rayan<\/td>\n<td>215<\/td>\n<\/tr>\n<tr>\n<td\/>\n<td>Vinicius<\/td>\n<td>16.514<\/td>\n<\/tr>\n<tr>\n<td\/>\n<td>Vinicius Junior<\/td>\n<td>20<\/td>\n<\/tr>\n<\/tbody>\n<\/table>\n<\/figure><\/div>\n<p><br \/>\n<br \/><a href=\"https:\/\/www.agenciasp.sp.gov.br\/copa-do-mundo-307-alunos-da-rede-estadual-de-sp-se-chamam-neymar-xaras-dos-convocados-somam-quase-260-mil-matriculas\/\" rel=\"noopener\">Informa\u00e7\u00f5es GOV.SP<\/a><\/p>\n","protected":false},"excerpt":{"rendered":"<p>Na rede estadual de ensino, 258,5 mil estudantes t\u00eam o mesmo nome que os 23 jogadores da Sele\u00e7\u00e3o Brasileira de Futebol, convocados na \u00faltima segunda-feira (18) pelo t\u00e9cnico Carlo Ancelotti para representar o pa\u00eds na Copa do Mundo de 2026. Entre os nomes, Neymar \u00e9 o mesmo de outros 307 estudantes da rede estadual de [&hellip;]<\/p>\n","protected":false},"author":1,"featured_media":67254,"comment_status":"","ping_status":"open","sticky":false,"template":"","format":"standard","meta":{"_jetpack_newsletter_access":"","_jetpack_dont_email_post_to_subs":false,"_jetpack_newsletter_tier_id":0,"_jetpack_memberships_contains_paywalled_content":false,"_mbp_banners":[],"_jetpack_feature_clip_id":0,"_jetpack_memberships_contains_paid_content":false,"footnotes":"","jetpack_publicize_message":"","jetpack_publicize_feature_enabled":true,"jetpack_social_post_already_shared":true,"jetpack_social_options":{"image_generator_settings":{"template":"highway","default_image_id":0,"font":"","enabled":false},"version":2},"jetpack_post_was_ever_published":false},"categories":[21],"tags":[],"class_list":["post-67253","post","type-post","status-publish","format-standard","has-post-thumbnail","category-sp-news"],"jetpack_publicize_connections":[],"jetpack-related-posts":[],"jetpack_shortlink":"https:\/\/wp.me\/p7Eq1F-huJ","jetpack_sharing_enabled":true,"jetpack_featured_media_url":"https:\/\/i0.wp.com\/guialimeira.com.br\/news\/wp-content\/uploads\/2026\/05\/Copa-do-Mundo-307-alunos-da-rede-estadual-de-SP.jpg?fit=2048%2C1365&ssl=1","_links":{"self":[{"href":"https:\/\/guialimeira.com.br\/news\/wp-json\/wp\/v2\/posts\/67253","targetHints":{"allow":["GET"]}}],"collection":[{"href":"https:\/\/guialimeira.com.br\/news\/wp-json\/wp\/v2\/posts"}],"about":[{"href":"https:\/\/guialimeira.com.br\/news\/wp-json\/wp\/v2\/types\/post"}],"author":[{"embeddable":true,"href":"https:\/\/guialimeira.com.br\/news\/wp-json\/wp\/v2\/users\/1"}],"replies":[{"embeddable":true,"href":"https:\/\/guialimeira.com.br\/news\/wp-json\/wp\/v2\/comments?post=67253"}],"version-history":[{"count":0,"href":"https:\/\/guialimeira.com.br\/news\/wp-json\/wp\/v2\/posts\/67253\/revisions"}],"wp:featuredmedia":[{"embeddable":true,"href":"https:\/\/guialimeira.com.br\/news\/wp-json\/wp\/v2\/media\/67254"}],"wp:attachment":[{"href":"https:\/\/guialimeira.com.br\/news\/wp-json\/wp\/v2\/media?parent=67253"}],"wp:term":[{"taxonomy":"category","embeddable":true,"href":"https:\/\/guialimeira.com.br\/news\/wp-json\/wp\/v2\/categories?post=67253"},{"taxonomy":"post_tag","embeddable":true,"href":"https:\/\/guialimeira.com.br\/news\/wp-json\/wp\/v2\/tags?post=67253"}],"curies":[{"name":"wp","href":"https:\/\/api.w.org\/{rel}","templated":true}]}}