{"id":67249,"date":"2026-05-29T14:25:07","date_gmt":"2026-05-29T17:25:07","guid":{"rendered":"https:\/\/guialimeira.com.br\/operacao-so-cacareco-percorre-tres-bairros-ate-quarta-feira-3-em-limeira\/"},"modified":"2026-05-29T14:25:07","modified_gmt":"2026-05-29T17:25:07","slug":"operacao-so-cacareco-percorre-tres-bairros-ate-quarta-feira-3-em-limeira","status":"publish","type":"post","link":"https:\/\/guialimeira.com.br\/news\/operacao-so-cacareco-percorre-tres-bairros-ate-quarta-feira-3-em-limeira\/","title":{"rendered":"Opera\u00e7\u00e3o S\u00f3 Cacareco percorre tr\u00eas bairros at\u00e9 quarta-feira (3) em Limeira"},"content":{"rendered":"<p> <br \/>\n<br \/><img data-recalc-dims=\"1\" decoding=\"async\" src=\"https:\/\/i0.wp.com\/ecrie.com.br\/sistema\/conteudos\/imagem\/m_137_0_1_08052026113246.jpeg?w=696&#038;ssl=1\" \/><\/p>\n<div>\n<h3 data-reticencias=\"34\">Teatro Vit\u00f3ria exibe a eleg\u00e2ncia das Dan\u00e7as Cl\u00e1ssicas nesta sexta-feira (29) pela Mostra de Dan\u00e7a de Limeira 2026<\/h3>\n<p class=\"descricao\" data-reticencias=\"44 [...]\">&#13;<br \/>\n                                    Dia inclui tamb\u00e9m workshop avan\u00e7ado de Ballet Cl\u00e1ssico com a renomada bailarina e jurada Priscilla Yokoi&#13;<br \/>\n&#13;<br \/>\n&#13;\n                                <\/p>\n<\/p><\/div>\n<p><br \/>\n<br \/><a href=\"https:\/\/limeira.sp.gov.br\/operacao-so-cacareco-percorre-tres-bairros-ate-quarta-feira-3-em-limeira\" rel=\"noopener\">Informa\u00e7\u00f5es da PML <\/a><\/p>\n","protected":false},"excerpt":{"rendered":"<p>Teatro Vit\u00f3ria exibe a eleg\u00e2ncia das Dan\u00e7as Cl\u00e1ssicas nesta sexta-feira (29) pela Mostra de Dan\u00e7a de Limeira 2026 &#13; Dia inclui tamb\u00e9m workshop avan\u00e7ado de Ballet Cl\u00e1ssico com a renomada bailarina e jurada Priscilla Yokoi&#13; &#13; &#13; Informa\u00e7\u00f5es da PML<\/p>\n","protected":false},"author":1,"featured_media":64762,"comment_status":"","ping_status":"open","sticky":false,"template":"","format":"standard","meta":{"_jetpack_newsletter_access":"","_jetpack_dont_email_post_to_subs":false,"_jetpack_newsletter_tier_id":0,"_jetpack_memberships_contains_paywalled_content":false,"_mbp_banners":[],"_jetpack_feature_clip_id":0,"_jetpack_memberships_contains_paid_content":false,"footnotes":"","jetpack_publicize_message":"","jetpack_publicize_feature_enabled":true,"jetpack_social_post_already_shared":true,"jetpack_social_options":{"image_generator_settings":{"template":"highway","default_image_id":0,"font":"","enabled":false},"version":2},"jetpack_post_was_ever_published":false},"categories":[16],"tags":[],"class_list":["post-67249","post","type-post","status-publish","format-standard","has-post-thumbnail","category-local"],"jetpack_publicize_connections":[],"jetpack-related-posts":[],"jetpack_shortlink":"https:\/\/wp.me\/p7Eq1F-huF","jetpack_sharing_enabled":true,"jetpack_featured_media_url":"https:\/\/i0.wp.com\/guialimeira.com.br\/news\/wp-content\/uploads\/2026\/05\/m_137_0_1_08052026113246.jpeg?fit=896%2C508&ssl=1","_links":{"self":[{"href":"https:\/\/guialimeira.com.br\/news\/wp-json\/wp\/v2\/posts\/67249","targetHints":{"allow":["GET"]}}],"collection":[{"href":"https:\/\/guialimeira.com.br\/news\/wp-json\/wp\/v2\/posts"}],"about":[{"href":"https:\/\/guialimeira.com.br\/news\/wp-json\/wp\/v2\/types\/post"}],"author":[{"embeddable":true,"href":"https:\/\/guialimeira.com.br\/news\/wp-json\/wp\/v2\/users\/1"}],"replies":[{"embeddable":true,"href":"https:\/\/guialimeira.com.br\/news\/wp-json\/wp\/v2\/comments?post=67249"}],"version-history":[{"count":0,"href":"https:\/\/guialimeira.com.br\/news\/wp-json\/wp\/v2\/posts\/67249\/revisions"}],"wp:featuredmedia":[{"embeddable":true,"href":"https:\/\/guialimeira.com.br\/news\/wp-json\/wp\/v2\/media\/64762"}],"wp:attachment":[{"href":"https:\/\/guialimeira.com.br\/news\/wp-json\/wp\/v2\/media?parent=67249"}],"wp:term":[{"taxonomy":"category","embeddable":true,"href":"https:\/\/guialimeira.com.br\/news\/wp-json\/wp\/v2\/categories?post=67249"},{"taxonomy":"post_tag","embeddable":true,"href":"https:\/\/guialimeira.com.br\/news\/wp-json\/wp\/v2\/tags?post=67249"}],"curies":[{"name":"wp","href":"https:\/\/api.w.org\/{rel}","templated":true}]}}