{"id":67230,"date":"2026-05-29T11:56:00","date_gmt":"2026-05-29T14:56:00","guid":{"rendered":"https:\/\/guialimeira.com.br\/felipe-penedo-participa-de-reuniao-sobre-acolhimento-a-dependentes-quimicos\/"},"modified":"2026-05-29T11:56:00","modified_gmt":"2026-05-29T14:56:00","slug":"felipe-penedo-participa-de-reuniao-sobre-acolhimento-a-dependentes-quimicos","status":"publish","type":"post","link":"https:\/\/guialimeira.com.br\/news\/felipe-penedo-participa-de-reuniao-sobre-acolhimento-a-dependentes-quimicos\/","title":{"rendered":"Felipe Penedo participa de reuni\u00e3o sobre acolhimento a dependentes qu\u00edmicos"},"content":{"rendered":"<p>Felipe Penedo participa de reuni\u00e3o sobre acolhimento a dependentes qu\u00edmicos<\/p>\n<p>O vereador Felipe Penedo (PL) participou de uma reuni\u00e3o nesta quinta-feira, 28 de maio, para discutir o acolhimento e o atendimento oferecido \u00e0s pessoas em situa\u00e7\u00e3o de rua e aos dependentes qu\u00edmicos em Limeira . O encontro contou com a presen\u00e7a da secret\u00e1ria municipal de Promo\u00e7\u00e3o Social, Const\u00e2ncia F\u00e9lix, do presidente do Comad (Conselho Municipal Antidrogas), Tony Almeida, e do gestor da Comunidade Terap\u00eautica Alian\u00e7a, F\u00e1bio Segreto.<\/p>\n<p>Durante a reuni\u00e3o, foram apresentadas e debatidas as a\u00e7\u00f5es desenvolvidas pela Secretaria de Promo\u00e7\u00e3o Social no atendimento \u00e0 popula\u00e7\u00e3o em situa\u00e7\u00e3o de vulnerabilidade, incluindo as abordagens sociais realizadas no munic\u00edpio, os servi\u00e7os disponibilizados e os encaminhamentos para acolhimento e tratamento de dependentes qu\u00edmicos.<\/p>\n<p>Tamb\u00e9m foram discutidos os conv\u00eanios mantidos pela Prefeitura com comunidades terap\u00eauticas e institui\u00e7\u00f5es especializadas, bem como os desafios enfrentados pelo munic\u00edpio e a necessidade de fortalecimento das pol\u00edticas p\u00fablicas voltadas \u00e0 preven\u00e7\u00e3o, recupera\u00e7\u00e3o e reinser\u00e7\u00e3o social. Segundo Penedo, compreender a realidade enfrentada pelos \u00f3rg\u00e3os p\u00fablicos e pelas entidades que atuam diretamente na \u00e1rea \u00e9 fundamental para a constru\u00e7\u00e3o de solu\u00e7\u00f5es eficazes.<\/p>\n<p>\u201cTrata-se de um problema complexo, que exige responsabilidade, integra\u00e7\u00e3o entre os diversos setores e a\u00e7\u00f5es permanentes. O di\u00e1logo entre o poder p\u00fablico, o Comad, as comunidades terap\u00eauticas e as entidades que atuam diretamente com essa popula\u00e7\u00e3o \u00e9 fundamental para buscarmos solu\u00e7\u00f5es efetivas, humanizadas e que tragam resultados concretos para Limeira\u201d, destacou o parlamentar.<\/p>\n<p>Penedo ressaltou que o tema possui reflexos importantes em diversas \u00e1reas da cidade, especialmente na regi\u00e3o central, onde se concentra parte significativa da popula\u00e7\u00e3o em situa\u00e7\u00e3o de vulnerabilidade social. \u201cAl\u00e9m dos impactos sociais e humanos envolvidos, esse \u00e9 um tema que tamb\u00e9m se relaciona com os desafios enfrentados pelo centro da cidade. Por isso, \u00e9 importante conhecer de perto o trabalho realizado pelos \u00f3rg\u00e3os p\u00fablicos e entidades que atuam nessa \u00e1rea, para que possamos contribuir com solu\u00e7\u00f5es respons\u00e1veis e efetivas\u201d, afirmou.<\/p>\n<p>O vereador destacou ainda que continuar\u00e1 acompanhando o tema junto aos \u00f3rg\u00e3os competentes e buscando contribuir com propostas que fortale\u00e7am a rede de atendimento, acolhimento e recupera\u00e7\u00e3o de dependentes qu\u00edmicos no munic\u00edpio.<\/p>\n<p>Do Gabinete Parlamentar &#8211; Vereador Felipe Penedo (PL)<\/p>\n<p>*Fotos do Gabinete Parlamentar<\/p>\n<p>As mat\u00e9rias de origem dos Gabinetes Parlamentares s\u00e3o de inteira\u00a0 responsabilidade dos parlamentares e de suas assessorias. S\u00e3o devidamente assinadas e n\u00e3o refletem, necessariamente, a opini\u00e3o institucional da C\u00e2mara Municipal de Limeira.<\/p>\n<hr>\n<p><em>Fonte: <a href=\"https:\/\/www.limeira.sp.leg.br\/noticias\/view\/2026-05-29_felipe-penedo-participa-de-reuniao-sobre-acolhimento-a-dependentes-quimicos\" target=\"_blank\" rel=\"noopener\">C\u00e2mara Municipal de Limeira<\/a><\/em><\/p>\n","protected":false},"excerpt":{"rendered":"<p>Felipe Penedo participa de reuni\u00e3o sobre acolhimento a dependentes qu\u00edmicos<\/p>\n<p>O vereador Felipe Penedo (PL) participou de uma reuni\u00e3o nesta quinta-feira, 28 de maio, para discutir o acolhimento e o atendimento oferecido \u00e0s pessoas em situa\u00e7\u00e3o de rua e aos dependentes qu\u00edmicos em Limeira . O encontro <\/p>\n","protected":false},"author":4,"featured_media":67229,"comment_status":"","ping_status":"open","sticky":false,"template":"","format":"standard","meta":{"_jetpack_newsletter_access":"","_jetpack_dont_email_post_to_subs":false,"_jetpack_newsletter_tier_id":0,"_jetpack_memberships_contains_paywalled_content":false,"_mbp_banners":[],"_jetpack_feature_clip_id":0,"_jetpack_memberships_contains_paid_content":false,"footnotes":"","jetpack_publicize_message":"","jetpack_publicize_feature_enabled":true,"jetpack_social_post_already_shared":true,"jetpack_social_options":{"image_generator_settings":{"template":"highway","default_image_id":0,"font":"","enabled":false},"version":2},"jetpack_post_was_ever_published":false},"categories":[19],"tags":[],"class_list":["post-67230","post","type-post","status-publish","format-standard","has-post-thumbnail","category-politica"],"jetpack_publicize_connections":[],"jetpack-related-posts":[],"jetpack_shortlink":"https:\/\/wp.me\/p7Eq1F-hum","jetpack_sharing_enabled":true,"jetpack_featured_media_url":"https:\/\/i0.wp.com\/guialimeira.com.br\/news\/wp-content\/uploads\/2026\/05\/noticia-camara-120.jpg?fit=1280%2C640&ssl=1","_links":{"self":[{"href":"https:\/\/guialimeira.com.br\/news\/wp-json\/wp\/v2\/posts\/67230","targetHints":{"allow":["GET"]}}],"collection":[{"href":"https:\/\/guialimeira.com.br\/news\/wp-json\/wp\/v2\/posts"}],"about":[{"href":"https:\/\/guialimeira.com.br\/news\/wp-json\/wp\/v2\/types\/post"}],"author":[{"embeddable":true,"href":"https:\/\/guialimeira.com.br\/news\/wp-json\/wp\/v2\/users\/4"}],"replies":[{"embeddable":true,"href":"https:\/\/guialimeira.com.br\/news\/wp-json\/wp\/v2\/comments?post=67230"}],"version-history":[{"count":0,"href":"https:\/\/guialimeira.com.br\/news\/wp-json\/wp\/v2\/posts\/67230\/revisions"}],"wp:featuredmedia":[{"embeddable":true,"href":"https:\/\/guialimeira.com.br\/news\/wp-json\/wp\/v2\/media\/67229"}],"wp:attachment":[{"href":"https:\/\/guialimeira.com.br\/news\/wp-json\/wp\/v2\/media?parent=67230"}],"wp:term":[{"taxonomy":"category","embeddable":true,"href":"https:\/\/guialimeira.com.br\/news\/wp-json\/wp\/v2\/categories?post=67230"},{"taxonomy":"post_tag","embeddable":true,"href":"https:\/\/guialimeira.com.br\/news\/wp-json\/wp\/v2\/tags?post=67230"}],"curies":[{"name":"wp","href":"https:\/\/api.w.org\/{rel}","templated":true}]}}