{"id":67221,"date":"2026-05-29T10:25:54","date_gmt":"2026-05-29T13:25:54","guid":{"rendered":"https:\/\/guialimeira.com.br\/ordem-do-dia-da-proxima-sessao-ordinaria-tem-nove-projetos-pautados-para-votacao\/"},"modified":"2026-05-29T10:25:54","modified_gmt":"2026-05-29T13:25:54","slug":"ordem-do-dia-da-proxima-sessao-ordinaria-tem-nove-projetos-pautados-para-votacao","status":"publish","type":"post","link":"https:\/\/guialimeira.com.br\/news\/ordem-do-dia-da-proxima-sessao-ordinaria-tem-nove-projetos-pautados-para-votacao\/","title":{"rendered":"Ordem do Dia da pr\u00f3xima sess\u00e3o ordin\u00e1ria tem nove projetos pautados para vota\u00e7\u00e3o"},"content":{"rendered":"<p>Ordem do Dia da pr\u00f3xima sess\u00e3o ordin\u00e1ria tem nove projetos pautados para vota\u00e7\u00e3o<\/p>\n<p>Nove projetos est\u00e3o pautados na Ordem do Dia da pr\u00f3xima sess\u00e3o ordin\u00e1ria, na segunda-feira, 1\u00ba de junho. Os parlamentares tamb\u00e9m discutem requerimentos durante o Expediente. Os trabalhos s\u00e3o transmitidos ao vivo pelos canais de comunica\u00e7\u00e3o do Legislativo no Youtube, Facebook e site, e pela r\u00e1dio Limeira FM 106,9, a partir das 17h.<\/p>\n<p>Os mun\u00edcipes podem ainda conferir as sess\u00f5es de forma presencial. Temporariamente a C\u00e2mara est\u00e1 localizada na rua Clarino Peixoto, 280 &#8211; Jardim Maria Buchi Modeneis, devido \u00e0s obras de reforma e amplia\u00e7\u00e3o da sede. Para entrar no pr\u00e9dio basta se identificar na portaria e seguir at\u00e9 o \u00faltimo bloco.\u00a0 As orienta\u00e7\u00f5es para chegar ao novo endere\u00e7o est\u00e3o neste link.<\/p>\n<p>Confira os projetos que est\u00e3o pautados na Ordem do Dia:<\/p>\n<p>Projeto de Decreto Legislativo N\u00ba 7\/2025, do vereador Marcio do Estacionamento (DC), concede o Diploma de Gratid\u00e3o da cidade de Limeira e a Medalha M\u00e9rito C\u00edvico 15 de Setembro \u201cOrdem de Tatuibi\u201d a Josiane Cristina dos Santos Alves Silvestrini.<\/p>\n<p>Projeto de Lei N\u00ba 270\/2025, do vereador M\u00e1rcio do Estacionamento (DC), institui no Calend\u00e1rio Oficial do Munic\u00edpio a Limeira Matsuri, Festival de Cultura e Gastronomia Oriental.<\/p>\n<p>Projeto de Lei N\u00ba 17\/2026, do vereador Felipe Penedo (PL), perpetua o nome de Bertha Madalena Hergert Salatti na estrada rural denominada LIM 419.<\/p>\n<p>Projeto de Resolu\u00e7\u00e3o N\u00ba 7\/2026, do vereador Guilherme Guido (PL), institui a distin\u00e7\u00e3o honor\u00edfica aos profissionais de Educa\u00e7\u00e3o F\u00edsica sob o t\u00edtulo \u201cDiploma Profissional de Educa\u00e7\u00e3o F\u00edsica de Destaque\u201d, no \u00e2mbito da C\u00e2mara Municipal de Limeira.<\/p>\n<p>Projeto de Decreto Legislativo N\u00ba 10\/2026, da vereadora Bruna Magalh\u00e3es (PRTB), concede o T\u00edtulo de Cidad\u00e3o Limeirense a Mateus Marcos de Mesquita.<\/p>\n<p>Projeto de Decreto Legislativo N\u00ba 11\/2026, da vereadora Bruna Magalh\u00e3es (PRTB), concede o T\u00edtulo de Cidad\u00e3 Limeirense a D\u00e2maris Ambrosino de Mesquita.<\/p>\n<p>Projeto de Decreto Legislativo N\u00ba 12\/2026, do vereador Everton Ferreira (PSD), modifica dispositivos do Decreto Legislativo N\u00ba 04\/80, que institui a Medalha de M\u00e9rito C\u00edvico 15 de Setembro.<\/p>\n<p>Projeto de Decreto Legislativo N\u00b0 13\/2026, do vereador Everton Ferreira (PSD), acrescenta o inc. XXI ao art. 1\u00ba do Decreto Legislativo N\u00ba 11\/2026, que concede o Diploma \u201cHonra e Bravura\u201d, nos termos da Resolu\u00e7\u00e3o N\u00ba 913\/2025.<\/p>\n<p>Projeto de Lei N\u00ba 66\/2026<\/p>\n<p>, do vereador Everton Ferreira (PSD), institui diretrizes para a Pol\u00edtica Municipal de Aten\u00e7\u00e3o \u00e0 Pessoa com Atrofia Muscular Espinhal (AME).<\/p>\n<hr>\n<p><em>Fonte: <a href=\"https:\/\/www.limeira.sp.leg.br\/noticias\/view\/2026-05-29_ordem-do-dia-da-proxima-sessao-ordinaria-tem-nove-projetos-pautados-para-votacao\" target=\"_blank\" rel=\"noopener\">C\u00e2mara Municipal de Limeira<\/a><\/em><\/p>\n","protected":false},"excerpt":{"rendered":"<p>Ordem do Dia da pr\u00f3xima sess\u00e3o ordin\u00e1ria tem nove projetos pautados para vota\u00e7\u00e3o<\/p>\n<p>Nove projetos est\u00e3o pautados na Ordem do Dia da pr\u00f3xima sess\u00e3o ordin\u00e1ria, na segunda-feira, 1\u00ba de junho. Os parlamentares tamb\u00e9m discutem requerimentos durante o Expediente. Os trabalhos s\u00e3o transmitidos ao vivo pelos <\/p>\n","protected":false},"author":4,"featured_media":67220,"comment_status":"","ping_status":"open","sticky":false,"template":"","format":"standard","meta":{"_jetpack_newsletter_access":"","_jetpack_dont_email_post_to_subs":false,"_jetpack_newsletter_tier_id":0,"_jetpack_memberships_contains_paywalled_content":false,"_mbp_banners":[],"_jetpack_feature_clip_id":0,"_jetpack_memberships_contains_paid_content":false,"footnotes":"","jetpack_publicize_message":"","jetpack_publicize_feature_enabled":true,"jetpack_social_post_already_shared":true,"jetpack_social_options":{"image_generator_settings":{"template":"highway","default_image_id":0,"font":"","enabled":false},"version":2},"jetpack_post_was_ever_published":false},"categories":[19],"tags":[],"class_list":["post-67221","post","type-post","status-publish","format-standard","has-post-thumbnail","category-politica"],"jetpack_publicize_connections":[],"jetpack-related-posts":[],"jetpack_shortlink":"https:\/\/wp.me\/p7Eq1F-hud","jetpack_sharing_enabled":true,"jetpack_featured_media_url":"https:\/\/i0.wp.com\/guialimeira.com.br\/news\/wp-content\/uploads\/2026\/05\/noticia-camara-119.jpg?fit=1280%2C640&ssl=1","_links":{"self":[{"href":"https:\/\/guialimeira.com.br\/news\/wp-json\/wp\/v2\/posts\/67221","targetHints":{"allow":["GET"]}}],"collection":[{"href":"https:\/\/guialimeira.com.br\/news\/wp-json\/wp\/v2\/posts"}],"about":[{"href":"https:\/\/guialimeira.com.br\/news\/wp-json\/wp\/v2\/types\/post"}],"author":[{"embeddable":true,"href":"https:\/\/guialimeira.com.br\/news\/wp-json\/wp\/v2\/users\/4"}],"replies":[{"embeddable":true,"href":"https:\/\/guialimeira.com.br\/news\/wp-json\/wp\/v2\/comments?post=67221"}],"version-history":[{"count":0,"href":"https:\/\/guialimeira.com.br\/news\/wp-json\/wp\/v2\/posts\/67221\/revisions"}],"wp:featuredmedia":[{"embeddable":true,"href":"https:\/\/guialimeira.com.br\/news\/wp-json\/wp\/v2\/media\/67220"}],"wp:attachment":[{"href":"https:\/\/guialimeira.com.br\/news\/wp-json\/wp\/v2\/media?parent=67221"}],"wp:term":[{"taxonomy":"category","embeddable":true,"href":"https:\/\/guialimeira.com.br\/news\/wp-json\/wp\/v2\/categories?post=67221"},{"taxonomy":"post_tag","embeddable":true,"href":"https:\/\/guialimeira.com.br\/news\/wp-json\/wp\/v2\/tags?post=67221"}],"curies":[{"name":"wp","href":"https:\/\/api.w.org\/{rel}","templated":true}]}}