{"id":67209,"date":"2026-05-29T08:33:00","date_gmt":"2026-05-29T11:33:00","guid":{"rendered":"https:\/\/guialimeira.com.br\/teatro-vitoria-exibe-a-elegancia-das-dancas-classicas-nesta-sexta-feira-29-pela-5a-mostra-de-danca-de-limeira\/"},"modified":"2026-05-29T08:33:00","modified_gmt":"2026-05-29T11:33:00","slug":"teatro-vitoria-exibe-a-elegancia-das-dancas-classicas-nesta-sexta-feira-29-pela-5a-mostra-de-danca-de-limeira","status":"publish","type":"post","link":"https:\/\/guialimeira.com.br\/news\/teatro-vitoria-exibe-a-elegancia-das-dancas-classicas-nesta-sexta-feira-29-pela-5a-mostra-de-danca-de-limeira\/","title":{"rendered":"Teatro Vit\u00f3ria exibe a eleg\u00e2ncia das Dan\u00e7as Cl\u00e1ssicas nesta sexta-feira (29) pela 5\u00aa Mostra de Dan\u00e7a de Limeira"},"content":{"rendered":"<p> <br \/>\n<\/p>\n<div>\n                <main class=\"\">&#13;<br \/>\n                    &#13;<br \/>\n&#13;<br \/>\n&#13;<br \/>\n&#13;<br \/>\n&#13;<br \/>\n&#13;<br \/>\n    <img data-recalc-dims=\"1\" decoding=\"async\" src=\"https:\/\/i0.wp.com\/ecrie.com.br\/sistema\/conteudos\/imagem\/m_137_0_1_29052026083041.jpg?w=696&#038;ssl=1\" alt=\"Teatro Vit\u00f3ria exibe a eleg\u00e2ncia das Dan\u00e7as Cl\u00e1ssicas nesta sexta-feira (29) pela 5\u00aa Mostra de Dan\u00e7a de Limeira\"\/>&#13;<br \/>\n&#13;<br \/>\n&#13;<\/p>\n<p data-path-to-node=\"2\">A eleg\u00e2ncia, a t\u00e9cnica e a disciplina das Dan\u00e7as Cl\u00e1ssicas s\u00e3o os grandes destaques da programa\u00e7\u00e3o da 5\u00aa Mostra de Dan\u00e7a de Limeira nesta sexta-feira, dia 29 de maio de 2026. O evento, promovido pela Secretaria de Cultura em comemora\u00e7\u00e3o ao bicenten\u00e1rio do munic\u00edpio, oferece a\u00e7\u00f5es formativas intensivas, integradas ao cronograma de exibi\u00e7\u00f5es no palco do Teatro Vit\u00f3ria.<\/p>\n<p>&#13;<\/p>\n<p data-path-to-node=\"3\">No per\u00edodo da tarde, das 16h \u00e0s 17h30, o espa\u00e7o recebe o Workshop Avan\u00e7ado de &#8220;Ballet Cl\u00e1ssico&#8221;, que ser\u00e1 liderado pela renomada bailarina e membro do corpo de jurados, Priscilla Yokoi. \u00c0 noite, a partir das 19h30, as luzes se acendem para a noite tem\u00e1tica de Dan\u00e7as Cl\u00e1ssicas, onde academias e companhias apresentam coreografias focadas no rigor t\u00e9cnico e na beleza est\u00e9tica do g\u00eanero.<\/p>\n<p>&#13;<\/p>\n<p data-path-to-node=\"4\">O acesso ao espet\u00e1culo noturno ocorre de forma solid\u00e1ria, por meio da troca de um produto de limpeza ou higiene pessoal que beneficiar\u00e1 fundos assistenciais da cidade.<\/p>\n<p>&#13;<\/p>\n<p data-path-to-node=\"4\">\u00a0<\/p>\n<p>&#13;<\/p>\n<p data-path-to-node=\"6\"><strong data-path-to-node=\"6\" data-index-in-node=\"0\">Servi\u00e7o:<\/strong><\/p>\n<p>&#13;<\/p>\n<p data-path-to-node=\"7,0,0\"><strong data-path-to-node=\"7,0,0\" data-index-in-node=\"0\">Programa\u00e7\u00e3o:<\/strong><\/p>\n<p>&#13;<\/p>\n<p data-path-to-node=\"7,0,1,0,0\"><strong data-path-to-node=\"7,0,1,0,0\" data-index-in-node=\"0\">16h \u00e0s 17h30:<\/strong> Workshop Avan\u00e7ado de Ballet Cl\u00e1ssico \u2013 com Priscilla Yokoi<\/p>\n<p>&#13;<\/p>\n<p data-path-to-node=\"7,0,1,1,0\"><strong data-path-to-node=\"7,0,1,1,0\" data-index-in-node=\"0\">19h30:<\/strong> Mostra Tem\u00e1tica de Dan\u00e7as Cl\u00e1ssicas<\/p>\n<p>&#13;<\/p>\n<p data-path-to-node=\"7,1,0\"><strong data-path-to-node=\"7,1,0\" data-index-in-node=\"0\">Data:<\/strong> Nesta sexta-feira, dia 29 de maio de 2026<\/p>\n<p>&#13;<\/p>\n<p data-path-to-node=\"7,2,0\"><strong data-path-to-node=\"7,2,0\" data-index-in-node=\"0\">Local:<\/strong> Teatro Vit\u00f3ria (Pra\u00e7a Toledo Barros, Centro)<\/p>\n<p>&#13;<\/p>\n<p data-path-to-node=\"7,3,0\"><strong data-path-to-node=\"7,3,0\" data-index-in-node=\"0\">Entrada:<\/strong> Workshop gratuito | Ingresso ao espet\u00e1culo mediante entrada solid\u00e1ria<\/p>\n<p>&#13;<\/p>\n<p data-path-to-node=\"7,4,0\"><strong data-path-to-node=\"7,4,0\" data-index-in-node=\"0\">Classifica\u00e7\u00e3o:<\/strong> Livre<\/p>\n<p>&#13;<\/p>\n<p data-path-to-node=\"7,5,0\"><strong data-path-to-node=\"7,5,0\" data-index-in-node=\"0\">Realiza\u00e7\u00e3o:<\/strong> Secretaria de Cultura<\/p>\n<p>&#13;<\/p>\n<p data-path-to-node=\"7,5,0\">\u00a0<\/p>\n<p>&#13;<\/p>\n<p data-path-to-node=\"9\">Esse evento est\u00e1 alinhado aos Objetivos de Desenvolvimento Sustent\u00e1vel da ONU, especialmente o ODS 4 (Educa\u00e7\u00e3o de Qualidade) e o ODS 11 (Cidades e Comunidades Sustent\u00e1veis), \u00e0 medida que traz profissionais de renome nacional para compartilhar saberes t\u00e9cnicos de excel\u00eancia na cidade, incentivando a forma\u00e7\u00e3o profissionalizante cont\u00ednua em artes e a valoriza\u00e7\u00e3o das manifesta\u00e7\u00f5es tradicionais de dan\u00e7a.<\/p>\n<p>&#13;<br \/>\n&#13;<br \/>\n&#13;<br \/>\n&#13;<\/p>\n<article class=\"conteudo-relacionado no-print\">&#13;<br \/>\n        &#13;<br \/>\n&#13;<br \/>\n        &#13;<br \/>\n    <\/article>\n<p>&#13;<br \/>\n&#13;<br \/>\n                <\/main><\/p><\/div>\n<p><br \/>\n<br \/><a href=\"https:\/\/limeira.sp.gov.br\/teatro-vitoria-exibe-a-elegancia-das-dancas-classicas-nesta-sexta-feira-29-pela-5-mostra-de-danca-de-limeira\" rel=\"noopener\">Informa\u00e7\u00f5es da PML <\/a><\/p>\n","protected":false},"excerpt":{"rendered":"<p>&#13; &#13; &#13; &#13; &#13; &#13; &#13; &#13; &#13; &#13; A eleg\u00e2ncia, a t\u00e9cnica e a disciplina das Dan\u00e7as Cl\u00e1ssicas s\u00e3o os grandes destaques da programa\u00e7\u00e3o da 5\u00aa Mostra de Dan\u00e7a de Limeira nesta sexta-feira, dia 29 de maio de 2026. O evento, promovido pela Secretaria de Cultura em comemora\u00e7\u00e3o ao bicenten\u00e1rio do munic\u00edpio, oferece [&hellip;]<\/p>\n","protected":false},"author":1,"featured_media":67210,"comment_status":"","ping_status":"open","sticky":false,"template":"","format":"standard","meta":{"_jetpack_newsletter_access":"","_jetpack_dont_email_post_to_subs":false,"_jetpack_newsletter_tier_id":0,"_jetpack_memberships_contains_paywalled_content":false,"_mbp_banners":[],"_jetpack_feature_clip_id":0,"_jetpack_memberships_contains_paid_content":false,"footnotes":"","jetpack_publicize_message":"","jetpack_publicize_feature_enabled":true,"jetpack_social_post_already_shared":true,"jetpack_social_options":{"image_generator_settings":{"template":"highway","default_image_id":0,"font":"","enabled":false},"version":2},"jetpack_post_was_ever_published":false},"categories":[16],"tags":[],"class_list":["post-67209","post","type-post","status-publish","format-standard","has-post-thumbnail","category-local"],"jetpack_publicize_connections":[],"jetpack-related-posts":[],"jetpack_shortlink":"https:\/\/wp.me\/p7Eq1F-hu1","jetpack_sharing_enabled":true,"jetpack_featured_media_url":"https:\/\/i0.wp.com\/guialimeira.com.br\/news\/wp-content\/uploads\/2026\/05\/m_137_0_1_29052026083041.jpg?fit=1024%2C682&ssl=1","_links":{"self":[{"href":"https:\/\/guialimeira.com.br\/news\/wp-json\/wp\/v2\/posts\/67209","targetHints":{"allow":["GET"]}}],"collection":[{"href":"https:\/\/guialimeira.com.br\/news\/wp-json\/wp\/v2\/posts"}],"about":[{"href":"https:\/\/guialimeira.com.br\/news\/wp-json\/wp\/v2\/types\/post"}],"author":[{"embeddable":true,"href":"https:\/\/guialimeira.com.br\/news\/wp-json\/wp\/v2\/users\/1"}],"replies":[{"embeddable":true,"href":"https:\/\/guialimeira.com.br\/news\/wp-json\/wp\/v2\/comments?post=67209"}],"version-history":[{"count":0,"href":"https:\/\/guialimeira.com.br\/news\/wp-json\/wp\/v2\/posts\/67209\/revisions"}],"wp:featuredmedia":[{"embeddable":true,"href":"https:\/\/guialimeira.com.br\/news\/wp-json\/wp\/v2\/media\/67210"}],"wp:attachment":[{"href":"https:\/\/guialimeira.com.br\/news\/wp-json\/wp\/v2\/media?parent=67209"}],"wp:term":[{"taxonomy":"category","embeddable":true,"href":"https:\/\/guialimeira.com.br\/news\/wp-json\/wp\/v2\/categories?post=67209"},{"taxonomy":"post_tag","embeddable":true,"href":"https:\/\/guialimeira.com.br\/news\/wp-json\/wp\/v2\/tags?post=67209"}],"curies":[{"name":"wp","href":"https:\/\/api.w.org\/{rel}","templated":true}]}}