{"id":6717,"date":"2024-05-28T13:13:43","date_gmt":"2024-05-28T16:13:43","guid":{"rendered":"https:\/\/guialimeira.com.br\/2024\/05\/28\/mocao-pede-descongelamento-do-tempo-de-servico-na-pandemia-de-servidores\/"},"modified":"2024-05-28T13:13:43","modified_gmt":"2024-05-28T16:13:43","slug":"mocao-pede-descongelamento-do-tempo-de-servico-na-pandemia-de-servidores","status":"publish","type":"post","link":"https:\/\/guialimeira.com.br\/news\/mocao-pede-descongelamento-do-tempo-de-servico-na-pandemia-de-servidores\/","title":{"rendered":"Mo\u00e7\u00e3o pede descongelamento do tempo de servi\u00e7o na pandemia de servidores"},"content":{"rendered":"<p> <br \/>\n<\/p>\n<div>\n<p>Na \u00faltima quarta-feira, dia 22 de maio, a vereadora Mariana Calsa (MDB) protocolou a<a href=\"http:\/\/consulta.limeira.sp.leg.br\/Documentos\/Documento\/346746\" rel=\"noopener\"> Mo\u00e7\u00e3o N\u00ba 90\/2024<\/a>, que apela aos deputados federais para que votem e aprovem o<a href=\"https:\/\/www.camara.leg.br\/proposicoesWeb\/fichadetramitacao?idProposicao=2253943&amp;fichaAmigavel=nao\" rel=\"noopener\"> Projeto de Lei Complementar N\u00b0 143\/2020<\/a>, que suspende o congelamento do tempo de servi\u00e7o de servidores durante a pandemia, especificamente no per\u00edodo entre 28 de maio de 2020 e 31 de dezembro de 2021.<\/p>\n<p>O projeto, conhecido como \u201cDescongela J\u00e1\u201d, pede que este per\u00edodo seja novamente reconhecido para os fins de c\u00e1lculos para benef\u00edcios trabalhistas e previdenci\u00e1rios, como 13\u00ba, quinqu\u00eanios, gratifica\u00e7\u00f5es, promo\u00e7\u00f5es, entre outros.<\/p>\n<p>\u201cOs profissionais da Educa\u00e7\u00e3o, por exemplo, n\u00e3o pararam de trabalhar em nenhum momento, tendo que se desdobrar para cumprir o calend\u00e1rio letivo de forma n\u00e3o presencial ou com as dificuldades do distanciamento nos per\u00edodos de retorno \u00e0s salas de aula\u201d, refor\u00e7ou a parlamentar.<\/p>\n<p>O projeto \u201cDescongela J\u00e1\u201d teve os pareceres favor\u00e1veis nas comiss\u00f5es internas da C\u00e2mara dos Deputados e aguarda que seja colocado para vota\u00e7\u00e3o. A mo\u00e7\u00e3o foi votada e aprovada na \u00faltima sess\u00e3o da C\u00e2mara Municipal no dia 27 e foi encaminhada ao gabinete do Presidente da C\u00e2mara dos Deputados, o deputado Arthur Lira, em Bras\u00edlia, e aos 70 deputados federais eleitos por S\u00e3o Paulo.<\/p>\n<p><strong>As mat\u00e9rias de origem dos Gabinetes Parlamentares s\u00e3o de inteira\u00a0 responsabilidade dos parlamentares e de suas assessorias. S\u00e3o devidamente assinadas e n\u00e3o refletem, necessariamente, a opini\u00e3o institucional da C\u00e2mara Municipal de Limeira.<\/strong><\/p>\n<p><i>Do Gabinete Parlamentar \u2013 Vereadora Mariana Calsa (MDB)<\/i><\/p>\n<p><i>*Fotos do Gabinete parlamentar<\/i><\/p>\n<p>\u00a0<\/p>\n<\/p><\/div>\n<p><br \/>\n<br \/><a href=\"https:\/\/www.limeira.sp.leg.br\/noticias\/view\/2024-05-28_mocao-pede-descongelamento-do-tempo-de-servico-na-pandemia-de-servidores\" rel=\"noopener\">Informa\u00e7\u00f5es CML<\/a><\/p>\n","protected":false},"excerpt":{"rendered":"<p>Na \u00faltima quarta-feira, dia 22 de maio, a vereadora Mariana Calsa (MDB) protocolou a Mo\u00e7\u00e3o N\u00ba 90\/2024, que apela aos deputados federais para que votem e aprovem o Projeto de Lei Complementar N\u00b0 143\/2020, que suspende o congelamento do tempo de servi\u00e7o de servidores durante a pandemia, especificamente no per\u00edodo entre 28 de maio de [&hellip;]<\/p>\n","protected":false},"author":1,"featured_media":0,"comment_status":"open","ping_status":"open","sticky":false,"template":"","format":"standard","meta":{"_jetpack_newsletter_access":"","_jetpack_dont_email_post_to_subs":false,"_jetpack_newsletter_tier_id":0,"_jetpack_memberships_contains_paywalled_content":false,"_mbp_banners":[],"_jetpack_feature_clip_id":0,"_jetpack_memberships_contains_paid_content":false,"footnotes":"","jetpack_publicize_message":"","jetpack_publicize_feature_enabled":true,"jetpack_social_post_already_shared":true,"jetpack_social_options":{"image_generator_settings":{"template":"highway","default_image_id":0,"font":"","enabled":false},"version":2},"jetpack_post_was_ever_published":false},"categories":[19],"tags":[],"class_list":["post-6717","post","type-post","status-publish","format-standard","category-politica"],"jetpack_publicize_connections":[],"jetpack-related-posts":[],"jetpack_shortlink":"https:\/\/wp.me\/p7Eq1F-1Kl","jetpack_sharing_enabled":true,"jetpack_featured_media_url":"","_links":{"self":[{"href":"https:\/\/guialimeira.com.br\/news\/wp-json\/wp\/v2\/posts\/6717","targetHints":{"allow":["GET"]}}],"collection":[{"href":"https:\/\/guialimeira.com.br\/news\/wp-json\/wp\/v2\/posts"}],"about":[{"href":"https:\/\/guialimeira.com.br\/news\/wp-json\/wp\/v2\/types\/post"}],"author":[{"embeddable":true,"href":"https:\/\/guialimeira.com.br\/news\/wp-json\/wp\/v2\/users\/1"}],"replies":[{"embeddable":true,"href":"https:\/\/guialimeira.com.br\/news\/wp-json\/wp\/v2\/comments?post=6717"}],"version-history":[{"count":0,"href":"https:\/\/guialimeira.com.br\/news\/wp-json\/wp\/v2\/posts\/6717\/revisions"}],"wp:attachment":[{"href":"https:\/\/guialimeira.com.br\/news\/wp-json\/wp\/v2\/media?parent=6717"}],"wp:term":[{"taxonomy":"category","embeddable":true,"href":"https:\/\/guialimeira.com.br\/news\/wp-json\/wp\/v2\/categories?post=6717"},{"taxonomy":"post_tag","embeddable":true,"href":"https:\/\/guialimeira.com.br\/news\/wp-json\/wp\/v2\/tags?post=6717"}],"curies":[{"name":"wp","href":"https:\/\/api.w.org\/{rel}","templated":true}]}}