{"id":67154,"date":"2026-05-28T18:40:55","date_gmt":"2026-05-28T21:40:55","guid":{"rendered":"https:\/\/guialimeira.com.br\/grupo-amizade-do-nossa-senhora-das-dores-se-torna-associacao-com-apoio-de-everton-ferreira\/"},"modified":"2026-05-28T18:40:55","modified_gmt":"2026-05-28T21:40:55","slug":"grupo-amizade-do-nossa-senhora-das-dores-se-torna-associacao-com-apoio-de-everton-ferreira","status":"publish","type":"post","link":"https:\/\/guialimeira.com.br\/news\/grupo-amizade-do-nossa-senhora-das-dores-se-torna-associacao-com-apoio-de-everton-ferreira\/","title":{"rendered":"Grupo Amizade do Nossa Senhora das Dores se torna associa\u00e7\u00e3o com apoio de Everton Ferreira"},"content":{"rendered":"<p>Grupo Amizade do Nossa Senhora das Dores se torna associa\u00e7\u00e3o com apoio de Everton Ferreira<\/p>\n<p>A tradicional atua\u00e7\u00e3o do Grupo Amizade do Parque Nossa Senhora das Dores, que existe h\u00e1 40 anos, deu um novo passo na hist\u00f3ria. Um dos grupos comunit\u00e1rios mais antigos de Limeira agora passa a atuar oficialmente como Associa\u00e7\u00e3o Amizade do Parque Nossa Senhora das Dores, ap\u00f3s processo de orienta\u00e7\u00e3o e formaliza\u00e7\u00e3o conduzido com apoio do vereador Everton Ferreira (PSD) e da C\u00e2mara Municipal de Limeira.<\/p>\n<p>De acordo com o parlamentar, o grupo fundado em 26 de maio de 2026, a associa\u00e7\u00e3o nasce como entidade de direito privado, sem fins lucrativos, com foco em a\u00e7\u00f5es sociais, culturais, recreativas e comunit\u00e1rias voltadas principalmente \u00e0 popula\u00e7\u00e3o idosa. A sede ser\u00e1 no Centro Comunit\u00e1rio do Parque Nossa Senhora das Dores 1.<\/p>\n<p>A formaliza\u00e7\u00e3o representa um avan\u00e7o importante para o fortalecimento institucional do grupo, permitindo a amplia\u00e7\u00e3o de atividades, desenvolvimento de projetos, celebra\u00e7\u00e3o de parcerias e maior participa\u00e7\u00e3o em iniciativas voltadas \u00e0 promo\u00e7\u00e3o da qualidade de vida da pessoa idosa.<\/p>\n<p>Entre as finalidades previstas no estatuto da associa\u00e7\u00e3o est\u00e3o o incentivo \u00e0 conviv\u00eancia comunit\u00e1ria, o acolhimento social, a\u00e7\u00f5es de inclus\u00e3o e cidadania, promo\u00e7\u00e3o de atividades culturais e recreativas, al\u00e9m da defesa dos direitos da popula\u00e7\u00e3o idosa.<\/p>\n<p>Everton destacou o papel dos espa\u00e7os comunit\u00e1rios no envelhecimento com dignidade e participa\u00e7\u00e3o social. \u201cO envelhecimento da popula\u00e7\u00e3o exige que a cidade pense cada vez mais em estruturas de conviv\u00eancia, acolhimento e participa\u00e7\u00e3o ativa. Iniciativas como essa ajudam a construir uma Limeira mais preparada para o futuro.\u201d<\/p>\n<p>A Associa\u00e7\u00e3o Amizade, conforme o vereador, ter\u00e1 car\u00e1ter apartid\u00e1rio e apol\u00edtico e poder\u00e1 desenvolver atividades nas \u00e1reas de assist\u00eancia social, cultura, lazer, esporte, educa\u00e7\u00e3o, cidadania e promo\u00e7\u00e3o da sa\u00fade, al\u00e9m de atuar em parceria com \u00f3rg\u00e3os p\u00fablicos, entidades e profissionais de diferentes \u00e1reas.<\/p>\n<p>Representantes do grupo destacaram que a cria\u00e7\u00e3o da associa\u00e7\u00e3o busca garantir continuidade \u00e0s atividades j\u00e1 realizadas h\u00e1 anos pela comunidade, fortalecendo a participa\u00e7\u00e3o social dos idosos e ampliando as possibilidades de atua\u00e7\u00e3o em benef\u00edcio da popula\u00e7\u00e3o do bairro.<\/p>\n<p>Do Gabinete Parlamentar \u2013 Vereador Everton Ferreira (PSD)<\/p>\n<p>Fotos do Gabinete Parlamentar<\/p>\n<p>As mat\u00e9rias de origem dos Gabinetes Parlamentares s\u00e3o de inteira\u00a0 responsabilidade dos parlamentares e de suas assessorias. S\u00e3o devidamente assinadas e n\u00e3o refletem, necessariamente, a opini\u00e3o institucional da C\u00e2mara Municipal de Limeira.<\/p>\n<hr>\n<p><em>Fonte: <a href=\"https:\/\/www.limeira.sp.leg.br\/noticias\/view\/2026-05-28_grupo-amizade-do-nossa-senhora-das-dores-se-torna-associacao-com-apoio-de-everton-ferreira\" target=\"_blank\" rel=\"noopener\">C\u00e2mara Municipal de Limeira<\/a><\/em><\/p>\n","protected":false},"excerpt":{"rendered":"<p>Grupo Amizade do Nossa Senhora das Dores se torna associa\u00e7\u00e3o com apoio de Everton Ferreira<\/p>\n<p>A tradicional atua\u00e7\u00e3o do Grupo Amizade do Parque Nossa Senhora das Dores, que existe h\u00e1 40 anos, deu um novo passo na hist\u00f3ria. Um dos grupos comunit\u00e1rios mais antigos de Limeira agora passa a atuar oficialme<\/p>\n","protected":false},"author":4,"featured_media":67153,"comment_status":"","ping_status":"open","sticky":false,"template":"","format":"standard","meta":{"_jetpack_newsletter_access":"","_jetpack_dont_email_post_to_subs":false,"_jetpack_newsletter_tier_id":0,"_jetpack_memberships_contains_paywalled_content":false,"_mbp_banners":[],"_jetpack_feature_clip_id":0,"_jetpack_memberships_contains_paid_content":false,"footnotes":"","jetpack_publicize_message":"","jetpack_publicize_feature_enabled":true,"jetpack_social_post_already_shared":true,"jetpack_social_options":{"image_generator_settings":{"template":"highway","default_image_id":0,"font":"","enabled":false},"version":2},"jetpack_post_was_ever_published":false},"categories":[19],"tags":[],"class_list":["post-67154","post","type-post","status-publish","format-standard","has-post-thumbnail","category-politica"],"jetpack_publicize_connections":[],"jetpack-related-posts":[],"jetpack_shortlink":"https:\/\/wp.me\/p7Eq1F-ht8","jetpack_sharing_enabled":true,"jetpack_featured_media_url":"https:\/\/i0.wp.com\/guialimeira.com.br\/news\/wp-content\/uploads\/2026\/05\/noticia-camara-117.jpg?fit=1280%2C640&ssl=1","_links":{"self":[{"href":"https:\/\/guialimeira.com.br\/news\/wp-json\/wp\/v2\/posts\/67154","targetHints":{"allow":["GET"]}}],"collection":[{"href":"https:\/\/guialimeira.com.br\/news\/wp-json\/wp\/v2\/posts"}],"about":[{"href":"https:\/\/guialimeira.com.br\/news\/wp-json\/wp\/v2\/types\/post"}],"author":[{"embeddable":true,"href":"https:\/\/guialimeira.com.br\/news\/wp-json\/wp\/v2\/users\/4"}],"replies":[{"embeddable":true,"href":"https:\/\/guialimeira.com.br\/news\/wp-json\/wp\/v2\/comments?post=67154"}],"version-history":[{"count":0,"href":"https:\/\/guialimeira.com.br\/news\/wp-json\/wp\/v2\/posts\/67154\/revisions"}],"wp:featuredmedia":[{"embeddable":true,"href":"https:\/\/guialimeira.com.br\/news\/wp-json\/wp\/v2\/media\/67153"}],"wp:attachment":[{"href":"https:\/\/guialimeira.com.br\/news\/wp-json\/wp\/v2\/media?parent=67154"}],"wp:term":[{"taxonomy":"category","embeddable":true,"href":"https:\/\/guialimeira.com.br\/news\/wp-json\/wp\/v2\/categories?post=67154"},{"taxonomy":"post_tag","embeddable":true,"href":"https:\/\/guialimeira.com.br\/news\/wp-json\/wp\/v2\/tags?post=67154"}],"curies":[{"name":"wp","href":"https:\/\/api.w.org\/{rel}","templated":true}]}}