{"id":67152,"date":"2026-05-28T18:35:55","date_gmt":"2026-05-28T21:35:55","guid":{"rendered":"https:\/\/guialimeira.com.br\/incendio-na-escola-prada-comissao-de-obras-discute-acoes-realizadas-durante-a-ocorrencia\/"},"modified":"2026-05-28T18:35:55","modified_gmt":"2026-05-28T21:35:55","slug":"incendio-na-escola-prada-comissao-de-obras-discute-acoes-realizadas-durante-a-ocorrencia","status":"publish","type":"post","link":"https:\/\/guialimeira.com.br\/news\/incendio-na-escola-prada-comissao-de-obras-discute-acoes-realizadas-durante-a-ocorrencia\/","title":{"rendered":"Inc\u00eandio na escola Prada: Comiss\u00e3o de Obras discute a\u00e7\u00f5es realizadas durante a ocorr\u00eancia"},"content":{"rendered":"<p>Inc\u00eandio na escola Prada: Comiss\u00e3o de Obras discute a\u00e7\u00f5es realizadas durante ocorr\u00eancia<\/p>\n<p>O inc\u00eandio na Escola de Educa\u00e7\u00e3o Infantil e Ensino Fundamental (Emeief) Prada foi o assunto pautado na reuni\u00e3o da Comiss\u00e3o de Obras da C\u00e2mara desta quinta-feira, 28 de maio, que contou com a participa\u00e7\u00e3o de representantes das secretarias de Educa\u00e7\u00e3o e Obras, do Corpo de Bombeiros e da Defesa Civil. A\u00e7\u00f5es realizadas durante e depois da ocorr\u00eancia e como se dar\u00e1 a reforma do pr\u00e9dio foram o foco. Confira o v\u00eddeo neste link.<\/p>\n<p>Participaram da reuni\u00e3o, al\u00e9m dos membros da Comiss\u00e3o, vereadores Helder do T\u00e1xi (PSD), presidente; M\u00e1rcio do Estacionamento (DC), vice-presidente; e Jo\u00e3o Antunes Bano (Solidariedade), secret\u00e1rio; os representantes do Corpo de Bombeiros do Estado de S\u00e3o Paulo, os comandantes Lucas Felix da Silva e F\u00e1bio Henrique Giovani; da Guarda Civil Municipal (GCM), o subcomandante Andr\u00e9 Hailer; da Secretaria de Educa\u00e7\u00e3o, a diretora do Departamento de Equipamentos P\u00fablicos, Cristiane Masson; da Secretaria de Obras, o gestor executivo Juliano Forti; o diretor da Defesa Civil, Mois\u00e9s Pereira Muniz; e a diretora da Emeief Prada, M\u00e1rcia Dalva Machinski Cechelero.<\/p>\n<p>O inc\u00eandio<\/p>\n<p>O inc\u00eandio na Emeief Prada teve in\u00edcio no dia 1\u00ba de maio e, segundo relataram todos os envolvidos na ocorr\u00eancia, gerou grande como\u00e7\u00e3o social, devido \u00e0 hist\u00f3ria da institui\u00e7\u00e3o.<\/p>\n<p>O comandante do Corpo de Bombeiros assegurou aos vereadores que toda a estrutura empregada no combate ao inc\u00eandio utilizou os recursos e a for\u00e7a necess\u00e1rios para o atendimento da ocorr\u00eancia.\u00a0 Ele informou que, por ser um feriado, havia bombeiros de folga, mas que isso n\u00e3o atrapalhou os trabalhos pois, como pr\u00e1tica adotada de forma rotineira, foram solicitados apoios de unidades de outras cidades pr\u00f3ximas.<\/p>\n<p>Questionado sobre a indisponibilidade do caminh\u00e3o com a escada telesc\u00f3pica na data da ocorr\u00eancia, Giovani esclareceu que ele estava inoperante na ocasi\u00e3o devido a um problema no cilindro e pist\u00e3o que fazem o levantamento da escada e que ele est\u00e1 em manuten\u00e7\u00e3o em S\u00e3o Paulo, mas que durante o inc\u00eandio um caminh\u00e3o com as mesmas fun\u00e7\u00f5es veio de Campinas para atuar no inc\u00eandio.<\/p>\n<p>Segundo Giovani, o Corpo de Bombeiros atua como uma rede. Ele explicou que o Corpo de Bombeiros do estado de S\u00e3o Paulo \u00e9 dividido em grupamentos, sediados nas grandes cidades do Estado, e Piracicaba \u00e9 o 16\u00ba Grupamento, regional da qual Limeira faz parte. \u201cLimeira \u00e9 a segunda maior em termo de habitantes, isso faz com que a cidade tenha duas esta\u00e7\u00f5es do corpo de bombeiros, com tr\u00eas viaturas: dois caminh\u00f5es auto bombas e um resgate\u201d, descreveu.<\/p>\n<p>O comandante tamb\u00e9m ressaltou que em inc\u00eandios, como o ocorrido na escola Prada, a prioridade da corpora\u00e7\u00e3o \u00e9 salvar as v\u00edtimas, depois a preocupa\u00e7\u00e3o \u00e9 o isolamento do fogo, para que n\u00e3o se propague para as edifica\u00e7\u00f5es ao redor, e a conten\u00e7\u00e3o do fogo em si.<\/p>\n<p>Em rela\u00e7\u00e3o ao papel desempenhado pela Defesa Civil, Mois\u00e9s disse que os agentes auxiliam o Corpo de Bombeiros durante a ocorr\u00eancia. Ap\u00f3s o fim do inc\u00eandio, a equipe \u00e9 respons\u00e1vel por produzir um laudo sobre o estado da estrutura do pr\u00e9dio. Ele informou que o laudo foi entregue aos respons\u00e1veis no dia 6 de maio. Agora a Defesa Civil ainda trabalha na escola, fazendo o acompanhamento quando h\u00e1 a necessidade de algu\u00e9m entrar no pr\u00e9dio.<\/p>\n<p>J\u00e1 a Guarda Civil Municipal, conforme o comandante Hailer, atuou para dar seguran\u00e7a \u00e0s equipes que combatiam o fogo. Ap\u00f3s o inc\u00eandio, a GCM \u00e9 respons\u00e1vel por fazer a guarni\u00e7\u00e3o do pr\u00e9dio para garantir a seguran\u00e7a do local e n\u00e3o permitir a entrada de pessoas.<\/p>\n<p>Reforma<\/p>\n<p>O representante da Secretaria de Obras afirmou que no momento os esfor\u00e7os est\u00e3o concentrados em fazer o escoramento da estrutura que sobrou do inc\u00eandio e que, devido ao tombamento do im\u00f3vel, o objetivo \u00e9 preservar a maior parte poss\u00edvel. Sobre a previs\u00e3o de in\u00edcio das obras, Juliano disse que ainda n\u00e3o h\u00e1 como precisar, pois \u00e9 necess\u00e1rio fazer o levantamento do que ser\u00e1 reformado.<\/p>\n<p>Questionado sobre os recursos destinados \u00e0 reconstru\u00e7\u00e3o da escola, o representante informou que ainda n\u00e3o \u00e9 poss\u00edvel estimar os custos, ressaltando que o ideal \u00e9 concluir os projetos para, posteriormente, definir os valores da execu\u00e7\u00e3o das obras na escola.<\/p>\n<p>Para buscar informa\u00e7\u00f5es sobre o assunto, a Comiss\u00e3o deliberou o encaminhamento de of\u00edcio \u00e0 Prefeitura solicitando esclarecimentos t\u00e9cnicos e jur\u00eddicos acerca dos recursos anunciados em m\u00eddias locais destinados \u00e0 reforma da escola Prada, especificando os valores dispon\u00edveis, respectivas origens e a forma de destina\u00e7\u00e3o.<\/p>\n<p>Solicitou ainda que informe se h\u00e1 possibilidade legal de recebimento, transfer\u00eancia ou utiliza\u00e7\u00e3o de recursos para a referida finalidade durante o per\u00edodo eleitoral, esclarecendo os fundamentos jur\u00eddicos aplic\u00e1veis ao caso. Pediu tamb\u00e9m o detalhamento da forma de repasse dos recursos, origem, cronograma previsto para disponibiliza\u00e7\u00e3o e utiliza\u00e7\u00e3o, bem como as datas estimadas para cada etapa do processo e, na hip\u00f3tese de inexist\u00eancia de recursos dispon\u00edveis ou de impossibilidade de utiliza\u00e7\u00e3o, solicitou a devida justificativa t\u00e9cnica e jur\u00eddica.<\/p>\n<p>A diretora M\u00e1rcia foi indagada se houve projeto de reforma da escola antes do inc\u00eandio. Ela explicou que, por se tratar de pr\u00e9dio tombado, as interven\u00e7\u00f5es eram limitadas. Informou ainda que a reforma prevista antes do inc\u00eandio possu\u00eda elevado custo financeiro e que as manuten\u00e7\u00f5es seriam realizadas gradativamente, em raz\u00e3o da limita\u00e7\u00e3o de recursos dispon\u00edveis, e acrescentou que a reforma integral n\u00e3o foi executada anteriormente em raz\u00e3o da insufici\u00eancia de recursos e da complexidade da interven\u00e7\u00e3o necess\u00e1ria.<\/p>\n<p>A Comiss\u00e3o questionou o representante do Corpo de Bombeiros acerca dos Autos de Vistoria do Corpo de Bombeiros (AVCBs). O capit\u00e3o Giovani destacou que o documento \u00e9 desconhecido por muita gente, mas a aquisi\u00e7\u00e3o dele \u00e9 necess\u00e1ria para todo tipo de instala\u00e7\u00f5es coletivas, somente h\u00e1 exce\u00e7\u00e3o para resid\u00eancias unifamiliares. De acordo com ele, ter o AVCB v\u00e1lido torna o ambiente coletivo seguro, uma vez que garante o escoamento das pessoas de forma r\u00e1pida em caso de inc\u00eandio.<\/p>\n<p>Os vereadores questionaram a representante da Secretaria de Educa\u00e7\u00e3o sobre os AVCBs das escolas municipais. Cristiane disse que, entre 2025 e 2026 foram emitidos 21 AVCBs e que h\u00e1 35 escolas que precisam dos projetos para aprova\u00e7\u00e3o do Corpo de Bombeiros.<\/p>\n<p>A Comiss\u00e3o<\/p>\n<p>A Comiss\u00e3o de Obras e Planejamento Urbano \u00e9 respons\u00e1vel por temas como servi\u00e7os p\u00fablicos, uso, ocupa\u00e7\u00e3o e parcelamento do solo, e \u00e9 formada pelos vereadores Helder do T\u00e1xi (PSD), presidente; M\u00e1rcio do Estacionamento (DC), vice-presidente; e Jo\u00e3o Antunes Bano (Solidariedade), secret\u00e1rio. Eles se re\u00fanem ordinariamente \u00e0s quintas-feiras, a partir das 13h30. As delibera\u00e7\u00f5es constam na ata da reuni\u00e3o.<\/p>\n<hr>\n<p><em>Fonte: <a href=\"https:\/\/www.limeira.sp.leg.br\/noticias\/view\/2026-05-28_incendio-na-escola-prada-comissao-de-obras-discute-acoes-realizadas-durante-a-ocorrencia\" target=\"_blank\" rel=\"noopener\">C\u00e2mara Municipal de Limeira<\/a><\/em><\/p>\n","protected":false},"excerpt":{"rendered":"<p>Inc\u00eandio na escola Prada: Comiss\u00e3o de Obras discute a\u00e7\u00f5es realizadas durante ocorr\u00eancia<\/p>\n<p>O inc\u00eandio na Escola de Educa\u00e7\u00e3o Infantil e Ensino Fundamental (Emeief) Prada foi o assunto pautado na reuni\u00e3o da Comiss\u00e3o de Obras da C\u00e2mara desta quinta-feira, 28 de maio, que contou com a participa\u00e7\u00e3o de repr<\/p>\n","protected":false},"author":4,"featured_media":67151,"comment_status":"","ping_status":"open","sticky":false,"template":"","format":"standard","meta":{"_jetpack_newsletter_access":"","_jetpack_dont_email_post_to_subs":false,"_jetpack_newsletter_tier_id":0,"_jetpack_memberships_contains_paywalled_content":false,"_mbp_banners":[],"_jetpack_feature_clip_id":0,"_jetpack_memberships_contains_paid_content":false,"footnotes":"","jetpack_publicize_message":"","jetpack_publicize_feature_enabled":true,"jetpack_social_post_already_shared":true,"jetpack_social_options":{"image_generator_settings":{"template":"highway","default_image_id":0,"font":"","enabled":false},"version":2},"jetpack_post_was_ever_published":false},"categories":[19],"tags":[],"class_list":["post-67152","post","type-post","status-publish","format-standard","has-post-thumbnail","category-politica"],"jetpack_publicize_connections":[],"jetpack-related-posts":[],"jetpack_shortlink":"https:\/\/wp.me\/p7Eq1F-ht6","jetpack_sharing_enabled":true,"jetpack_featured_media_url":"https:\/\/i0.wp.com\/guialimeira.com.br\/news\/wp-content\/uploads\/2026\/05\/noticia-camara-116.jpg?fit=1280%2C640&ssl=1","_links":{"self":[{"href":"https:\/\/guialimeira.com.br\/news\/wp-json\/wp\/v2\/posts\/67152","targetHints":{"allow":["GET"]}}],"collection":[{"href":"https:\/\/guialimeira.com.br\/news\/wp-json\/wp\/v2\/posts"}],"about":[{"href":"https:\/\/guialimeira.com.br\/news\/wp-json\/wp\/v2\/types\/post"}],"author":[{"embeddable":true,"href":"https:\/\/guialimeira.com.br\/news\/wp-json\/wp\/v2\/users\/4"}],"replies":[{"embeddable":true,"href":"https:\/\/guialimeira.com.br\/news\/wp-json\/wp\/v2\/comments?post=67152"}],"version-history":[{"count":0,"href":"https:\/\/guialimeira.com.br\/news\/wp-json\/wp\/v2\/posts\/67152\/revisions"}],"wp:featuredmedia":[{"embeddable":true,"href":"https:\/\/guialimeira.com.br\/news\/wp-json\/wp\/v2\/media\/67151"}],"wp:attachment":[{"href":"https:\/\/guialimeira.com.br\/news\/wp-json\/wp\/v2\/media?parent=67152"}],"wp:term":[{"taxonomy":"category","embeddable":true,"href":"https:\/\/guialimeira.com.br\/news\/wp-json\/wp\/v2\/categories?post=67152"},{"taxonomy":"post_tag","embeddable":true,"href":"https:\/\/guialimeira.com.br\/news\/wp-json\/wp\/v2\/tags?post=67152"}],"curies":[{"name":"wp","href":"https:\/\/api.w.org\/{rel}","templated":true}]}}