{"id":67150,"date":"2026-05-28T18:10:54","date_gmt":"2026-05-28T21:10:54","guid":{"rendered":"https:\/\/guialimeira.com.br\/integracao-de-delegacias-em-limeira-e-discutida-em-reuniao-da-comissao-de-seguranca\/"},"modified":"2026-05-28T18:10:54","modified_gmt":"2026-05-28T21:10:54","slug":"integracao-de-delegacias-em-limeira-e-discutida-em-reuniao-da-comissao-de-seguranca","status":"publish","type":"post","link":"https:\/\/guialimeira.com.br\/news\/integracao-de-delegacias-em-limeira-e-discutida-em-reuniao-da-comissao-de-seguranca\/","title":{"rendered":"Integra\u00e7\u00e3o de delegacias em Limeira \u00e9 discutida em reuni\u00e3o da Comiss\u00e3o de Seguran\u00e7a"},"content":{"rendered":"<p>Integra\u00e7\u00e3o de delegacias em Limeira \u00e9 discutida em reuni\u00e3o da Comiss\u00e3o de Seguran\u00e7a<\/p>\n<p>Com o objetivo de melhorar a estrutura das delegacias de Limeira, a Comiss\u00e3o de Seguran\u00e7a P\u00fablica da C\u00e2mara convidou o representante da Pol\u00edcia Civil do estado de S\u00e3o Paulo, delegado Luis Henrique Lima Pereira, para discutir a possibilidade de centralizar as delegacias da cidade em um \u00fanico pr\u00e9dio, na reuni\u00e3o desta quinta-feira, 28 de maio.<\/p>\n<p>A ideia partiu de uma visita \u00e0 delegacia de Leme, realizada pelo colegiado no dia 14 de maio. A unidade re\u00fane, em um \u00fanico pr\u00e9dio, a Delegacia de Defesa da Mulher (DDM), o 1\u00ba e 2\u00ba Distritos Policiais, a Delegacia do Munic\u00edpio e o plant\u00e3o policial, que funciona 24 horas no mesmo endere\u00e7o.<\/p>\n<p>Conforme o delegado, j\u00e1 existe um estudo de unifica\u00e7\u00e3o, visando economizar gastos e otimizar recursos humanos. \u201cA ideia \u00e9 levar o 1\u00ba Distrito Policial e a Delegacia de Defesa da Mulher (DDM) para o mesmo pr\u00e9dio onde funciona a Delegacia Seccional de Limeira\u201d, informou, afirmando que a centraliza\u00e7\u00e3o beneficia a popula\u00e7\u00e3o, por facilitar o acesso aos \u00f3rg\u00e3os e dar celeridade aos trabalhos.<\/p>\n<p>De acordo com Luis, o primeiro passo j\u00e1 foi dado para essa mudan\u00e7a, j\u00e1 houve avalia\u00e7\u00e3o do pr\u00e9dio da Seccional por um engenheiro que apontou que a estrutura est\u00e1 deteriorada, o que o habilita para reforma. Ele disse que a partir de agora s\u00e3o necess\u00e1rios estudos t\u00e9cnicos, para depois buscar recursos para a obra.<\/p>\n<p>Atendimento DDM 24h<\/p>\n<p>O delegado aproveitou o di\u00e1logo para esclarecer sobre o atendimento da Delegacia de Defesa da Mulher. Ele ressaltou que em Limeira h\u00e1 um plant\u00e3o 24h via acesso remoto em uma sala da Seccional. De acordo com Luis, o atendimento ocorre por meio de videoconfer\u00eancia, no qual uma delegada ouve a v\u00edtima e d\u00e1 andamento ao caso.<\/p>\n<p>Agenda<\/p>\n<p>A Comiss\u00e3o agendou uma reuni\u00e3o para o dia 11 de junho, \u00e0s 16h, no Plen\u00e1rio Vereador Vit\u00f3rio Bortolan, com transmiss\u00e3o ao vivo pelos canais de comunica\u00e7\u00e3o da C\u00e2mara no Youtube, Facebook e site. Em pauta est\u00e1 a estrutura\u00e7\u00e3o de um fluxo de atendimento e a presta\u00e7\u00e3o de servi\u00e7os assistenciais voltados aos indiv\u00edduos que passam por audi\u00eancia de cust\u00f3dia em Limeira.<\/p>\n<p>A Comiss\u00e3o de Seguran\u00e7a P\u00fablica da C\u00e2mara \u00e9 composta pelos vereadores Costa J\u00fanior (Podemos), presidente; Felipe Penedo (PL), vice-presidente, e Carlinhos do Grotta (PL), secret\u00e1rio.<\/p>\n<p>S\u00e3o responsabilidades deste colegiado opinar sobre proposituras relativas \u00e0 \u00e1rea, bem como promover estudos e reuni\u00f5es sobre a criminalidade, a viol\u00eancia e a seguran\u00e7a p\u00fablica, propondo medidas necess\u00e1rias \u00e0 melhoria da preven\u00e7\u00e3o e prote\u00e7\u00e3o da comunidade; atuar junto \u00e0s esferas governamentais a fim de implementar pol\u00edticas de seguran\u00e7a p\u00fablica no Munic\u00edpio; e apresentar sugest\u00f5es para o aperfei\u00e7oamento da legisla\u00e7\u00e3o municipal pertinente \u00e0 seguran\u00e7a p\u00fablica. As delibera\u00e7\u00f5es podem ser conferidas em ata.<\/p>\n<hr>\n<p><em>Fonte: <a href=\"https:\/\/www.limeira.sp.leg.br\/noticias\/view\/2026-05-28_integracao-de-delegacias-em-limeira-e-discutida-em-reuniao-da-comissao-de-seguranca\" target=\"_blank\" rel=\"noopener\">C\u00e2mara Municipal de Limeira<\/a><\/em><\/p>\n","protected":false},"excerpt":{"rendered":"<p>Integra\u00e7\u00e3o de delegacias em Limeira \u00e9 discutida em reuni\u00e3o da Comiss\u00e3o de Seguran\u00e7a<\/p>\n<p>Com o objetivo de melhorar a estrutura das delegacias de Limeira, a Comiss\u00e3o de Seguran\u00e7a P\u00fablica da C\u00e2mara convidou o representante da Pol\u00edcia Civil do estado de S\u00e3o Paulo, delegado Luis Henrique Lima Pereira, para<\/p>\n","protected":false},"author":4,"featured_media":67149,"comment_status":"","ping_status":"open","sticky":false,"template":"","format":"standard","meta":{"_jetpack_newsletter_access":"","_jetpack_dont_email_post_to_subs":false,"_jetpack_newsletter_tier_id":0,"_jetpack_memberships_contains_paywalled_content":false,"_mbp_banners":[],"_jetpack_feature_clip_id":0,"_jetpack_memberships_contains_paid_content":false,"footnotes":"","jetpack_publicize_message":"","jetpack_publicize_feature_enabled":true,"jetpack_social_post_already_shared":true,"jetpack_social_options":{"image_generator_settings":{"template":"highway","default_image_id":0,"font":"","enabled":false},"version":2},"jetpack_post_was_ever_published":false},"categories":[19],"tags":[],"class_list":["post-67150","post","type-post","status-publish","format-standard","has-post-thumbnail","category-politica"],"jetpack_publicize_connections":[],"jetpack-related-posts":[],"jetpack_shortlink":"https:\/\/wp.me\/p7Eq1F-ht4","jetpack_sharing_enabled":true,"jetpack_featured_media_url":"https:\/\/i0.wp.com\/guialimeira.com.br\/news\/wp-content\/uploads\/2026\/05\/noticia-camara-115.jpg?fit=1280%2C640&ssl=1","_links":{"self":[{"href":"https:\/\/guialimeira.com.br\/news\/wp-json\/wp\/v2\/posts\/67150","targetHints":{"allow":["GET"]}}],"collection":[{"href":"https:\/\/guialimeira.com.br\/news\/wp-json\/wp\/v2\/posts"}],"about":[{"href":"https:\/\/guialimeira.com.br\/news\/wp-json\/wp\/v2\/types\/post"}],"author":[{"embeddable":true,"href":"https:\/\/guialimeira.com.br\/news\/wp-json\/wp\/v2\/users\/4"}],"replies":[{"embeddable":true,"href":"https:\/\/guialimeira.com.br\/news\/wp-json\/wp\/v2\/comments?post=67150"}],"version-history":[{"count":0,"href":"https:\/\/guialimeira.com.br\/news\/wp-json\/wp\/v2\/posts\/67150\/revisions"}],"wp:featuredmedia":[{"embeddable":true,"href":"https:\/\/guialimeira.com.br\/news\/wp-json\/wp\/v2\/media\/67149"}],"wp:attachment":[{"href":"https:\/\/guialimeira.com.br\/news\/wp-json\/wp\/v2\/media?parent=67150"}],"wp:term":[{"taxonomy":"category","embeddable":true,"href":"https:\/\/guialimeira.com.br\/news\/wp-json\/wp\/v2\/categories?post=67150"},{"taxonomy":"post_tag","embeddable":true,"href":"https:\/\/guialimeira.com.br\/news\/wp-json\/wp\/v2\/tags?post=67150"}],"curies":[{"name":"wp","href":"https:\/\/api.w.org\/{rel}","templated":true}]}}