{"id":67145,"date":"2026-05-28T17:50:53","date_gmt":"2026-05-28T20:50:53","guid":{"rendered":"https:\/\/guialimeira.com.br\/comissao-de-meio-ambiente-debate-acoes-de-prevencao-as-queimadas-urbanas-em-limeira\/"},"modified":"2026-05-28T17:50:53","modified_gmt":"2026-05-28T20:50:53","slug":"comissao-de-meio-ambiente-debate-acoes-de-prevencao-as-queimadas-urbanas-em-limeira","status":"publish","type":"post","link":"https:\/\/guialimeira.com.br\/news\/comissao-de-meio-ambiente-debate-acoes-de-prevencao-as-queimadas-urbanas-em-limeira\/","title":{"rendered":"Comiss\u00e3o de Meio Ambiente debate a\u00e7\u00f5es de preven\u00e7\u00e3o \u00e0s queimadas urbanas em Limeira"},"content":{"rendered":"<p>Comiss\u00e3o de Meio Ambiente debate a\u00e7\u00f5es de preven\u00e7\u00e3o \u00e0s queimadas urbanas em Limeira<\/p>\n<p>O vereador Estev\u00e3o Nogueira (Avante) participou da reuni\u00e3o da Comiss\u00e3o de Meio Ambiente que ocorreu nesta quinta-feira, 28 de maio, na C\u00e2mara Municipal. Os parlamentares debateram sobre o planejamento das a\u00e7\u00f5es para a\u00a0 campanha contra as queimadas. O colegiado tamb\u00e9m deliberou alguns questionamentos \u00e0 Prefeitura sobre o planejamento de a\u00e7\u00f5es de combate durante o per\u00edodo de estiagem.<\/p>\n<p>Per\u00edodo de estiagem<\/p>\n<p>Com o per\u00edodo de estiagem se aproximando, o colegiado questionou o Poder Executivo sobre qual seria o planejamento para combater as queimadas, como a poda e limpeza do entorno das Unidades B\u00e1sicas de Sa\u00fade (UBS), escolas e centros comunit\u00e1rios.<\/p>\n<p>Campanha contra queimadas<\/p>\n<p>Em rela\u00e7\u00e3o \u00e0 campanha, Estev\u00e3o Nogueira trouxe aos parlamentares da Comiss\u00e3o algumas id\u00e9ias para ampliar as a\u00e7\u00f5es. O vereador sugeriu algumas altera\u00e7\u00f5es nos cartazes de divulga\u00e7\u00e3o e um planejamento para fechar parcerias com escolas, reparti\u00e7\u00f5es p\u00fablicas e eventos municipais, al\u00e9m de realizar palestras, semin\u00e1rios, oficinas e debates.<\/p>\n<p>Estev\u00e3o Nogueira e o colegiado s\u00e3o os autores da Lei Ordin\u00e1ria N\u00ba 7325\/2026 e da Resolu\u00e7\u00e3o N\u00ba 922\/2026, que instituem campanhas permanentes de preven\u00e7\u00e3o e combate \u00e0s queimadas em Limeira, a serem realizadas anualmente.<\/p>\n<p>O colegiado \u00e9 composto por Felipe Penedo (PL), presidente; Tatiane Lopes (Avante), vice-presidente; e Helder do T\u00e1xi (PSD), secret\u00e1rio. As delibera\u00e7\u00f5es feitas durante o debate constam em ata.<\/p>\n<hr>\n<p><em>Fonte: <a href=\"https:\/\/www.limeira.sp.leg.br\/noticias\/view\/2026-05-28_comissao-de-meio-ambiente-debate-acoes-de-prevencao-as-queimadas-urbanas-em-limeira\" target=\"_blank\" rel=\"noopener\">C\u00e2mara Municipal de Limeira<\/a><\/em><\/p>\n","protected":false},"excerpt":{"rendered":"<p>Comiss\u00e3o de Meio Ambiente debate a\u00e7\u00f5es de preven\u00e7\u00e3o \u00e0s queimadas urbanas em Limeira<\/p>\n<p>O vereador Estev\u00e3o Nogueira (Avante) participou da reuni\u00e3o da Comiss\u00e3o de Meio Ambiente que ocorreu nesta quinta-feira, 28 de maio, na C\u00e2mara Municipal. Os parlamentares debateram sobre o planejamento das a\u00e7\u00f5es para<\/p>\n","protected":false},"author":4,"featured_media":67144,"comment_status":"","ping_status":"open","sticky":false,"template":"","format":"standard","meta":{"_jetpack_newsletter_access":"","_jetpack_dont_email_post_to_subs":false,"_jetpack_newsletter_tier_id":0,"_jetpack_memberships_contains_paywalled_content":false,"_mbp_banners":[],"_jetpack_feature_clip_id":0,"_jetpack_memberships_contains_paid_content":false,"footnotes":"","jetpack_publicize_message":"","jetpack_publicize_feature_enabled":true,"jetpack_social_post_already_shared":true,"jetpack_social_options":{"image_generator_settings":{"template":"highway","default_image_id":0,"font":"","enabled":false},"version":2},"jetpack_post_was_ever_published":false},"categories":[19],"tags":[],"class_list":["post-67145","post","type-post","status-publish","format-standard","has-post-thumbnail","category-politica"],"jetpack_publicize_connections":[],"jetpack-related-posts":[],"jetpack_shortlink":"https:\/\/wp.me\/p7Eq1F-hsZ","jetpack_sharing_enabled":true,"jetpack_featured_media_url":"https:\/\/i0.wp.com\/guialimeira.com.br\/news\/wp-content\/uploads\/2026\/05\/noticia-camara-114.jpg?fit=1280%2C640&ssl=1","_links":{"self":[{"href":"https:\/\/guialimeira.com.br\/news\/wp-json\/wp\/v2\/posts\/67145","targetHints":{"allow":["GET"]}}],"collection":[{"href":"https:\/\/guialimeira.com.br\/news\/wp-json\/wp\/v2\/posts"}],"about":[{"href":"https:\/\/guialimeira.com.br\/news\/wp-json\/wp\/v2\/types\/post"}],"author":[{"embeddable":true,"href":"https:\/\/guialimeira.com.br\/news\/wp-json\/wp\/v2\/users\/4"}],"replies":[{"embeddable":true,"href":"https:\/\/guialimeira.com.br\/news\/wp-json\/wp\/v2\/comments?post=67145"}],"version-history":[{"count":0,"href":"https:\/\/guialimeira.com.br\/news\/wp-json\/wp\/v2\/posts\/67145\/revisions"}],"wp:featuredmedia":[{"embeddable":true,"href":"https:\/\/guialimeira.com.br\/news\/wp-json\/wp\/v2\/media\/67144"}],"wp:attachment":[{"href":"https:\/\/guialimeira.com.br\/news\/wp-json\/wp\/v2\/media?parent=67145"}],"wp:term":[{"taxonomy":"category","embeddable":true,"href":"https:\/\/guialimeira.com.br\/news\/wp-json\/wp\/v2\/categories?post=67145"},{"taxonomy":"post_tag","embeddable":true,"href":"https:\/\/guialimeira.com.br\/news\/wp-json\/wp\/v2\/tags?post=67145"}],"curies":[{"name":"wp","href":"https:\/\/api.w.org\/{rel}","templated":true}]}}