{"id":67142,"date":"2026-05-28T17:50:46","date_gmt":"2026-05-28T20:50:46","guid":{"rendered":"https:\/\/guialimeira.com.br\/justica-determina-reintegracao-de-posse-da-antiga-garagem-da-prefeitura-ocupantes-precisam-sair-ate-domingo-31\/"},"modified":"2026-05-28T17:50:46","modified_gmt":"2026-05-28T20:50:46","slug":"justica-determina-reintegracao-de-posse-da-antiga-garagem-da-prefeitura-ocupantes-precisam-sair-ate-domingo-31","status":"publish","type":"post","link":"https:\/\/guialimeira.com.br\/news\/justica-determina-reintegracao-de-posse-da-antiga-garagem-da-prefeitura-ocupantes-precisam-sair-ate-domingo-31\/","title":{"rendered":"Justi\u00e7a determina reintegra\u00e7\u00e3o de posse da antiga garagem da Prefeitura; ocupantes precisam sair at\u00e9 domingo (31)"},"content":{"rendered":"<p> <br \/>\n<br \/><img data-recalc-dims=\"1\" decoding=\"async\" src=\"https:\/\/i0.wp.com\/ecrie.com.br\/sistema\/conteudos\/imagem\/m_137_0_1_28052026174910.jpeg?w=696&#038;ssl=1\" \/><\/p>\n<p>A Justi&ccedil;a determinou a reintegra&ccedil;&atilde;o de posse da antiga garagem da Prefeitura, localizada na Avenida Sousa Queiroz, na Vila Queiroz, em Limeira. A &aacute;rea &eacute; ocupada irregularmente por particulares h&aacute; anos. A decis&atilde;o, proferida pela ju&iacute;za Marcella Caliani, da Vara da Fazenda P&uacute;blica de Limeira, ordena a desocupa&ccedil;&atilde;o imediata da &aacute;rea, que pertence ao patrim&ocirc;nio municipal e ser&aacute; destinada ao uso de setores da Prefeitura.<\/p>\n<p>O caso envolve um empres&aacute;rio que tomou posse do im&oacute;vel sem autoriza&ccedil;&atilde;o e, ao longo do tempo, passou a sublocar o espa&ccedil;o para terceiros. No local, funcionam atividades como borracharia, mec&acirc;nica e desmanche de ve&iacute;culos, todas sem qualquer respaldo legal. A pr&oacute;pria Justi&ccedil;a reconheceu que a situa&ccedil;&atilde;o configurava ocupa&ccedil;&atilde;o irregular, o que n&atilde;o gera direito de perman&ecirc;ncia, indeniza&ccedil;&atilde;o por benfeitorias ou qualquer forma de compensa&ccedil;&atilde;o aos ocupantes.<\/p>\n<p>Os recursos apresentados pelo empres&aacute;rio foram rejeitados em todas as inst&acirc;ncias, incluindo o Superior Tribunal de Justi&ccedil;a, que confirmou a validade da ordem de desocupa&ccedil;&atilde;o. A reintegra&ccedil;&atilde;o ser&aacute; cumprida a partir da pr&oacute;xima segunda-feira (1&ordm;). Em caso de resist&ecirc;ncia ao cumprimento, os ocupantes est&atilde;o sujeitos ao pagamento de multa di&aacute;ria fixada pelo Tribunal, e os bens encontrados no local ser&atilde;o retirados e depositados em ju&iacute;zo.<\/p>\n<p><br \/>\n<br \/><a href=\"https:\/\/limeira.sp.gov.br\/justica-determina-reintegracao-de-posse-da-antiga-garagem-da-prefeitura-ocupantes-precisam-sair-ate-domingo-31\" rel=\"noopener\">Informa\u00e7\u00f5es da PML <\/a><\/p>\n","protected":false},"excerpt":{"rendered":"<p>A Justi&ccedil;a determinou a reintegra&ccedil;&atilde;o de posse da antiga garagem da Prefeitura, localizada na Avenida Sousa Queiroz, na Vila Queiroz, em Limeira. A &aacute;rea &eacute; ocupada irregularmente por particulares h&aacute; anos. A decis&atilde;o, proferida pela ju&iacute;za Marcella Caliani, da Vara da Fazenda P&uacute;blica de Limeira, ordena a desocupa&ccedil;&atilde;o imediata da &aacute;rea, que pertence ao patrim&ocirc;nio [&hellip;]<\/p>\n","protected":false},"author":1,"featured_media":67143,"comment_status":"","ping_status":"open","sticky":false,"template":"","format":"standard","meta":{"_jetpack_newsletter_access":"","_jetpack_dont_email_post_to_subs":false,"_jetpack_newsletter_tier_id":0,"_jetpack_memberships_contains_paywalled_content":false,"_mbp_banners":[],"_jetpack_feature_clip_id":0,"_jetpack_memberships_contains_paid_content":false,"footnotes":"","jetpack_publicize_message":"","jetpack_publicize_feature_enabled":true,"jetpack_social_post_already_shared":true,"jetpack_social_options":{"image_generator_settings":{"template":"highway","default_image_id":0,"font":"","enabled":false},"version":2},"jetpack_post_was_ever_published":false},"categories":[16],"tags":[],"class_list":["post-67142","post","type-post","status-publish","format-standard","has-post-thumbnail","category-local"],"jetpack_publicize_connections":[],"jetpack-related-posts":[],"jetpack_shortlink":"https:\/\/wp.me\/p7Eq1F-hsW","jetpack_sharing_enabled":true,"jetpack_featured_media_url":"https:\/\/i0.wp.com\/guialimeira.com.br\/news\/wp-content\/uploads\/2026\/05\/m_137_0_1_28052026174910.jpeg?fit=1024%2C520&ssl=1","_links":{"self":[{"href":"https:\/\/guialimeira.com.br\/news\/wp-json\/wp\/v2\/posts\/67142","targetHints":{"allow":["GET"]}}],"collection":[{"href":"https:\/\/guialimeira.com.br\/news\/wp-json\/wp\/v2\/posts"}],"about":[{"href":"https:\/\/guialimeira.com.br\/news\/wp-json\/wp\/v2\/types\/post"}],"author":[{"embeddable":true,"href":"https:\/\/guialimeira.com.br\/news\/wp-json\/wp\/v2\/users\/1"}],"replies":[{"embeddable":true,"href":"https:\/\/guialimeira.com.br\/news\/wp-json\/wp\/v2\/comments?post=67142"}],"version-history":[{"count":0,"href":"https:\/\/guialimeira.com.br\/news\/wp-json\/wp\/v2\/posts\/67142\/revisions"}],"wp:featuredmedia":[{"embeddable":true,"href":"https:\/\/guialimeira.com.br\/news\/wp-json\/wp\/v2\/media\/67143"}],"wp:attachment":[{"href":"https:\/\/guialimeira.com.br\/news\/wp-json\/wp\/v2\/media?parent=67142"}],"wp:term":[{"taxonomy":"category","embeddable":true,"href":"https:\/\/guialimeira.com.br\/news\/wp-json\/wp\/v2\/categories?post=67142"},{"taxonomy":"post_tag","embeddable":true,"href":"https:\/\/guialimeira.com.br\/news\/wp-json\/wp\/v2\/tags?post=67142"}],"curies":[{"name":"wp","href":"https:\/\/api.w.org\/{rel}","templated":true}]}}