{"id":67141,"date":"2026-05-28T17:45:53","date_gmt":"2026-05-28T20:45:53","guid":{"rendered":"https:\/\/guialimeira.com.br\/isabelly-carvalho-e-symmy-larrat-participam-de-agenda-em-defesa-dos-direitos-humanos-e-da-diversidade-em-limeira\/"},"modified":"2026-05-28T17:45:53","modified_gmt":"2026-05-28T20:45:53","slug":"isabelly-carvalho-e-symmy-larrat-participam-de-agenda-em-defesa-dos-direitos-humanos-e-da-diversidade-em-limeira","status":"publish","type":"post","link":"https:\/\/guialimeira.com.br\/news\/isabelly-carvalho-e-symmy-larrat-participam-de-agenda-em-defesa-dos-direitos-humanos-e-da-diversidade-em-limeira\/","title":{"rendered":"Isabelly Carvalho e Symmy Larrat participam de agenda em defesa dos direitos humanos e da diversidade em Limeira"},"content":{"rendered":"<p>Isabelly Carvalho e Symmy Larrat participam de agenda em defesa dos direitos humanos e da diversidade em Limeira<\/p>\n<p>No dia 19 de maio, a secret\u00e1ria nacional dos Direitos Humanos das Pessoas LGBTQIA+ do Minist\u00e9rio dos Direitos Humanos e da Cidadania, Symmy Larrat, veio \u00e0 Limeira para uma agenda de atividades voltadas ao fortalecimento das pol\u00edticas p\u00fablicas de diversidade, cidadania e direitos humanos no Munic\u00edpio, em parceria com a vereadora Isabelly Carvalho (PT).<\/p>\n<p>A parlamentar destacou que Symmy Larrat participou de encontros institucionais, visitas e di\u00e1logos com representantes da sociedade civil, lideran\u00e7as locais, movimentos sociais e agentes p\u00fablicos, promovendo debates sobre inclus\u00e3o, combate \u00e0 discrimina\u00e7\u00e3o e garantia de direitos da popula\u00e7\u00e3o LGBTQIA+. \u201cA agenda refor\u00e7ou a import\u00e2ncia da constru\u00e7\u00e3o de pol\u00edticas p\u00fablicas que assegurem respeito, dignidade e acesso \u00e0 cidadania para todas as pessoas\u201d, ressaltou.<\/p>\n<p>Entre os compromissos realizados em Limeira, a secret\u00e1ria tamb\u00e9m participou de uma reuni\u00e3o com representantes da Associa\u00e7\u00e3o da Parada LGBT+ de Limeira. O encontro possibilitou a troca de experi\u00eancias e o di\u00e1logo sobre as principais demandas da popula\u00e7\u00e3o LGBTQIA+ no Munic\u00edpio, al\u00e9m de discutir a\u00e7\u00f5es de fortalecimento da rede de apoio, visibilidade e promo\u00e7\u00e3o dos direitos humanos.<\/p>\n<p>Para Symmy Larrat, o fortalecimento das pol\u00edticas p\u00fablicas voltadas \u00e0 diversidade depende da constru\u00e7\u00e3o coletiva entre governo e sociedade civil. \u201c\u00c9 fundamental que os munic\u00edpios ampliem os espa\u00e7os de escuta e participa\u00e7\u00e3o social. O di\u00e1logo com os movimentos e com a popula\u00e7\u00e3o LGBTQIA+ fortalece pol\u00edticas p\u00fablicas mais humanas, inclusivas e efetivas\u201d, expressou a secret\u00e1ria.<\/p>\n<p>Isabelly Carvalho tamb\u00e9m ressaltou a import\u00e2ncia da agenda realizada em Limeira. \u201cReceber a Symmy em nossa cidade representa um avan\u00e7o importante no fortalecimento das pautas de direitos humanos, diversidade e respeito. Precisamos construir pol\u00edticas p\u00fablicas que acolham todas as pessoas e garantam dignidade, inclus\u00e3o e cidadania\u201d, afirmou.<\/p>\n<p>A vereadora relatou que a visita tamb\u00e9m simbolizou a aproxima\u00e7\u00e3o entre o Governo Federal, os movimentos sociais e o Munic\u00edpio, fortalecendo a articula\u00e7\u00e3o institucional em torno de pautas fundamentais para a promo\u00e7\u00e3o da igualdade e do respeito \u00e0 diversidade. \u201cA agenda do dia 19 de maio reafirmou o compromisso com pol\u00edticas p\u00fablicas humanizadas e democr\u00e1ticas, destacando o papel do di\u00e1logo e da participa\u00e7\u00e3o popular na constru\u00e7\u00e3o de uma sociedade mais justa, plural e acolhedora\u201d, disse a parlamentar.<\/p>\n<p>Do Gabinete Parlamentar \u2013 Vereadora Isabelly Carvalho (PT)<\/p>\n<p>Fotos do Gabinete Parlamentar<\/p>\n<p>As mat\u00e9rias de origem dos Gabinetes Parlamentares s\u00e3o de inteira\u00a0 responsabilidade dos parlamentares e de suas assessorias. S\u00e3o devidamente assinadas e n\u00e3o refletem, necessariamente, a opini\u00e3o institucional da C\u00e2mara Municipal de Limeira.<\/p>\n<hr>\n<p><em>Fonte: <a href=\"https:\/\/www.limeira.sp.leg.br\/noticias\/view\/2026-05-28_isabelly-carvalho-e-symmy-larrat-participam-de-agenda-em-defesa-dos-direitos-humanos-e-da-diversidade-em-limeira\" target=\"_blank\" rel=\"noopener\">C\u00e2mara Municipal de Limeira<\/a><\/em><\/p>\n","protected":false},"excerpt":{"rendered":"<p>Isabelly Carvalho e Symmy Larrat participam de agenda em defesa dos direitos humanos e da diversidade em Limeira<\/p>\n<p>No dia 19 de maio, a secret\u00e1ria nacional dos Direitos Humanos das Pessoas LGBTQIA+ do Minist\u00e9rio dos Direitos Humanos e da Cidadania, Symmy Larrat, veio \u00e0 Limeira para uma agenda de ativ<\/p>\n","protected":false},"author":4,"featured_media":67140,"comment_status":"","ping_status":"open","sticky":false,"template":"","format":"standard","meta":{"_jetpack_newsletter_access":"","_jetpack_dont_email_post_to_subs":false,"_jetpack_newsletter_tier_id":0,"_jetpack_memberships_contains_paywalled_content":false,"_mbp_banners":[],"_jetpack_feature_clip_id":0,"_jetpack_memberships_contains_paid_content":false,"footnotes":"","jetpack_publicize_message":"","jetpack_publicize_feature_enabled":true,"jetpack_social_post_already_shared":true,"jetpack_social_options":{"image_generator_settings":{"template":"highway","default_image_id":0,"font":"","enabled":false},"version":2},"jetpack_post_was_ever_published":false},"categories":[19],"tags":[],"class_list":["post-67141","post","type-post","status-publish","format-standard","has-post-thumbnail","category-politica"],"jetpack_publicize_connections":[],"jetpack-related-posts":[],"jetpack_shortlink":"https:\/\/wp.me\/p7Eq1F-hsV","jetpack_sharing_enabled":true,"jetpack_featured_media_url":"https:\/\/i0.wp.com\/guialimeira.com.br\/news\/wp-content\/uploads\/2026\/05\/noticia-camara-113.jpg?fit=1280%2C640&ssl=1","_links":{"self":[{"href":"https:\/\/guialimeira.com.br\/news\/wp-json\/wp\/v2\/posts\/67141","targetHints":{"allow":["GET"]}}],"collection":[{"href":"https:\/\/guialimeira.com.br\/news\/wp-json\/wp\/v2\/posts"}],"about":[{"href":"https:\/\/guialimeira.com.br\/news\/wp-json\/wp\/v2\/types\/post"}],"author":[{"embeddable":true,"href":"https:\/\/guialimeira.com.br\/news\/wp-json\/wp\/v2\/users\/4"}],"replies":[{"embeddable":true,"href":"https:\/\/guialimeira.com.br\/news\/wp-json\/wp\/v2\/comments?post=67141"}],"version-history":[{"count":0,"href":"https:\/\/guialimeira.com.br\/news\/wp-json\/wp\/v2\/posts\/67141\/revisions"}],"wp:featuredmedia":[{"embeddable":true,"href":"https:\/\/guialimeira.com.br\/news\/wp-json\/wp\/v2\/media\/67140"}],"wp:attachment":[{"href":"https:\/\/guialimeira.com.br\/news\/wp-json\/wp\/v2\/media?parent=67141"}],"wp:term":[{"taxonomy":"category","embeddable":true,"href":"https:\/\/guialimeira.com.br\/news\/wp-json\/wp\/v2\/categories?post=67141"},{"taxonomy":"post_tag","embeddable":true,"href":"https:\/\/guialimeira.com.br\/news\/wp-json\/wp\/v2\/tags?post=67141"}],"curies":[{"name":"wp","href":"https:\/\/api.w.org\/{rel}","templated":true}]}}