{"id":6714,"date":"2024-05-28T12:26:02","date_gmt":"2024-05-28T15:26:02","guid":{"rendered":"https:\/\/guialimeira.com.br\/2024\/05\/28\/aprovados-no-provao-paulista-tem-ate-quarta-para-fazerem-a-matricula\/"},"modified":"2024-05-28T12:26:02","modified_gmt":"2024-05-28T15:26:02","slug":"aprovados-no-provao-paulista-tem-ate-quarta-para-fazerem-a-matricula","status":"publish","type":"post","link":"https:\/\/guialimeira.com.br\/news\/aprovados-no-provao-paulista-tem-ate-quarta-para-fazerem-a-matricula\/","title":{"rendered":"Aprovados no Prov\u00e3o Paulista t\u00eam at\u00e9 quarta para fazerem a matr\u00edcula"},"content":{"rendered":"<p> <br \/>\n<\/p>\n<div id=\"\">&#13;<br \/>\n                                <!-- Title -->&#13;<br \/>\n                                &#13;<br \/>\n&#13;<br \/>\n                                <!-- Excerpt -->&#13;<\/p>\n<p class=\"excerpt\">Quarta lista de aprovados foi divulgada na segunda-feira (27); Aulas come\u00e7am no segundo semestre deste ano<\/p>\n<p>&#13;<br \/>\n&#13;<br \/>\n                                &#13;\n                            <\/p><\/div>\n<div id=\"\">&#13;<\/p>\n<p><iframe loading=\"lazy\" title=\"Aprovados no Prov\u00e3o Paulista t\u00eam at\u00e9 quarta (29) para se matricularem nas Fatecs by Governo do Estado de S\u00e3o Paulo\" width=\"587\" height=\"330\" scrolling=\"no\" frameborder=\"no\" src=\"https:\/\/w.soundcloud.com\/player\/?visual=true&amp;url=https%3A%2F%2Fapi.soundcloud.com%2Ftracks%2F1832161230&amp;show_artwork=true&amp;maxheight=330&amp;maxwidth=587\"><\/iframe><\/p>\n<p>\u00a0<\/p>\n<p>Os estudantes classificados na quarta chamada do Prov\u00e3o Paulista Seriado para as aulas que ter\u00e3o in\u00edcio no segundo semestre nas Faculdades de Tecnologia do Estado de S\u00e3o Paulo t\u00eam at\u00e9 quarta-feira, dia 29, para efetivarem a matr\u00edcula no curso superior escolhido.<\/p>\n<p>A lista dos aprovados na <a href=\"https:\/\/www.educacao.sp.gov.br\/ultima-chamada-provao-paulista-alunos-podem-conferir-quarta-lista-de-aprovados-nas-fatecs\/\" rel=\"noopener\">quarta chamada foi divulgada<\/a> pela Secretaria da Educa\u00e7\u00e3o do Estado de S\u00e3o Paulo (Seduc-SP) na segunda-feira, dia 27 de maio. A rela\u00e7\u00e3o de nomes est\u00e1 dispon\u00edvel para consulta no site <a href=\"http:\/\/provaopaulistaseriado.vunesp.com.br\" rel=\"noopener\">provaopaulistaseriado.vunesp.com.br<\/a>.<\/p>\n<p>Os convocados devem registrar a matr\u00edcula de forma online no portal das Fatecs, em <a href=\"http:\/\/www.cps.sp.gov.br\/provaopaulista\/\" rel=\"noopener\">www.cps.sp.gov.br\/provaopaulista<\/a>. Ap\u00f3s o prazo, o candidato perder\u00e1 o direito \u00e0 vaga.<\/p>\n<figure id=\"attachment_5765569\" style=\"width: 100%;max-width: 603px\" class=\"wp-caption alignnone\"><img data-recalc-dims=\"1\" decoding=\"async\" loading=\"lazy\" class=\" wp-image-5765569\" src=\"https:\/\/i0.wp.com\/www.saopaulo.sp.gov.br\/wp-content\/uploads\/2023\/11\/provao-paulista-scaled-e1698857148732-300x190.jpg?resize=603%2C382&#038;ssl=1\" alt=\"Alunos concentrados fazendo o Prov\u00e3o Paulista\" width=\"603\" height=\"382\" srcset=\"https:\/\/www.saopaulo.sp.gov.br\/wp-content\/uploads\/2023\/11\/provao-paulista-scaled-e1698857148732-300x190.jpg 300w, https:\/\/www.saopaulo.sp.gov.br\/wp-content\/uploads\/2023\/11\/provao-paulista-scaled-e1698857148732-1024x650.jpg 1024w, https:\/\/www.saopaulo.sp.gov.br\/wp-content\/uploads\/2023\/11\/provao-paulista-scaled-e1698857148732-768x487.jpg 768w, https:\/\/www.saopaulo.sp.gov.br\/wp-content\/uploads\/2023\/11\/provao-paulista-scaled-e1698857148732-1536x975.jpg 1536w, https:\/\/www.saopaulo.sp.gov.br\/wp-content\/uploads\/2023\/11\/provao-paulista-scaled-e1698857148732.jpg 1913w\" sizes=\"auto, (max-width: 603px) 100vw, 603px\"\/><figcaption class=\"wp-caption-text\">\u00daltima chamada do Prov\u00e3o Paulista, aulas come\u00e7am no segundo semestre<\/figcaption><\/figure>\n<p>\u201cEntrar na Fatec foi uma sensa\u00e7\u00e3o incr\u00edvel, principalmente pra mim que no Ensino M\u00e9dio n\u00e3o via tanta expectativa de conseguir alcan\u00e7ar sonhos atrav\u00e9s dessa nova oportunidade\u201d, afirma Erick Dias Guimar\u00e3es, de 18 anos, aprovado na Fatec de Franco da Rocha para o curso de gest\u00e3o de energia e efici\u00eancia energ\u00e9tica.<\/p>\n<p>Entre as vagas com oportunidades abertas nesta etapa est\u00e3o a faculdade de com\u00e9rcio exterior, log\u00edstica, marketing, ci\u00eancia de dados, sistemas para internet, entre outras.<\/p>\n<p>\u201cO recado que eu passo pra quem est\u00e1 no Ensino M\u00e9dio e pretende entrar na faculdade \u00e9 focar no Prov\u00e3o Paulista e ver isso como uma oportunidade incr\u00edvel para a vida de cada um\u201d, ressalta Erick Dias Guimar\u00e3es.<\/p>\n<p>As datas de avalia\u00e7\u00e3o do Prov\u00e3o Paulista Seriado deste ano devem ser divulgadas em breve. Na primeira edi\u00e7\u00e3o, mais de 15 mil vagas foram abertas nas Fatecs, USP, Unesp, Unicamp e Univesp.<\/p>\n<p>\u00a0<\/p>\n<\/p><\/div>\n<p><br \/>\n<br \/><a href=\"https:\/\/www.saopaulo.sp.gov.br\/spnoticias\/ultimas-noticias\/aprovados-no-provao-paulista-tem-ate-quarta-29-para-se-matricularem-nas-fatecs\/\" rel=\"noopener\">Informa\u00e7\u00f5es GOV.SP<\/a><\/p>\n","protected":false},"excerpt":{"rendered":"<p>&#13; &#13; &#13; &#13; &#13; Quarta lista de aprovados foi divulgada na segunda-feira (27); Aulas come\u00e7am no segundo semestre deste ano &#13; &#13; &#13; &#13; \u00a0 Os estudantes classificados na quarta chamada do Prov\u00e3o Paulista Seriado para as aulas que ter\u00e3o in\u00edcio no segundo semestre nas Faculdades de Tecnologia do Estado de S\u00e3o Paulo t\u00eam [&hellip;]<\/p>\n","protected":false},"author":1,"featured_media":6715,"comment_status":"open","ping_status":"open","sticky":false,"template":"","format":"standard","meta":{"_jetpack_newsletter_access":"","_jetpack_dont_email_post_to_subs":false,"_jetpack_newsletter_tier_id":0,"_jetpack_memberships_contains_paywalled_content":false,"_mbp_banners":[],"_jetpack_feature_clip_id":0,"_jetpack_memberships_contains_paid_content":false,"footnotes":"","jetpack_publicize_message":"","jetpack_publicize_feature_enabled":true,"jetpack_social_post_already_shared":true,"jetpack_social_options":{"image_generator_settings":{"template":"highway","default_image_id":0,"font":"","enabled":false},"version":2},"jetpack_post_was_ever_published":false},"categories":[21],"tags":[],"class_list":["post-6714","post","type-post","status-publish","format-standard","has-post-thumbnail","category-sp-news"],"jetpack_publicize_connections":[],"jetpack-related-posts":[],"jetpack_shortlink":"https:\/\/wp.me\/p7Eq1F-1Ki","jetpack_sharing_enabled":true,"jetpack_featured_media_url":"https:\/\/i0.wp.com\/guialimeira.com.br\/news\/wp-content\/uploads\/2024\/05\/Aprovados-no-Provao-Paulista-tem-ate-quarta-para-fazerem-a.jpg?fit=300%2C190&ssl=1","_links":{"self":[{"href":"https:\/\/guialimeira.com.br\/news\/wp-json\/wp\/v2\/posts\/6714","targetHints":{"allow":["GET"]}}],"collection":[{"href":"https:\/\/guialimeira.com.br\/news\/wp-json\/wp\/v2\/posts"}],"about":[{"href":"https:\/\/guialimeira.com.br\/news\/wp-json\/wp\/v2\/types\/post"}],"author":[{"embeddable":true,"href":"https:\/\/guialimeira.com.br\/news\/wp-json\/wp\/v2\/users\/1"}],"replies":[{"embeddable":true,"href":"https:\/\/guialimeira.com.br\/news\/wp-json\/wp\/v2\/comments?post=6714"}],"version-history":[{"count":0,"href":"https:\/\/guialimeira.com.br\/news\/wp-json\/wp\/v2\/posts\/6714\/revisions"}],"wp:featuredmedia":[{"embeddable":true,"href":"https:\/\/guialimeira.com.br\/news\/wp-json\/wp\/v2\/media\/6715"}],"wp:attachment":[{"href":"https:\/\/guialimeira.com.br\/news\/wp-json\/wp\/v2\/media?parent=6714"}],"wp:term":[{"taxonomy":"category","embeddable":true,"href":"https:\/\/guialimeira.com.br\/news\/wp-json\/wp\/v2\/categories?post=6714"},{"taxonomy":"post_tag","embeddable":true,"href":"https:\/\/guialimeira.com.br\/news\/wp-json\/wp\/v2\/tags?post=6714"}],"curies":[{"name":"wp","href":"https:\/\/api.w.org\/{rel}","templated":true}]}}