{"id":67128,"date":"2026-05-28T16:23:48","date_gmt":"2026-05-28T19:23:48","guid":{"rendered":"https:\/\/guialimeira.com.br\/prefeitura-avanca-em-projeto-para-construcao-de-592-unidades-habitacionais-em-limeira\/"},"modified":"2026-05-28T16:23:48","modified_gmt":"2026-05-28T19:23:48","slug":"prefeitura-avanca-em-projeto-para-construcao-de-592-unidades-habitacionais-em-limeira","status":"publish","type":"post","link":"https:\/\/guialimeira.com.br\/news\/prefeitura-avanca-em-projeto-para-construcao-de-592-unidades-habitacionais-em-limeira\/","title":{"rendered":"Prefeitura avan\u00e7a em projeto para constru\u00e7\u00e3o de 592 unidades habitacionais em Limeira"},"content":{"rendered":"<p> <br \/>\n<\/p>\n<div>\n                <main class=\"\">&#13;<br \/>\n                    &#13;<br \/>\n&#13;<br \/>\n&#13;<br \/>\n&#13;<br \/>\n&#13;<br \/>\n&#13;<br \/>\n    <img data-recalc-dims=\"1\" decoding=\"async\" src=\"https:\/\/i0.wp.com\/ecrie.com.br\/sistema\/conteudos\/imagem\/m_137_0_1_28052026162040.jpeg?w=696&#038;ssl=1\" alt=\"Prefeitura avan\u00e7a em projeto para constru\u00e7\u00e3o de 592 unidades habitacionais em Limeira\"\/>&#13;<br \/>\n&#13;<br \/>\n&#13;<\/p>\n<p>A Prefeitura de Limeira deu um passo decisivo para ampliar o acesso \u00e0 moradia popular na cidade. Nesta ter\u00e7a-feira (26), representantes da Secretaria de Habita\u00e7\u00e3o participaram de uma videoconfer\u00eancia com a Caixa Econ\u00f4mica Federal e a Labutare Construtora e Incorporadora para definir os pr\u00f3ximos passos da constru\u00e7\u00e3o de 592 novas unidades habitacionais.<\/p>\n<p>&#13;<\/p>\n<p>A Labutare foi a empresa vencedora do edital de chamada p\u00fablica, conforme publicado no Jornal Oficial de Limeira em 16 de maio. O encontro definiu o fluxo de trabalho e o cronograma para a elabora\u00e7\u00e3o do projeto t\u00e9cnico. As novas moradias integram o programa federal Minha Casa, Minha Vida e ser\u00e3o distribu\u00eddas em residenciais nos bairros Jardim Manac\u00e1, Recanto Verde e Jardim Antonio Simonetti.<\/p>\n<p>&#13;<\/p>\n<p>O projeto seguir\u00e1 um rito de aprova\u00e7\u00e3o em duas etapas: primeiro ser\u00e1 protocolado e analisado pela Prefeitura e, em seguida, encaminhado \u00e0 Caixa Econ\u00f4mica Federal para avalia\u00e7\u00e3o pelo Minist\u00e9rio das Cidades.<\/p>\n<p>&#13;<\/p>\n<p>O prefeito Murilo F\u00e9lix celebrou o avan\u00e7o como parte de um compromisso maior com a cidade. &#8220;S\u00e3o 592 fam\u00edlias que v\u00e3o sair do aluguel ou de condi\u00e7\u00f5es prec\u00e1rias para ter um endere\u00e7o pr\u00f3prio. Trabalhamos para que esse projeto saia do papel com responsabilidade e chegue a quem realmente precisa.&#8221;<\/p>\n<p>&#13;<\/p>\n<p>As 592 unidades ser\u00e3o distribu\u00eddas em tr\u00eas conjuntos habitacionais localizados em diferentes regi\u00f5es de Limeira: o Residencial Bento dos Santos, com 192 unidades, o Residencial Warley Grotta, com 160, e o Morada Jequitib\u00e1s, com 240. Os contemplados ser\u00e3o selecionados por meio do cadastro habitacional.<\/p>\n<p>&#13;<\/p>\n<p>O secret\u00e1rio de Habita\u00e7\u00e3o, Waguinho da Santa Luzia, destacou a relev\u00e2ncia da reuni\u00e3o para o andamento do processo. &#8220;O encontro foi fundamental para alinhar as etapas com a Caixa e a construtora, garantindo que o projeto avance com planejamento e seguran\u00e7a para todos os envolvidos.&#8221;<\/p>\n<p>&#13;<br \/>\n&#13;<br \/>\n&#13;<br \/>\n&#13;<\/p>\n<article class=\"conteudo-relacionado no-print\">&#13;<br \/>\n        &#13;<br \/>\n&#13;<br \/>\n        &#13;<br \/>\n    <\/article>\n<p>&#13;<br \/>\n&#13;<br \/>\n                <\/main><\/p><\/div>\n<p><br \/>\n<br \/><a href=\"https:\/\/limeira.sp.gov.br\/prefeitura-avanca-em-projeto-para-construcao-de-592-unidades-habitacionais-em-limeira\" rel=\"noopener\">Informa\u00e7\u00f5es da PML <\/a><\/p>\n","protected":false},"excerpt":{"rendered":"<p>&#13; &#13; &#13; &#13; &#13; &#13; &#13; &#13; &#13; &#13; A Prefeitura de Limeira deu um passo decisivo para ampliar o acesso \u00e0 moradia popular na cidade. Nesta ter\u00e7a-feira (26), representantes da Secretaria de Habita\u00e7\u00e3o participaram de uma videoconfer\u00eancia com a Caixa Econ\u00f4mica Federal e a Labutare Construtora e Incorporadora para definir os pr\u00f3ximos passos [&hellip;]<\/p>\n","protected":false},"author":1,"featured_media":67129,"comment_status":"","ping_status":"open","sticky":false,"template":"","format":"standard","meta":{"_jetpack_newsletter_access":"","_jetpack_dont_email_post_to_subs":false,"_jetpack_newsletter_tier_id":0,"_jetpack_memberships_contains_paywalled_content":false,"_mbp_banners":[],"_jetpack_feature_clip_id":0,"_jetpack_memberships_contains_paid_content":false,"footnotes":"","jetpack_publicize_message":"","jetpack_publicize_feature_enabled":true,"jetpack_social_post_already_shared":true,"jetpack_social_options":{"image_generator_settings":{"template":"highway","default_image_id":0,"font":"","enabled":false},"version":2},"jetpack_post_was_ever_published":false},"categories":[16],"tags":[],"class_list":["post-67128","post","type-post","status-publish","format-standard","has-post-thumbnail","category-local"],"jetpack_publicize_connections":[],"jetpack-related-posts":[],"jetpack_shortlink":"https:\/\/wp.me\/p7Eq1F-hsI","jetpack_sharing_enabled":true,"jetpack_featured_media_url":"https:\/\/i0.wp.com\/guialimeira.com.br\/news\/wp-content\/uploads\/2026\/05\/m_137_0_1_28052026162040.jpeg?fit=1024%2C576&ssl=1","_links":{"self":[{"href":"https:\/\/guialimeira.com.br\/news\/wp-json\/wp\/v2\/posts\/67128","targetHints":{"allow":["GET"]}}],"collection":[{"href":"https:\/\/guialimeira.com.br\/news\/wp-json\/wp\/v2\/posts"}],"about":[{"href":"https:\/\/guialimeira.com.br\/news\/wp-json\/wp\/v2\/types\/post"}],"author":[{"embeddable":true,"href":"https:\/\/guialimeira.com.br\/news\/wp-json\/wp\/v2\/users\/1"}],"replies":[{"embeddable":true,"href":"https:\/\/guialimeira.com.br\/news\/wp-json\/wp\/v2\/comments?post=67128"}],"version-history":[{"count":0,"href":"https:\/\/guialimeira.com.br\/news\/wp-json\/wp\/v2\/posts\/67128\/revisions"}],"wp:featuredmedia":[{"embeddable":true,"href":"https:\/\/guialimeira.com.br\/news\/wp-json\/wp\/v2\/media\/67129"}],"wp:attachment":[{"href":"https:\/\/guialimeira.com.br\/news\/wp-json\/wp\/v2\/media?parent=67128"}],"wp:term":[{"taxonomy":"category","embeddable":true,"href":"https:\/\/guialimeira.com.br\/news\/wp-json\/wp\/v2\/categories?post=67128"},{"taxonomy":"post_tag","embeddable":true,"href":"https:\/\/guialimeira.com.br\/news\/wp-json\/wp\/v2\/tags?post=67128"}],"curies":[{"name":"wp","href":"https:\/\/api.w.org\/{rel}","templated":true}]}}