{"id":67126,"date":"2026-05-28T16:08:36","date_gmt":"2026-05-28T19:08:36","guid":{"rendered":"https:\/\/guialimeira.com.br\/alunos-da-escola-marcia-silman-passam-a-utilizar-centro-comunitario-em-acoes-da-educacao-em-tempo-integral\/"},"modified":"2026-05-28T16:08:36","modified_gmt":"2026-05-28T19:08:36","slug":"alunos-da-escola-marcia-silman-passam-a-utilizar-centro-comunitario-em-acoes-da-educacao-em-tempo-integral","status":"publish","type":"post","link":"https:\/\/guialimeira.com.br\/news\/alunos-da-escola-marcia-silman-passam-a-utilizar-centro-comunitario-em-acoes-da-educacao-em-tempo-integral\/","title":{"rendered":"Alunos da Escola M\u00e1rcia Silman passam a utilizar Centro Comunit\u00e1rio em a\u00e7\u00f5es da Educa\u00e7\u00e3o em tempo integral"},"content":{"rendered":"<p> <br \/>\n<\/p>\n<div id=\"\">&#13;<br \/>\n                    &#13;<br \/>\n&#13;<br \/>\n&#13;<br \/>\n&#13;<br \/>\n&#13;<br \/>\n&#13;<br \/>\n    <img data-recalc-dims=\"1\" decoding=\"async\" src=\"https:\/\/i0.wp.com\/ecrie.com.br\/sistema\/conteudos\/imagem\/m_137_0_1_28052026160634.jpeg?w=696&#038;ssl=1\" alt=\"Alunos da Escola M\u00e1rcia Silman passam a utilizar Centro Comunit\u00e1rio em a\u00e7\u00f5es da Educa\u00e7\u00e3o em tempo integral\"\/>&#13;<br \/>\n&#13;<br \/>\n&#13;<\/p>\n<p>A Prefeitura de Limeira segue ampliando as oportunidades de aprendizado e desenvolvimento dos alunos da rede municipal por meio de a\u00e7\u00f5es que qualificam o atendimento em tempo integral. A iniciativa \u00e9 resultado da integra\u00e7\u00e3o entre a Secretaria de Educa\u00e7\u00e3o e a Secretaria de Esporte e Lazer, fortalecendo o atendimento em escolas que atendem os estudantes em tempo integral.<\/p>\n<p>&#13;<\/p>\n<p>Nesta quarta-feira (27), estudantes da Emeief M\u00e1rcia Silman, localizada no Parque Residencial Ab\u00edlio Pedro, passaram a realizar as atividades complementares no Centro Comunit\u00e1rio do Jardim Morro Branco.<\/p>\n<p>&#13;<\/p>\n<p>As aulas de m\u00fasica, dan\u00e7a, jud\u00f4 e outras modalidades esportivas ampliam o acesso dos estudantes \u00e0 cultura, ao esporte e \u00e0 conviv\u00eancia social. A partir de agora, as atividades contar\u00e3o com um novo espa\u00e7o no Centro Comunit\u00e1rio do Jardim Morro Branco, com salas, campo e quadra esportiva, proporcionando mais possibilidades de aprendizagem e desenvolvimento aos alunos.<\/p>\n<p>&#13;<\/p>\n<p>&#8220;Desde o in\u00edcio da nossa gest\u00e3o, j\u00e1 criamos mais de 2 mil vagas no integral e seguimos trabalhando pol\u00edticas p\u00fablicas que ampliem as oportunidades para nossas crian\u00e7as. Quando unimos educa\u00e7\u00e3o, esporte e cultura, estamos oferecendo mais aprendizado, conviv\u00eancia e desenvolvimento para os alunos, al\u00e9m de aproximar ainda mais a escola da comunidade\u201d, destacou o prefeito Murilo F\u00e9lix.<\/p>\n<p>&#13;<\/p>\n<p>De acordo com o secret\u00e1rio municipal de Educa\u00e7\u00e3o, Antonio Montesano Neto, a a\u00e7\u00e3o representa um importante avan\u00e7o na atua\u00e7\u00e3o conjunta entre as secretarias. \u201cEssa integra\u00e7\u00e3o entre educa\u00e7\u00e3o e esporte contribui diretamente para o desenvolvimento integral das crian\u00e7as, oferecendo mais oportunidades de aprendizado, socializa\u00e7\u00e3o e qualidade de vida\u201d, destacou.<\/p>\n<p>&#13;<\/p>\n<p>Parte das unidades escolares j\u00e1 participava de oficinas esportivas por meio de chamamento p\u00fablico. Com a amplia\u00e7\u00e3o da parceria entre as secretarias, as atividades passaram a ser fortalecidas e incorporadas de forma mais ampla \u00e0 rotina do ensino integral, compondo experi\u00eancias educativas articuladas ao curr\u00edculo escolar.<\/p>\n<p>&#13;<\/p>\n<p>Al\u00e9m da utiliza\u00e7\u00e3o dos diferentes espa\u00e7os da secretaria de esportes como centro comunit\u00e1rios e quadras, mais de 400 estudantes participam de oficinas esportivas por meio de chamamento p\u00fablico. Nesta primeira etapa, participam do projeto as unidades Emeief M\u00e1rcia Silman, Emeief Aracy Nogueira Guimar\u00e3es, Emeief Tenente Aviador Ary Gomes de Castro e Emeief Jos\u00e9 Paulino de Carvalho Netto, Emeief Luca Moore.<\/p>\n<p>&#13;<br \/>\n&#13;<br \/>\n&#13;<br \/>\n&#13;<\/p>\n<article class=\"conteudo-relacionado no-print\">&#13;<br \/>\n        &#13;<br \/>\n&#13;<br \/>\n        &#13;<br \/>\n    <\/article>\n<p>&#13;<br \/>\n&#13;\n                <\/p><\/div>\n<p><br \/>\n<br \/><a href=\"https:\/\/limeira.sp.gov.br\/alunos-da-escola-marcia-silman-passam-a-utilizar-centro-comunitario-em-acoes-da-educacao-em-tempo-integral\" rel=\"noopener\">Informa\u00e7\u00f5es da PML <\/a><\/p>\n","protected":false},"excerpt":{"rendered":"<p>&#13; &#13; &#13; &#13; &#13; &#13; &#13; &#13; &#13; &#13; A Prefeitura de Limeira segue ampliando as oportunidades de aprendizado e desenvolvimento dos alunos da rede municipal por meio de a\u00e7\u00f5es que qualificam o atendimento em tempo integral. A iniciativa \u00e9 resultado da integra\u00e7\u00e3o entre a Secretaria de Educa\u00e7\u00e3o e a Secretaria de Esporte e [&hellip;]<\/p>\n","protected":false},"author":1,"featured_media":67127,"comment_status":"","ping_status":"open","sticky":false,"template":"","format":"standard","meta":{"_jetpack_newsletter_access":"","_jetpack_dont_email_post_to_subs":false,"_jetpack_newsletter_tier_id":0,"_jetpack_memberships_contains_paywalled_content":false,"_mbp_banners":[],"_jetpack_feature_clip_id":0,"_jetpack_memberships_contains_paid_content":false,"footnotes":"","jetpack_publicize_message":"","jetpack_publicize_feature_enabled":true,"jetpack_social_post_already_shared":true,"jetpack_social_options":{"image_generator_settings":{"template":"highway","default_image_id":0,"font":"","enabled":false},"version":2},"jetpack_post_was_ever_published":false},"categories":[16],"tags":[],"class_list":["post-67126","post","type-post","status-publish","format-standard","has-post-thumbnail","category-local"],"jetpack_publicize_connections":[],"jetpack-related-posts":[],"jetpack_shortlink":"https:\/\/wp.me\/p7Eq1F-hsG","jetpack_sharing_enabled":true,"jetpack_featured_media_url":"https:\/\/i0.wp.com\/guialimeira.com.br\/news\/wp-content\/uploads\/2026\/05\/m_137_0_1_28052026160634.jpeg?fit=1024%2C768&ssl=1","_links":{"self":[{"href":"https:\/\/guialimeira.com.br\/news\/wp-json\/wp\/v2\/posts\/67126","targetHints":{"allow":["GET"]}}],"collection":[{"href":"https:\/\/guialimeira.com.br\/news\/wp-json\/wp\/v2\/posts"}],"about":[{"href":"https:\/\/guialimeira.com.br\/news\/wp-json\/wp\/v2\/types\/post"}],"author":[{"embeddable":true,"href":"https:\/\/guialimeira.com.br\/news\/wp-json\/wp\/v2\/users\/1"}],"replies":[{"embeddable":true,"href":"https:\/\/guialimeira.com.br\/news\/wp-json\/wp\/v2\/comments?post=67126"}],"version-history":[{"count":0,"href":"https:\/\/guialimeira.com.br\/news\/wp-json\/wp\/v2\/posts\/67126\/revisions"}],"wp:featuredmedia":[{"embeddable":true,"href":"https:\/\/guialimeira.com.br\/news\/wp-json\/wp\/v2\/media\/67127"}],"wp:attachment":[{"href":"https:\/\/guialimeira.com.br\/news\/wp-json\/wp\/v2\/media?parent=67126"}],"wp:term":[{"taxonomy":"category","embeddable":true,"href":"https:\/\/guialimeira.com.br\/news\/wp-json\/wp\/v2\/categories?post=67126"},{"taxonomy":"post_tag","embeddable":true,"href":"https:\/\/guialimeira.com.br\/news\/wp-json\/wp\/v2\/tags?post=67126"}],"curies":[{"name":"wp","href":"https:\/\/api.w.org\/{rel}","templated":true}]}}