{"id":67113,"date":"2026-05-28T14:10:12","date_gmt":"2026-05-28T17:10:12","guid":{"rendered":"https:\/\/guialimeira.com.br\/ubs-nova-suica-e-parque-cidade-recebem-vacinacao-neste-sabado-30-em-limeira\/"},"modified":"2026-05-28T14:10:12","modified_gmt":"2026-05-28T17:10:12","slug":"ubs-nova-suica-e-parque-cidade-recebem-vacinacao-neste-sabado-30-em-limeira","status":"publish","type":"post","link":"https:\/\/guialimeira.com.br\/news\/ubs-nova-suica-e-parque-cidade-recebem-vacinacao-neste-sabado-30-em-limeira\/","title":{"rendered":"UBS Nova Su\u00ed\u00e7a e Parque Cidade recebem vacina\u00e7\u00e3o neste s\u00e1bado (30) em Limeira"},"content":{"rendered":"<p> <br \/>\n<\/p>\n<div id=\"\">&#13;<br \/>\n                    &#13;<br \/>\n&#13;<br \/>\n&#13;<br \/>\n&#13;<br \/>\n&#13;<br \/>\n&#13;<br \/>\n    <img data-recalc-dims=\"1\" decoding=\"async\" src=\"https:\/\/i0.wp.com\/ecrie.com.br\/sistema\/conteudos\/imagem\/m_137_0_1_28052026131108.jpg?w=696&#038;ssl=1\" alt=\"UBS Nova Su\u00ed\u00e7a e Parque Cidade recebem vacina\u00e7\u00e3o neste s\u00e1bado (30) em Limeira\"\/>&#13;<br \/>\n&#13;<br \/>\n&#13;<\/p>\n<p style=\"text-align: justify;\">A Prefeitura de Limeira, por meio da Secretaria de Sa\u00fade, promove mais um plant\u00e3o de vacina\u00e7\u00e3o neste s\u00e1bado (30) das 8h \u00e0s 13h, com o objetivo de ampliar o acesso da popula\u00e7\u00e3o aos imunizantes e facilitar a atualiza\u00e7\u00e3o da carteira vacinal. Os atendimentos acontecem na Unidade B\u00e1sica de Sa\u00fade (UBS) do Jardim Nova Su\u00ed\u00e7a e o drive-thru do Parque Cidade.<\/p>\n<p>&#13;<\/p>\n<p style=\"text-align: justify;\">Na UBS Nova Su\u00ed\u00e7a, ser\u00e1 oferecida a multivacina\u00e7\u00e3o, incluindo doses contra a dengue, gripe e covid-19. J\u00e1 no drive-thru do Parque Cidade estar\u00e3o dispon\u00edveis as vacinas contra a febre amarela, dengue, covid-19 e gripe.<\/p>\n<p>&#13;<\/p>\n<p style=\"text-align: justify;\">Para receber a vacina\u00e7\u00e3o, \u00e9 necess\u00e1rio apresentar um documento de identifica\u00e7\u00e3o com foto como CPF, Cart\u00e3o do SUS, carteirinha de vacina\u00e7\u00e3o e comprovante de resid\u00eancia<\/p>\n<p>&#13;<\/p>\n<p style=\"text-align: justify;\">A a\u00e7\u00e3o est\u00e1 alinhada ao Objetivo de Desenvolvimento Sustent\u00e1vel (ODS) 3 da ONU, que busca assegurar uma vida saud\u00e1vel e promover o bem-estar da popula\u00e7\u00e3o, ampliando o acesso \u00e0 preven\u00e7\u00e3o, \u00e0 imuniza\u00e7\u00e3o e aos cuidados em sa\u00fade.<\/p>\n<p>&#13;<\/p>\n<p>\u00a0<\/p>\n<p>&#13;<\/p>\n<p style=\"text-align: justify;\"><strong>Servi\u00e7o<\/strong><\/p>\n<p>&#13;<\/p>\n<p style=\"text-align: justify;\">UBS Nova Su\u00ed\u00e7a<br \/>Multivacina\u00e7\u00e3o, incluindo doses contra gripe, covid-19 e dengue<br \/>Local: Rua Vereador Samuel Berto, s\/n\u00ba<\/p>\n<p>&#13;<\/p>\n<p style=\"text-align: justify;\">Drive-thru Parque Cidade<br \/>Vacinas contra febre amarela, covid-19, gripe e dengue<br \/>Local: Ao lado da pista de skate &#8211; Acesso de ve\u00edculos: Port\u00e3o A (Anel Vi\u00e1rio) \u2013 Via Ant\u00f4nio Cru\u00e3nes Filho, s\/n\u00ba<\/p>\n<p>&#13;<\/p>\n<p>\u00a0<\/p>\n<p>&#13;<\/p>\n<p style=\"text-align: justify;\"><strong>Confira indica\u00e7\u00e3o das vacinas<\/strong><\/p>\n<p>&#13;<\/p>\n<p style=\"text-align: justify;\">GRIPE<br \/>Crian\u00e7as de 6 meses a menores de 6 anos, gestantes, pu\u00e9rperas, idosos (60+) e grupos priorit\u00e1rios (trabalhadores de sa\u00fade, pessoas com defici\u00eancia permanente, funcion\u00e1rios do Sistema de Priva\u00e7\u00e3o de Liberdade, pessoas com comorbidades, professores, pessoas em situa\u00e7\u00e3o de rua, integrantes das For\u00e7as de Seguran\u00e7a e Salvamento, caminhoneiros, trabalhadores de transporte coletivo rodovi\u00e1rio de passageiros urbano e de longo curso, trabalhadores dos Correios, etc).<\/p>\n<p>&#13;<\/p>\n<p>\u00a0<\/p>\n<p>&#13;<\/p>\n<p style=\"text-align: justify;\">DENGUE<br \/>&#8211; Para crian\u00e7as e adolescentes de 10 a 14 anos;<br \/>&#8211; Para profissionais da \u00e1rea de sa\u00fade (de 15 a 59 anos) das redes p\u00fablica e privada: m\u00e9dicos, enfermeiros, psic\u00f3logos, terapeutas ocupacionais, dentistas, veterin\u00e1rios, biom\u00e9dicos, entre outros. Importante: \u00e9 necess\u00e1rio comprovar a atua\u00e7\u00e3o na \u00e1rea, com apresenta\u00e7\u00e3o da carteira de trabalho ou carteira do conselho de classe;<\/p>\n<p>&#13;<\/p>\n<p style=\"text-align: justify;\">&#8211; Para adultos de 59 anos a 59 anos, 11 meses e 29 dias. O imunizante n\u00e3o \u00e9 indicado para idosos com 60 anos ou mais, conforme previsto em bula e regulamentado pela Ag\u00eancia Nacional de Vigil\u00e2ncia Sanit\u00e1ria (Anvisa).<\/p>\n<p>&#13;<\/p>\n<p>\u00a0<\/p>\n<p>&#13;<\/p>\n<p style=\"text-align: justify;\">COVID-19<br \/>Atualmente, a vacina contra covid-19 \u00e9 voltada a gestantes, pessoas imunocomprometidas e idosos (60 anos ou mais), que devem ser vacinados a cada seis meses. Crian\u00e7as de 6 meses a 4 anos, 11 meses e 29 dias devem receber duas doses da vacina, com intervalo de quatro semanas entre elas. Pessoas de 5 a 59 anos, sem comorbidades e j\u00e1 vacinadas anteriormente, n\u00e3o precisam receber novas doses. Nessa faixa et\u00e1ria, o imunizante \u00e9 destinado apenas aos grupos especiais, que devem receber uma dose anualmente. S\u00e3o eles: pessoas vivendo em institui\u00e7\u00f5es de longa perman\u00eancia, ind\u00edgenas, ribeirinhos, quilombolas, pu\u00e9rperas, trabalhadores da sa\u00fade, pessoas com defici\u00eancia permanente, pessoas com comorbidades, pessoas privadas de liberdade, funcion\u00e1rios do sistema de priva\u00e7\u00e3o de liberdade, adolescentes e jovens cumprindo medidas socioeducativas, pessoas em situa\u00e7\u00e3o de rua e trabalhadores dos Correios.<\/p>\n<p>&#13;<\/p>\n<p>\u00a0<\/p>\n<p>&#13;<\/p>\n<p style=\"text-align: justify;\">FEBRE AMARELA<br \/>&#8211; Crian\u00e7as a partir de 9 meses de idade que ainda n\u00e3o foram vacinadas e aquelas que n\u00e3o completaram o esquema vacinal de duas doses.<br \/>&#8211; Pessoas que receberam apenas uma dose antes de completar 5 anos de idade dever\u00e3o tomar a dose adicional, independentemente da idade.<br \/>&#8211; Pessoas de qualquer idade que n\u00e3o sabem se j\u00e1 foram vacinadas.<br \/>&#8211; Pessoas com 60 anos ou mais devem apresentar recomenda\u00e7\u00e3o m\u00e9dica por escrito para receber a vacina.<\/p>\n<p>&#13;<br \/>\n&#13;<br \/>\n&#13;<br \/>\n&#13;<\/p>\n<article class=\"conteudo-relacionado no-print\">&#13;<br \/>\n        &#13;<br \/>\n&#13;<br \/>\n        &#13;<br \/>\n    <\/article>\n<p>&#13;<br \/>\n&#13;\n                <\/p><\/div>\n<p><br \/>\n<br \/><a href=\"https:\/\/limeira.sp.gov.br\/ubs-nova-suica-e-parque-cidade-recebem-vacinacao-neste-sabado-30-em-limeira\" rel=\"noopener\">Informa\u00e7\u00f5es da PML <\/a><\/p>\n","protected":false},"excerpt":{"rendered":"<p>&#13; &#13; &#13; &#13; &#13; &#13; &#13; &#13; &#13; &#13; A Prefeitura de Limeira, por meio da Secretaria de Sa\u00fade, promove mais um plant\u00e3o de vacina\u00e7\u00e3o neste s\u00e1bado (30) das 8h \u00e0s 13h, com o objetivo de ampliar o acesso da popula\u00e7\u00e3o aos imunizantes e facilitar a atualiza\u00e7\u00e3o da carteira vacinal. Os atendimentos acontecem na [&hellip;]<\/p>\n","protected":false},"author":1,"featured_media":67114,"comment_status":"","ping_status":"open","sticky":false,"template":"","format":"standard","meta":{"_jetpack_newsletter_access":"","_jetpack_dont_email_post_to_subs":false,"_jetpack_newsletter_tier_id":0,"_jetpack_memberships_contains_paywalled_content":false,"_mbp_banners":[],"_jetpack_feature_clip_id":0,"_jetpack_memberships_contains_paid_content":false,"footnotes":"","jetpack_publicize_message":"","jetpack_publicize_feature_enabled":true,"jetpack_social_post_already_shared":true,"jetpack_social_options":{"image_generator_settings":{"template":"highway","default_image_id":0,"font":"","enabled":false},"version":2},"jetpack_post_was_ever_published":false},"categories":[16],"tags":[],"class_list":["post-67113","post","type-post","status-publish","format-standard","has-post-thumbnail","category-local"],"jetpack_publicize_connections":[],"jetpack-related-posts":[],"jetpack_shortlink":"https:\/\/wp.me\/p7Eq1F-hst","jetpack_sharing_enabled":true,"jetpack_featured_media_url":"https:\/\/i0.wp.com\/guialimeira.com.br\/news\/wp-content\/uploads\/2026\/05\/m_137_0_1_28052026131108.jpg?fit=1024%2C681&ssl=1","_links":{"self":[{"href":"https:\/\/guialimeira.com.br\/news\/wp-json\/wp\/v2\/posts\/67113","targetHints":{"allow":["GET"]}}],"collection":[{"href":"https:\/\/guialimeira.com.br\/news\/wp-json\/wp\/v2\/posts"}],"about":[{"href":"https:\/\/guialimeira.com.br\/news\/wp-json\/wp\/v2\/types\/post"}],"author":[{"embeddable":true,"href":"https:\/\/guialimeira.com.br\/news\/wp-json\/wp\/v2\/users\/1"}],"replies":[{"embeddable":true,"href":"https:\/\/guialimeira.com.br\/news\/wp-json\/wp\/v2\/comments?post=67113"}],"version-history":[{"count":0,"href":"https:\/\/guialimeira.com.br\/news\/wp-json\/wp\/v2\/posts\/67113\/revisions"}],"wp:featuredmedia":[{"embeddable":true,"href":"https:\/\/guialimeira.com.br\/news\/wp-json\/wp\/v2\/media\/67114"}],"wp:attachment":[{"href":"https:\/\/guialimeira.com.br\/news\/wp-json\/wp\/v2\/media?parent=67113"}],"wp:term":[{"taxonomy":"category","embeddable":true,"href":"https:\/\/guialimeira.com.br\/news\/wp-json\/wp\/v2\/categories?post=67113"},{"taxonomy":"post_tag","embeddable":true,"href":"https:\/\/guialimeira.com.br\/news\/wp-json\/wp\/v2\/tags?post=67113"}],"curies":[{"name":"wp","href":"https:\/\/api.w.org\/{rel}","templated":true}]}}