{"id":67109,"date":"2026-05-28T13:35:58","date_gmt":"2026-05-28T16:35:58","guid":{"rendered":"https:\/\/guialimeira.com.br\/camara-homenageia-romarello-terraplenagem-com-diploma-de-gratidao-e-medalha-de-merito-civico\/"},"modified":"2026-05-28T13:35:58","modified_gmt":"2026-05-28T16:35:58","slug":"camara-homenageia-romarello-terraplenagem-com-diploma-de-gratidao-e-medalha-de-merito-civico","status":"publish","type":"post","link":"https:\/\/guialimeira.com.br\/news\/camara-homenageia-romarello-terraplenagem-com-diploma-de-gratidao-e-medalha-de-merito-civico\/","title":{"rendered":"C\u00e2mara homenageia Romarello Terraplenagem com Diploma de Gratid\u00e3o e Medalha de M\u00e9rito C\u00edvico"},"content":{"rendered":"<p>C\u00e2mara homenageia Romarello Terraplenagem com Diploma de Gratid\u00e3o e Medalha de M\u00e9rito C\u00edvico<\/p>\n<p>Nesta quarta-feira, 27 de maio, foi realizada uma sess\u00e3o solene para entrega de Diploma de Gratid\u00e3o da Cidade de Limeira e a Medalha de M\u00e9rito C\u00edvico 15 de setembro &#8220;Ordem Tatuibi&#8221; a Romarello Terraplenagem e Constru\u00e7\u00f5es LTDA, na C\u00e2mara Municipal. As congratula\u00e7\u00f5es foram conferidas por meio do Decreto Legislativo N\u00ba 2\/2026, de autoria do vereador Guilherme Guido (PL). O evento foi realizado no Plen\u00e1rio Vereador Vit\u00f3rio Bortolan e foi transmitido nos canais de comunica\u00e7\u00e3o da C\u00e2mara, o v\u00eddeo est\u00e1 dispon\u00edvel neste link.<\/p>\n<p>Estiveram presentes na sess\u00e3o o presidente da C\u00e2mara Municipal, vereador Everton Ferreira (PSD); o autor da homenagem, vereador Guilherme Guido (PL); o secret\u00e1rio de Meio Ambiente, F\u00e1bio Luccas, representando o prefeito Murilo F\u00e9lix (Podemos); e os vereadores Carlinhos do Grotta (PL), Lu Bogo (PL), Elias Barbosa (PRTB) e Nilton Santos (Republicanos).<\/p>\n<p>O dono da empresa, Roberto Martins, expressou sua gratid\u00e3o pela homenagem dizendo que mesmo com todas as dificuldades que existem no Brasil, sua empresa continua lutando e conseguindo ultrapassar as barreiras, com a ajuda dos filhos. \u201cTenho muito orgulho por estar h\u00e1 55 anos trabalhando com muito suor e dedica\u00e7\u00e3o, e tenho gratid\u00e3o por tudo que Limeira proporcionou a mim e aos meus filhos\u201d, ressaltou.<\/p>\n<p>Romarello Terraplenagem e Constru\u00e7\u00f5es Ltda<\/p>\n<p>De acordo com Guilherme Guido, a empresa foi fundada em 2007, pelo empres\u00e1rio Roberto Martins, e se consolidou como uma das empresas limeirenses mais respeitadas no setor de infraestrutura, terraplanagem e constru\u00e7\u00e3o civil, atuando em obras p\u00fablicas e privadas que impulsionam o crescimento urbano e industrial de Limeira. \u201cA Romarello destaca-se n\u00e3o apenas pelo volume e pela relev\u00e2ncia das obras que realiza, mas tamb\u00e9m pela gera\u00e7\u00e3o de empregos diretos e indiretos, movimentando a economia limeirense e fortalecendo o setor da constru\u00e7\u00e3o civil\u201d, destacou.<\/p>\n<p>Segundo o autor, al\u00e9m da import\u00e2ncia econ\u00f4mica, a empresa tem participa\u00e7\u00e3o ativa em obras estruturantes que beneficiam diretamente a popula\u00e7\u00e3o, como melhorias em vias p\u00fablicas, loteamentos, drenagens e urbaniza\u00e7\u00f5es, contribuindo para a infraestrutura e a qualidade de vida da comunidade limeirense e regi\u00e3o.<\/p>\n<p>Guilherme Guido, em justificativa da proposta, afirmou que o trabalho da Romarello representa a for\u00e7a do empreendedorismo local, sendo exemplo de dedica\u00e7\u00e3o, planejamento e investimento cont\u00ednuo na capacita\u00e7\u00e3o de colaboradores e na moderniza\u00e7\u00e3o de equipamentos e processos. \u201c\u00c9 merecido o reconhecimento \u00e0 Romarello Terraplenagem e Constru\u00e7\u00f5es Ltda, e ao seu s\u00f3cio fundador, Roberto Martins, cuja trajet\u00f3ria representa o reconhecimento ao esfor\u00e7o de empreendedores que acreditam na cidade, geram oportunidades e constroem, dia ap\u00f3s dia, uma Limeira mais pr\u00f3spera, moderna e humana\u201d, ressaltou o vereador.<\/p>\n<hr>\n<p><em>Fonte: <a href=\"https:\/\/www.limeira.sp.leg.br\/noticias\/view\/2026-05-28_camara-homenageia-romarello-terraplenagem-com-diploma-de-gratidao-e-medalha-de-merito-civico\" target=\"_blank\" rel=\"noopener\">C\u00e2mara Municipal de Limeira<\/a><\/em><\/p>\n","protected":false},"excerpt":{"rendered":"<p>C\u00e2mara homenageia Romarello Terraplenagem com Diploma de Gratid\u00e3o e Medalha de M\u00e9rito C\u00edvico<\/p>\n<p>Nesta quarta-feira, 27 de maio, foi realizada uma sess\u00e3o solene para entrega de Diploma de Gratid\u00e3o da Cidade de Limeira e a Medalha de M\u00e9rito C\u00edvico 15 de setembro &#8220;Ordem Tatuibi&#8221; a Romarello Terraplenagem<\/p>\n","protected":false},"author":4,"featured_media":67108,"comment_status":"","ping_status":"open","sticky":false,"template":"","format":"standard","meta":{"_jetpack_newsletter_access":"","_jetpack_dont_email_post_to_subs":false,"_jetpack_newsletter_tier_id":0,"_jetpack_memberships_contains_paywalled_content":false,"_mbp_banners":[],"_jetpack_feature_clip_id":0,"_jetpack_memberships_contains_paid_content":false,"footnotes":"","jetpack_publicize_message":"","jetpack_publicize_feature_enabled":true,"jetpack_social_post_already_shared":true,"jetpack_social_options":{"image_generator_settings":{"template":"highway","default_image_id":0,"font":"","enabled":false},"version":2},"jetpack_post_was_ever_published":false},"categories":[19],"tags":[],"class_list":["post-67109","post","type-post","status-publish","format-standard","has-post-thumbnail","category-politica"],"jetpack_publicize_connections":[],"jetpack-related-posts":[],"jetpack_shortlink":"https:\/\/wp.me\/p7Eq1F-hsp","jetpack_sharing_enabled":true,"jetpack_featured_media_url":"https:\/\/i0.wp.com\/guialimeira.com.br\/news\/wp-content\/uploads\/2026\/05\/noticia-camara-112.jpg?fit=1280%2C640&ssl=1","_links":{"self":[{"href":"https:\/\/guialimeira.com.br\/news\/wp-json\/wp\/v2\/posts\/67109","targetHints":{"allow":["GET"]}}],"collection":[{"href":"https:\/\/guialimeira.com.br\/news\/wp-json\/wp\/v2\/posts"}],"about":[{"href":"https:\/\/guialimeira.com.br\/news\/wp-json\/wp\/v2\/types\/post"}],"author":[{"embeddable":true,"href":"https:\/\/guialimeira.com.br\/news\/wp-json\/wp\/v2\/users\/4"}],"replies":[{"embeddable":true,"href":"https:\/\/guialimeira.com.br\/news\/wp-json\/wp\/v2\/comments?post=67109"}],"version-history":[{"count":0,"href":"https:\/\/guialimeira.com.br\/news\/wp-json\/wp\/v2\/posts\/67109\/revisions"}],"wp:featuredmedia":[{"embeddable":true,"href":"https:\/\/guialimeira.com.br\/news\/wp-json\/wp\/v2\/media\/67108"}],"wp:attachment":[{"href":"https:\/\/guialimeira.com.br\/news\/wp-json\/wp\/v2\/media?parent=67109"}],"wp:term":[{"taxonomy":"category","embeddable":true,"href":"https:\/\/guialimeira.com.br\/news\/wp-json\/wp\/v2\/categories?post=67109"},{"taxonomy":"post_tag","embeddable":true,"href":"https:\/\/guialimeira.com.br\/news\/wp-json\/wp\/v2\/tags?post=67109"}],"curies":[{"name":"wp","href":"https:\/\/api.w.org\/{rel}","templated":true}]}}