{"id":67087,"date":"2026-05-28T12:26:26","date_gmt":"2026-05-28T15:26:26","guid":{"rendered":"https:\/\/guialimeira.com.br\/ballet-de-repertorio-e-danca-contemporanea-sobem-ao-palco-do-teatro-vitoria-nesta-quinta-feira-28-pela-mostra-de-danca-2026\/"},"modified":"2026-05-28T12:26:26","modified_gmt":"2026-05-28T15:26:26","slug":"ballet-de-repertorio-e-danca-contemporanea-sobem-ao-palco-do-teatro-vitoria-nesta-quinta-feira-28-pela-mostra-de-danca-2026","status":"publish","type":"post","link":"https:\/\/guialimeira.com.br\/news\/ballet-de-repertorio-e-danca-contemporanea-sobem-ao-palco-do-teatro-vitoria-nesta-quinta-feira-28-pela-mostra-de-danca-2026\/","title":{"rendered":"Ballet de Repert\u00f3rio e Dan\u00e7a Contempor\u00e2nea sobem ao palco do Teatro Vit\u00f3ria nesta quinta-feira (28) pela Mostra de Dan\u00e7a 2026"},"content":{"rendered":"<p> <br \/>\n<\/p>\n<div>\n                <main class=\"\">&#13;<br \/>\n                    &#13;<br \/>\n&#13;<br \/>\n&#13;<br \/>\n&#13;<br \/>\n&#13;<br \/>\n&#13;<br \/>\n    <img data-recalc-dims=\"1\" decoding=\"async\" src=\"https:\/\/i0.wp.com\/ecrie.com.br\/sistema\/conteudos\/imagem\/m_137_0_1_28052026122244.jpg?w=696&#038;ssl=1\" alt=\"Ballet de Repert\u00f3rio e Dan\u00e7a Contempor\u00e2nea sobem ao palco do Teatro Vit\u00f3ria nesta quinta-feira (28) pela Mostra de Dan\u00e7a 2026\"\/>&#13;<br \/>\n&#13;<br \/>\n&#13;<\/p>\n<p><span style=\"font-weight: 400;\">A Mostra de Dan\u00e7a de Limeira 2026 chega \u00e0 sua segunda noite de apresenta\u00e7\u00f5es nesta quinta-feira, dia 28 de maio de 2026, destacando a tradi\u00e7\u00e3o cl\u00e1ssica e a inova\u00e7\u00e3o dos movimentos contempor\u00e2neos. A programa\u00e7\u00e3o oficial, sob a coordena\u00e7\u00e3o da Secretaria de Cultura no ano do bicenten\u00e1rio da cidade, divide-se entre a\u00e7\u00f5es de aprimoramento no per\u00edodo da tarde e mostras art\u00edsticas \u00e0 noite.<\/span><\/p>\n<p>&#13;<\/p>\n<p><span style=\"font-weight: 400;\">Das 16h \u00e0s 17h30, o Teatro Vit\u00f3ria abre espa\u00e7o para o Workshop Avan\u00e7ado de &#8220;Dan\u00e7a Contempor\u00e2nea&#8221;, ministrado pelo jurado t\u00e9cnico e core\u00f3grafo Rodrigo Cucorocio, voltado para profissionais e estudantes de n\u00edvel avan\u00e7ado. Mais tarde, \u00e0s 19h30, o p\u00fablico confere o espet\u00e1culo focado em Ballet de Repert\u00f3rio e Dan\u00e7a Contempor\u00e2nea, trazendo ao palco montagens cl\u00e1ssicas e cria\u00e7\u00f5es abstratas que ser\u00e3o avaliadas pela banca de jurados especializada.<\/span><\/p>\n<p>&#13;<\/p>\n<p><span style=\"font-weight: 400;\">A entrada para a noite de espet\u00e1culos segue o padr\u00e3o solid\u00e1rio, mediante doa\u00e7\u00e3o de itens de limpeza ou higiene pessoal.<\/span><\/p>\n<p>&#13;<\/p>\n<p>\u00a0<\/p>\n<p>&#13;<\/p>\n<p><strong>Servi\u00e7o:<\/strong><\/p>\n<p>&#13;<\/p>\n<p><strong>Programa\u00e7\u00e3o:<\/strong><\/p>\n<p>&#13;<\/p>\n<p><strong>16h \u00e0s 17h30:<\/strong><span style=\"font-weight: 400;\"> Workshop Avan\u00e7ado de Dan\u00e7a Contempor\u00e2nea \u2013 com Rodrigo Cucorocio<\/span><\/p>\n<p>&#13;<\/p>\n<p><strong>19h30:<\/strong><span style=\"font-weight: 400;\"> Mostra de Ballet de Repert\u00f3rio e Dan\u00e7a Contempor\u00e2nea<\/span><\/p>\n<p>&#13;<\/p>\n<p><strong>Data:<\/strong><span style=\"font-weight: 400;\"> Nesta quinta-feira, dia 28 de maio de 2026<\/span><\/p>\n<p>&#13;<\/p>\n<p><strong>Local:<\/strong><span style=\"font-weight: 400;\"> Teatro Vit\u00f3ria (Pra\u00e7a Toledo Barros, Centro)<\/span><\/p>\n<p>&#13;<\/p>\n<p><strong>Entrada:<\/strong><span style=\"font-weight: 400;\"> Workshop gratuito | Ingresso ao espet\u00e1culo mediante entrada solid\u00e1ria<\/span><\/p>\n<p>&#13;<\/p>\n<p><strong>Classifica\u00e7\u00e3o:<\/strong><span style=\"font-weight: 400;\"> Livre<\/span><\/p>\n<p>&#13;<\/p>\n<p><strong>Realiza\u00e7\u00e3o:<\/strong><span style=\"font-weight: 400;\"> Secretaria de Cultura<\/span><\/p>\n<p>&#13;<\/p>\n<p>\u00a0<\/p>\n<p>&#13;<\/p>\n<p><span style=\"font-weight: 400;\">Esse evento est\u00e1 alinhado aos Objetivos de Desenvolvimento Sustent\u00e1vel da ONU, especialmente o ODS 4 (Educa\u00e7\u00e3o de Qualidade) e o ODS 11 (Cidades e Comunidades Sustent\u00e1veis), combinando a oferta de qualifica\u00e7\u00e3o t\u00e9cnica de n\u00edvel avan\u00e7ado com o acesso democratizado da comunidade a apresenta\u00e7\u00f5es art\u00edsticas de excel\u00eancia, enriquecendo o capital cultural local.<\/span><\/p>\n<p>&#13;<br \/>\n&#13;<br \/>\n&#13;<br \/>\n&#13;<\/p>\n<article class=\"conteudo-relacionado no-print\">&#13;<br \/>\n        &#13;<br \/>\n&#13;<br \/>\n        &#13;<br \/>\n    <\/article>\n<p>&#13;<br \/>\n&#13;<br \/>\n                <\/main><\/p><\/div>\n<p><br \/>\n<br \/><a href=\"https:\/\/limeira.sp.gov.br\/ballet-de-repertorio-e-danca-contemporanea-sobem-ao-palco-do-teatro-vitoria-nesta-quinta-feira-28-pela-5-mostra-de-danca\" rel=\"noopener\">Informa\u00e7\u00f5es da PML <\/a><\/p>\n","protected":false},"excerpt":{"rendered":"<p>&#13; &#13; &#13; &#13; &#13; &#13; &#13; &#13; &#13; &#13; A Mostra de Dan\u00e7a de Limeira 2026 chega \u00e0 sua segunda noite de apresenta\u00e7\u00f5es nesta quinta-feira, dia 28 de maio de 2026, destacando a tradi\u00e7\u00e3o cl\u00e1ssica e a inova\u00e7\u00e3o dos movimentos contempor\u00e2neos. A programa\u00e7\u00e3o oficial, sob a coordena\u00e7\u00e3o da Secretaria de Cultura no ano do [&hellip;]<\/p>\n","protected":false},"author":1,"featured_media":67088,"comment_status":"","ping_status":"open","sticky":false,"template":"","format":"standard","meta":{"_jetpack_newsletter_access":"","_jetpack_dont_email_post_to_subs":false,"_jetpack_newsletter_tier_id":0,"_jetpack_memberships_contains_paywalled_content":false,"_mbp_banners":[],"_jetpack_feature_clip_id":0,"_jetpack_memberships_contains_paid_content":false,"footnotes":"","jetpack_publicize_message":"","jetpack_publicize_feature_enabled":true,"jetpack_social_post_already_shared":true,"jetpack_social_options":{"image_generator_settings":{"template":"highway","default_image_id":0,"font":"","enabled":false},"version":2},"jetpack_post_was_ever_published":false},"categories":[16],"tags":[],"class_list":["post-67087","post","type-post","status-publish","format-standard","has-post-thumbnail","category-local"],"jetpack_publicize_connections":[],"jetpack-related-posts":[],"jetpack_shortlink":"https:\/\/wp.me\/p7Eq1F-hs3","jetpack_sharing_enabled":true,"jetpack_featured_media_url":"https:\/\/i0.wp.com\/guialimeira.com.br\/news\/wp-content\/uploads\/2026\/05\/m_137_0_1_28052026122244.jpg?fit=1024%2C682&ssl=1","_links":{"self":[{"href":"https:\/\/guialimeira.com.br\/news\/wp-json\/wp\/v2\/posts\/67087","targetHints":{"allow":["GET"]}}],"collection":[{"href":"https:\/\/guialimeira.com.br\/news\/wp-json\/wp\/v2\/posts"}],"about":[{"href":"https:\/\/guialimeira.com.br\/news\/wp-json\/wp\/v2\/types\/post"}],"author":[{"embeddable":true,"href":"https:\/\/guialimeira.com.br\/news\/wp-json\/wp\/v2\/users\/1"}],"replies":[{"embeddable":true,"href":"https:\/\/guialimeira.com.br\/news\/wp-json\/wp\/v2\/comments?post=67087"}],"version-history":[{"count":0,"href":"https:\/\/guialimeira.com.br\/news\/wp-json\/wp\/v2\/posts\/67087\/revisions"}],"wp:featuredmedia":[{"embeddable":true,"href":"https:\/\/guialimeira.com.br\/news\/wp-json\/wp\/v2\/media\/67088"}],"wp:attachment":[{"href":"https:\/\/guialimeira.com.br\/news\/wp-json\/wp\/v2\/media?parent=67087"}],"wp:term":[{"taxonomy":"category","embeddable":true,"href":"https:\/\/guialimeira.com.br\/news\/wp-json\/wp\/v2\/categories?post=67087"},{"taxonomy":"post_tag","embeddable":true,"href":"https:\/\/guialimeira.com.br\/news\/wp-json\/wp\/v2\/tags?post=67087"}],"curies":[{"name":"wp","href":"https:\/\/api.w.org\/{rel}","templated":true}]}}