{"id":67085,"date":"2026-05-28T12:02:50","date_gmt":"2026-05-28T15:02:50","guid":{"rendered":"https:\/\/guialimeira.com.br\/mostra-de-danca-2026-comeca-com-noite-de-apresentacoes-e-reune-mais-de-200-bailarinos-em-limeira\/"},"modified":"2026-05-28T12:02:50","modified_gmt":"2026-05-28T15:02:50","slug":"mostra-de-danca-2026-comeca-com-noite-de-apresentacoes-e-reune-mais-de-200-bailarinos-em-limeira","status":"publish","type":"post","link":"https:\/\/guialimeira.com.br\/news\/mostra-de-danca-2026-comeca-com-noite-de-apresentacoes-e-reune-mais-de-200-bailarinos-em-limeira\/","title":{"rendered":"Mostra de Dan\u00e7a 2026 come\u00e7a com noite de apresenta\u00e7\u00f5es e re\u00fane mais de 200 bailarinos em Limeira"},"content":{"rendered":"<p> <br \/>\n<\/p>\n<div id=\"\">&#13;<br \/>\n                    &#13;<br \/>\n&#13;<br \/>\n&#13;<br \/>\n&#13;<br \/>\n&#13;<br \/>\n&#13;<br \/>\n    <img data-recalc-dims=\"1\" decoding=\"async\" src=\"https:\/\/i0.wp.com\/ecrie.com.br\/sistema\/conteudos\/imagem\/m_137_0_1_28052026114649.jpg?w=696&#038;ssl=1\" alt=\"Mostra de Dan\u00e7a 2026 come\u00e7a com noite de apresenta\u00e7\u00f5es e re\u00fane mais de 200 bailarinos em Limeira\"\/>&#13;<br \/>\n&#13;<br \/>\n&#13;<\/p>\n<p>A Mostra de Dan\u00e7a 2026, realizada pela Prefeitura de Limeira, por meio da Secretaria de Cultura, teve in\u00edcio oficialmente na quarta-feira (27), com sua primeira noite de espet\u00e1culos no Teatro Vit\u00f3ria. O p\u00fablico acompanhou apresenta\u00e7\u00f5es de dan\u00e7a de sal\u00e3o, K-pop, dan\u00e7as populares, dan\u00e7a do ventre e sapateado, marcando a abertura de uma programa\u00e7\u00e3o que segue at\u00e9 domingo (31).<\/p>\n<p>&#13;<\/p>\n<p>\u00a0<\/p>\n<p>&#13;<\/p>\n<p>Ao todo, a Mostra contar\u00e1 com 140 coreografias e mais de 10 workshops realizados no Teatro Vit\u00f3ria e em espa\u00e7os alternativos. O elenco geral re\u00fane mais de 200 bailarinos.<\/p>\n<p>&#13;<\/p>\n<p>\u00a0<\/p>\n<p>&#13;<\/p>\n<p>Na primeira noite, foram apresentadas 33 coreografias, entre solos, duos e conjuntos, em 1h45 ininterruptas de espet\u00e1culo. Os trabalhos foram avaliados pelos jurados Dani Agnis, Robson Francisco, Luiz Guilherme e Cl\u00e9cio de Souza, que comentaram em tempo real as performances dos bailarinos participantes.<\/p>\n<p>&#13;<\/p>\n<p>\u00a0<\/p>\n<p>&#13;<\/p>\n<p>\u201cToda a equipe envolvida na organiza\u00e7\u00e3o da Mostra sonhou com o corpo, a alma e o cora\u00e7\u00e3o para entregar a maior e melhor mostra de dan\u00e7a que Limeira j\u00e1 viu. Limeira com certeza est\u00e1 na rota das cidades que s\u00e3o refer\u00eancia na dan\u00e7a em todo o Brasil\u201d, destacou o secret\u00e1rio de Cultura, Bruno Bortolan.<\/p>\n<p>&#13;<\/p>\n<p>\u00a0<\/p>\n<p>&#13;<\/p>\n<p>A programa\u00e7\u00e3o de espet\u00e1culos continua nesta quinta-feira (28), \u00e0s 19h30, com apresenta\u00e7\u00f5es de bal\u00e9 de repert\u00f3rio e dan\u00e7a contempor\u00e2nea. Na sexta-feira (29), tamb\u00e9m \u00e0s 19h30, acontecem as apresenta\u00e7\u00f5es de dan\u00e7as cl\u00e1ssicas. No s\u00e1bado (30), o espet\u00e1culo come\u00e7a \u00e0s 19h, com jazz dance e dan\u00e7as urbanas. Encerrando a programa\u00e7\u00e3o, no domingo (31), a partir das 16h, ser\u00e1 realizada a tradicional Noite de Gala.<\/p>\n<p>&#13;<\/p>\n<p>\u00a0<\/p>\n<p>&#13;<\/p>\n<p>As apresenta\u00e7\u00f5es s\u00e3o livres para todos os p\u00fablicos e a entrada \u00e9 solid\u00e1ria. O p\u00fablico \u00e9 convidado a doar um produto de higiene pessoal ou limpeza, que ser\u00e1 destinado a entidades assistenciais do munic\u00edpio.<\/p>\n<p>&#13;<\/p>\n<p><img data-recalc-dims=\"1\" decoding=\"async\" src=\"https:\/\/i0.wp.com\/ecrie.com.br\/sistema\/conteudos\/imagem\/g_137_0_1_28052026114751.jpeg?w=696&#038;ssl=1\" alt=\"mostradedanca\"\/><\/p>\n<p>&#13;<\/p>\n<p>WORKSHOPS GRATUITOS<\/p>\n<p>&#13;<\/p>\n<p>Al\u00e9m das apresenta\u00e7\u00f5es, a Mostra promove workshops gratuitos ao longo da programa\u00e7\u00e3o:<\/p>\n<p>&#13;<\/p>\n<p>\u00a0<\/p>\n<p>&#13;<\/p>\n<p>Quinta-feira, 28\/5, \u00e0s 16h, no Teatro Vit\u00f3ria<\/p>\n<p>&#13;<\/p>\n<p>Workshop Dan\u00e7a Contempor\u00e2nea<\/p>\n<p>&#13;<\/p>\n<p>Ministrante: Rodrigo Curiocorio<\/p>\n<p>&#13;<\/p>\n<p>\u00a0<\/p>\n<p>&#13;<\/p>\n<p>Sexta-feira, 29\/5, \u00e0s 16h, no Teatro Vit\u00f3ria<\/p>\n<p>&#13;<\/p>\n<p>Workshop \u201cBallet Cl\u00e1ssico Avan\u00e7ado\u201d<\/p>\n<p>&#13;<\/p>\n<p>Ministrante: Priscila Yokoi<\/p>\n<p>&#13;<\/p>\n<p>\u00a0<\/p>\n<p>&#13;<\/p>\n<p>S\u00e1bado, 30\/5, \u00e0s 14h30, no Teatro Vit\u00f3ria<\/p>\n<p>&#13;<\/p>\n<p>Workshop \u201cAula de Dan\u00e7as Urbanas\u201d<\/p>\n<p>&#13;<\/p>\n<p>Ministrante: Cl\u00e9cio de Souza<\/p>\n<p>&#13;<\/p>\n<p>\u00a0<\/p>\n<p>&#13;<\/p>\n<p>S\u00e1bado, 30\/5, \u00e0s 16h30, no Teatro Vit\u00f3ria<\/p>\n<p>&#13;<\/p>\n<p>Workshop \u201cJazz Dance Intermedi\u00e1rio\/Avan\u00e7ado\u201d<\/p>\n<p>&#13;<\/p>\n<p>Ministrante: Ang\u00e9lica Bueno<\/p>\n<p>&#13;<\/p>\n<p>\u00a0<\/p>\n<p>&#13;<\/p>\n<p>Domingo, 31\/5, \u00e0s 10h, no Parque Cidade<\/p>\n<p>&#13;<\/p>\n<p>Workshop \u201cDan\u00e7a Indiana\u201d<\/p>\n<p>&#13;<\/p>\n<p>Ministrante: Virg\u00ednia Jubran<\/p>\n<p>&#13;<\/p>\n<p>\u00a0<\/p>\n<p>&#13;<\/p>\n<p>As inscri\u00e7\u00f5es para os workshops devem ser feitas pelo formul\u00e1rio:<\/p>\n<p>&#13;<\/p>\n<p><a href=\"https:\/\/docs.google.com\/forms\/d\/e\/1FAIpQLSemKam-NJSuBZK-3iRo11RGBQsM4Ejpm-s6-Q18Og-m_hsycQ\/viewform\" rel=\"noopener\">https:\/\/docs.google.com\/forms\/d\/e\/1FAIpQLSemKam-NJSuBZK-3iRo11RGBQsM4Ejpm-s6-Q18Og-m_hsycQ\/viewform<\/a><\/p>\n<p>&#13;<\/p>\n<p><img data-recalc-dims=\"1\" decoding=\"async\" src=\"https:\/\/i0.wp.com\/ecrie.com.br\/sistema\/conteudos\/imagem\/g_137_0_1_28052026114746.jpeg?w=696&#038;ssl=1\" alt=\"mostradedanca2\"\/><\/p>\n<p>&#13;<br \/>\n&#13;<br \/>\n&#13;<br \/>\n&#13;<\/p>\n<article class=\"conteudo-relacionado no-print\">&#13;<br \/>\n        &#13;<br \/>\n&#13;<br \/>\n        &#13;<br \/>\n    <\/article>\n<p>&#13;<br \/>\n&#13;\n                <\/p><\/div>\n<p><br \/>\n<br \/><a href=\"https:\/\/limeira.sp.gov.br\/mostra-de-danca-2026-comeca-com-noite-de-apresentacoes-e-reune-mais-de-200-bailarinos-em-limeira\" rel=\"noopener\">Informa\u00e7\u00f5es da PML <\/a><\/p>\n","protected":false},"excerpt":{"rendered":"<p>&#13; &#13; &#13; &#13; &#13; &#13; &#13; &#13; &#13; &#13; A Mostra de Dan\u00e7a 2026, realizada pela Prefeitura de Limeira, por meio da Secretaria de Cultura, teve in\u00edcio oficialmente na quarta-feira (27), com sua primeira noite de espet\u00e1culos no Teatro Vit\u00f3ria. O p\u00fablico acompanhou apresenta\u00e7\u00f5es de dan\u00e7a de sal\u00e3o, K-pop, dan\u00e7as populares, dan\u00e7a do ventre [&hellip;]<\/p>\n","protected":false},"author":1,"featured_media":67086,"comment_status":"","ping_status":"open","sticky":false,"template":"","format":"standard","meta":{"_jetpack_newsletter_access":"","_jetpack_dont_email_post_to_subs":false,"_jetpack_newsletter_tier_id":0,"_jetpack_memberships_contains_paywalled_content":false,"_mbp_banners":[],"_jetpack_feature_clip_id":0,"_jetpack_memberships_contains_paid_content":false,"footnotes":"","jetpack_publicize_message":"","jetpack_publicize_feature_enabled":true,"jetpack_social_post_already_shared":true,"jetpack_social_options":{"image_generator_settings":{"template":"highway","default_image_id":0,"font":"","enabled":false},"version":2},"jetpack_post_was_ever_published":false},"categories":[16],"tags":[],"class_list":["post-67085","post","type-post","status-publish","format-standard","has-post-thumbnail","category-local"],"jetpack_publicize_connections":[],"jetpack-related-posts":[],"jetpack_shortlink":"https:\/\/wp.me\/p7Eq1F-hs1","jetpack_sharing_enabled":true,"jetpack_featured_media_url":"https:\/\/i0.wp.com\/guialimeira.com.br\/news\/wp-content\/uploads\/2026\/05\/m_137_0_1_28052026114649.jpg?fit=1024%2C653&ssl=1","_links":{"self":[{"href":"https:\/\/guialimeira.com.br\/news\/wp-json\/wp\/v2\/posts\/67085","targetHints":{"allow":["GET"]}}],"collection":[{"href":"https:\/\/guialimeira.com.br\/news\/wp-json\/wp\/v2\/posts"}],"about":[{"href":"https:\/\/guialimeira.com.br\/news\/wp-json\/wp\/v2\/types\/post"}],"author":[{"embeddable":true,"href":"https:\/\/guialimeira.com.br\/news\/wp-json\/wp\/v2\/users\/1"}],"replies":[{"embeddable":true,"href":"https:\/\/guialimeira.com.br\/news\/wp-json\/wp\/v2\/comments?post=67085"}],"version-history":[{"count":0,"href":"https:\/\/guialimeira.com.br\/news\/wp-json\/wp\/v2\/posts\/67085\/revisions"}],"wp:featuredmedia":[{"embeddable":true,"href":"https:\/\/guialimeira.com.br\/news\/wp-json\/wp\/v2\/media\/67086"}],"wp:attachment":[{"href":"https:\/\/guialimeira.com.br\/news\/wp-json\/wp\/v2\/media?parent=67085"}],"wp:term":[{"taxonomy":"category","embeddable":true,"href":"https:\/\/guialimeira.com.br\/news\/wp-json\/wp\/v2\/categories?post=67085"},{"taxonomy":"post_tag","embeddable":true,"href":"https:\/\/guialimeira.com.br\/news\/wp-json\/wp\/v2\/tags?post=67085"}],"curies":[{"name":"wp","href":"https:\/\/api.w.org\/{rel}","templated":true}]}}