{"id":67084,"date":"2026-05-28T12:00:55","date_gmt":"2026-05-28T15:00:55","guid":{"rendered":"https:\/\/guialimeira.com.br\/mariana-calsa-abre-edital-de-emendas-impositivas-para-apoiar-projetos-sociais\/"},"modified":"2026-05-28T12:00:55","modified_gmt":"2026-05-28T15:00:55","slug":"mariana-calsa-abre-edital-de-emendas-impositivas-para-apoiar-projetos-sociais","status":"publish","type":"post","link":"https:\/\/guialimeira.com.br\/news\/mariana-calsa-abre-edital-de-emendas-impositivas-para-apoiar-projetos-sociais\/","title":{"rendered":"Mariana Calsa abre edital de emendas impositivas para apoiar projetos sociais"},"content":{"rendered":"<p>Mariana Calsa abre edital de emendas impositivas para apoiar projetos sociais<\/p>\n<p>A vereadora Mariana Calsa (PSB) anunciou nesta quinta-feira, 28 de maio, a abertura do Edital de Emendas Impositivas 2027 do mandato parlamentar, iniciativa in\u00e9dita, segundo a parlamentar, que vai selecionar projetos com impacto social para receber recursos p\u00fablicos por meio das emendas impositivas da C\u00e2mara Municipal de Limeira.<\/p>\n<p>A proposta busca ampliar a participa\u00e7\u00e3o popular na defini\u00e7\u00e3o das prioridades do or\u00e7amento p\u00fablico e fortalecer iniciativas que atuam diretamente na transforma\u00e7\u00e3o social da cidade. \u201cQueremos que os recursos p\u00fablicos cheguem onde fazem diferen\u00e7a de verdade, com transpar\u00eancia, crit\u00e9rios t\u00e9cnicos e participa\u00e7\u00e3o popular\u201d, destacou Mariana.<\/p>\n<p>Conforme a vereadora, ser\u00e3o contemplados quatro projetos: dois da \u00e1rea da sa\u00fade e dois voltados \u00e0s demais \u00e1reas priorit\u00e1rias do edital, como educa\u00e7\u00e3o, mulheres e direitos humanos, juventude e participa\u00e7\u00e3o, inclus\u00e3o e diversidade. Podem participar organiza\u00e7\u00f5es sociais, escolas p\u00fablicas, equipamentos p\u00fablicos e projetos com atua\u00e7\u00e3o comprovada em Limeira.<\/p>\n<p>Um dos diferenciais do processo \u00e9 que, al\u00e9m da an\u00e1lise t\u00e9cnica, os projetos habilitados tamb\u00e9m passar\u00e3o por vota\u00e7\u00e3o popular, permitindo que a popula\u00e7\u00e3o ajude a decidir quais iniciativas devem receber os investimentos.<\/p>\n<p>As inscri\u00e7\u00f5es estar\u00e3o abertas entre os dias 26 de maio e 12 de junho. O edital completo, regulamento e o formul\u00e1rio de inscri\u00e7\u00e3o estar\u00e3o dispon\u00edveis nos canais oficiais da vereadora.<\/p>\n<p>Servi\u00e7o:<\/p>\n<p>Edital de Emendas Impositivas 2027 \u2013 Mandato Mariana Calsa &#8211; Inscri\u00e7\u00f5es: de 26 de maio a 12 de junho &#8211; Link: https:\/\/bit.ly\/4uwUyqo &#8211; Sele\u00e7\u00e3o de dois projetos da sa\u00fade &#8211; Sele\u00e7\u00e3o de dois projetos das demais \u00e1reas priorit\u00e1rias<\/p>\n<p>assinatura<\/p>\n<hr>\n<p><em>Fonte: <a href=\"https:\/\/www.limeira.sp.leg.br\/noticias\/view\/2026-05-28_mariana-calsa-abre-edital-de-emendas-impositivas-para-apoiar-projetos-sociais\" target=\"_blank\" rel=\"noopener\">C\u00e2mara Municipal de Limeira<\/a><\/em><\/p>\n","protected":false},"excerpt":{"rendered":"<p>Mariana Calsa abre edital de emendas impositivas para apoiar projetos sociais<\/p>\n<p>A vereadora Mariana Calsa (PSB) anunciou nesta quinta-feira, 28 de maio, a abertura do Edital de Emendas Impositivas 2027 do mandato parlamentar, iniciativa in\u00e9dita, segundo a parlamentar, que vai selecionar projetos com <\/p>\n","protected":false},"author":4,"featured_media":67083,"comment_status":"","ping_status":"open","sticky":false,"template":"","format":"standard","meta":{"_jetpack_newsletter_access":"","_jetpack_dont_email_post_to_subs":false,"_jetpack_newsletter_tier_id":0,"_jetpack_memberships_contains_paywalled_content":false,"_mbp_banners":[],"_jetpack_feature_clip_id":0,"_jetpack_memberships_contains_paid_content":false,"footnotes":"","jetpack_publicize_message":"","jetpack_publicize_feature_enabled":true,"jetpack_social_post_already_shared":true,"jetpack_social_options":{"image_generator_settings":{"template":"highway","default_image_id":0,"font":"","enabled":false},"version":2},"jetpack_post_was_ever_published":false},"categories":[19],"tags":[],"class_list":["post-67084","post","type-post","status-publish","format-standard","has-post-thumbnail","category-politica"],"jetpack_publicize_connections":[],"jetpack-related-posts":[],"jetpack_shortlink":"https:\/\/wp.me\/p7Eq1F-hs0","jetpack_sharing_enabled":true,"jetpack_featured_media_url":"https:\/\/i0.wp.com\/guialimeira.com.br\/news\/wp-content\/uploads\/2026\/05\/noticia-camara-110.jpg?fit=1280%2C640&ssl=1","_links":{"self":[{"href":"https:\/\/guialimeira.com.br\/news\/wp-json\/wp\/v2\/posts\/67084","targetHints":{"allow":["GET"]}}],"collection":[{"href":"https:\/\/guialimeira.com.br\/news\/wp-json\/wp\/v2\/posts"}],"about":[{"href":"https:\/\/guialimeira.com.br\/news\/wp-json\/wp\/v2\/types\/post"}],"author":[{"embeddable":true,"href":"https:\/\/guialimeira.com.br\/news\/wp-json\/wp\/v2\/users\/4"}],"replies":[{"embeddable":true,"href":"https:\/\/guialimeira.com.br\/news\/wp-json\/wp\/v2\/comments?post=67084"}],"version-history":[{"count":0,"href":"https:\/\/guialimeira.com.br\/news\/wp-json\/wp\/v2\/posts\/67084\/revisions"}],"wp:featuredmedia":[{"embeddable":true,"href":"https:\/\/guialimeira.com.br\/news\/wp-json\/wp\/v2\/media\/67083"}],"wp:attachment":[{"href":"https:\/\/guialimeira.com.br\/news\/wp-json\/wp\/v2\/media?parent=67084"}],"wp:term":[{"taxonomy":"category","embeddable":true,"href":"https:\/\/guialimeira.com.br\/news\/wp-json\/wp\/v2\/categories?post=67084"},{"taxonomy":"post_tag","embeddable":true,"href":"https:\/\/guialimeira.com.br\/news\/wp-json\/wp\/v2\/tags?post=67084"}],"curies":[{"name":"wp","href":"https:\/\/api.w.org\/{rel}","templated":true}]}}