{"id":67072,"date":"2026-05-28T11:07:33","date_gmt":"2026-05-28T14:07:33","guid":{"rendered":"https:\/\/guialimeira.com.br\/limeira-intensifica-vacinacao-com-acoes-itinerantes-no-mes-de-junho\/"},"modified":"2026-05-28T11:07:33","modified_gmt":"2026-05-28T14:07:33","slug":"limeira-intensifica-vacinacao-com-acoes-itinerantes-no-mes-de-junho","status":"publish","type":"post","link":"https:\/\/guialimeira.com.br\/news\/limeira-intensifica-vacinacao-com-acoes-itinerantes-no-mes-de-junho\/","title":{"rendered":"Limeira intensifica vacina\u00e7\u00e3o com a\u00e7\u00f5es itinerantes no m\u00eas de junho"},"content":{"rendered":"<p> <br \/>\n<\/p>\n<div id=\"\">&#13;<br \/>\n                    &#13;<br \/>\n&#13;<br \/>\n&#13;<br \/>\n&#13;<br \/>\n&#13;<br \/>\n&#13;<br \/>\n    <img data-recalc-dims=\"1\" decoding=\"async\" src=\"https:\/\/i0.wp.com\/ecrie.com.br\/sistema\/conteudos\/imagem\/m_137_0_1_28052026110431.jpeg?w=696&#038;ssl=1\" alt=\"Limeira intensifica vacina\u00e7\u00e3o com a\u00e7\u00f5es itinerantes no m\u00eas de junho\"\/>&#13;<br \/>\n&#13;<br \/>\n&#13;<\/p>\n<p style=\"text-align: justify;\">A Prefeitura de Limeira realiza, ao longo do m\u00eas de junho, uma ampla programa\u00e7\u00e3o de vacina\u00e7\u00e3o itinerante em diferentes regi\u00f5es do munic\u00edpio. Entre os dias 2 e 28 de junho, equipes da Secretaria de Sa\u00fade estar\u00e3o presentes em 12 pontos estrat\u00e9gicos da cidade, levando imuniza\u00e7\u00e3o e orienta\u00e7\u00e3o \u00e0 popula\u00e7\u00e3o.<\/p>\n<p>&#13;<\/p>\n<p style=\"text-align: justify;\">A a\u00e7\u00e3o disponibilizar\u00e1 vacinas previstas no calend\u00e1rio de rotina, como dupla adulto (t\u00e9tano e difteria), hepatite B, febre amarela, meningite ACWY, HPV \u2014 destinada a pessoas de 9 a 19 anos, de ambos os sexos \u2014, imuniza\u00e7\u00e3o contra bronquiolite para gestantes, vacina contra a dengue para adolescentes de 10 a 14 anos e demais grupos contemplados pela estrat\u00e9gia municipal, al\u00e9m da vacina contra a covid-19.<\/p>\n<p>&#13;<\/p>\n<p style=\"text-align: justify;\">O objetivo da iniciativa \u00e9 ampliar o acesso da popula\u00e7\u00e3o \u00e0s vacinas, facilitar a atualiza\u00e7\u00e3o da caderneta vacinal e refor\u00e7ar a import\u00e2ncia da imuniza\u00e7\u00e3o como medida essencial de preven\u00e7\u00e3o e prote\u00e7\u00e3o coletiva.<\/p>\n<p>&#13;<\/p>\n<p>\u00a0<\/p>\n<p>&#13;<\/p>\n<p style=\"text-align: justify;\"><strong>P\u00fablico-alvo<\/strong><\/p>\n<p>&#13;<\/p>\n<p style=\"text-align: justify;\">Nas unidades da Pol\u00edcia Militar inclu\u00eddas na programa\u00e7\u00e3o, a vacina\u00e7\u00e3o ser\u00e1 direcionada exclusivamente aos profissionais das for\u00e7as de seguran\u00e7a que atuam nesses locais.<\/p>\n<p>&#13;<\/p>\n<p style=\"text-align: justify;\">J\u00e1 a vacina contra a gripe (Influenza) ser\u00e1 aplicada conforme os crit\u00e9rios definidos pelo Minist\u00e9rio da Sa\u00fade, contemplando crian\u00e7as de 6 meses a menores de 6 anos, idosos com 60 anos ou mais, gestantes, pu\u00e9rperas, povos ind\u00edgenas, quilombolas, trabalhadores da sa\u00fade, pessoas com defici\u00eancia permanente, adolescentes em cumprimento de medidas socioeducativas, popula\u00e7\u00e3o privada de liberdade, funcion\u00e1rios do sistema prisional, pessoas com comorbidades, professores e integrantes das For\u00e7as Armadas.<\/p>\n<p>&#13;<\/p>\n<p style=\"text-align: justify;\">Essa iniciativa est\u00e1 alinhada ao Objetivo de Desenvolvimento Sustent\u00e1vel (ODS) 3 da Agenda 2030 da ONU, que visa assegurar uma vida saud\u00e1vel e promover o bem-estar para todos, em todas as idades.<\/p>\n<p>&#13;<\/p>\n<p>\u00a0<\/p>\n<p>&#13;<\/p>\n<p style=\"text-align: justify;\"><strong>Confira a programa\u00e7\u00e3o<\/strong><\/p>\n<p>&#13;<\/p>\n<p style=\"text-align: justify;\">2\/6 &#8211; Sede do 36\u00b0 Batalh\u00e3o da PM, na Rua Jo\u00e3o Piccinini, 100, no Jd. Laranjeiras \u2013 das 16h30 \u00e0s 20h<br \/>3\/6 \u2013 1\u00aa Cia. da Pol\u00edcia Militar, na Rua Pernambuco, 722, na Vila Cl\u00e1udia \u2013 das 17h30 \u00e0s 20h30<br \/>5\/6 &#8211; Feira Noturna do Jd. S\u00e3o Louren\u00e7o, na Av. Dr. Lauro Corr\u00eaa da Silva, 6.525 \u2013 das 17h \u00e0s 20h30<br \/>6\/6 &#8211; Pra\u00e7a Rosa Rosada Granzotto, no Jd. Nereide \u2013 das 8h \u00e0s 13h<br \/>9\/6 &#8211; Feira Noturna do Parque Cidade \u2013 das 17h \u00e0s 20h30<br \/>11\/6 \u2013 5\u00aa Cia. da Pol\u00edcia Militar, Pra\u00e7a Primeiro de Maio, 145, no Jd. Morro Azul \u2013 das 17h \u00e0s 20h30<br \/>11\/6 &#8211; Feira Noturna do Limeir\u00e3o \u2013 das 17h \u00e0s 20h30<br \/>14\/6 &#8211; Feira Livre da Av. Maestro Xixirri, na Vila Esteves \u2013 das 7h30 \u00e0s 11h30<br \/>19\/6 &#8211; Feira Noturna do Jd. S\u00e3o Louren\u00e7o, na Av. Dr. Lauro Corr\u00eaa da Silva, 6.525 \u2013 das 17h \u00e0s 20h30<br \/>23\/6 &#8211; Feira Noturna do Parque Cidade \u2013 das 17h \u00e0s 20h30<br \/>25\/6 &#8211; Feira Noturna do Limeir\u00e3o \u2013 das 17h \u00e0s 20h30<br \/>28\/6 &#8211; Feira Livre da Av. Maestro Xixirri \u2013 das 7h30 \u00e0s 11h30<\/p>\n<p>&#13;<br \/>\n&#13;<br \/>\n&#13;<br \/>\n&#13;<\/p>\n<article class=\"conteudo-relacionado no-print\">&#13;<br \/>\n        &#13;<br \/>\n&#13;<br \/>\n        &#13;<br \/>\n    <\/article>\n<p>&#13;<br \/>\n&#13;\n                <\/p><\/div>\n<p><br \/>\n<br \/><a href=\"https:\/\/limeira.sp.gov.br\/limeira-intensifica-vacinacao-com-acoes-itinerantes-no-mes-de-junho\" rel=\"noopener\">Informa\u00e7\u00f5es da PML <\/a><\/p>\n","protected":false},"excerpt":{"rendered":"<p>&#13; &#13; &#13; &#13; &#13; &#13; &#13; &#13; &#13; &#13; A Prefeitura de Limeira realiza, ao longo do m\u00eas de junho, uma ampla programa\u00e7\u00e3o de vacina\u00e7\u00e3o itinerante em diferentes regi\u00f5es do munic\u00edpio. Entre os dias 2 e 28 de junho, equipes da Secretaria de Sa\u00fade estar\u00e3o presentes em 12 pontos estrat\u00e9gicos da cidade, levando imuniza\u00e7\u00e3o [&hellip;]<\/p>\n","protected":false},"author":1,"featured_media":67073,"comment_status":"","ping_status":"open","sticky":false,"template":"","format":"standard","meta":{"_jetpack_newsletter_access":"","_jetpack_dont_email_post_to_subs":false,"_jetpack_newsletter_tier_id":0,"_jetpack_memberships_contains_paywalled_content":false,"_mbp_banners":[],"_jetpack_feature_clip_id":0,"_jetpack_memberships_contains_paid_content":false,"footnotes":"","jetpack_publicize_message":"","jetpack_publicize_feature_enabled":true,"jetpack_social_post_already_shared":true,"jetpack_social_options":{"image_generator_settings":{"template":"highway","default_image_id":0,"font":"","enabled":false},"version":2},"jetpack_post_was_ever_published":false},"categories":[16],"tags":[],"class_list":["post-67072","post","type-post","status-publish","format-standard","has-post-thumbnail","category-local"],"jetpack_publicize_connections":[],"jetpack-related-posts":[],"jetpack_shortlink":"https:\/\/wp.me\/p7Eq1F-hrO","jetpack_sharing_enabled":true,"jetpack_featured_media_url":"https:\/\/i0.wp.com\/guialimeira.com.br\/news\/wp-content\/uploads\/2026\/05\/m_137_0_1_28052026110431.jpeg?fit=1024%2C576&ssl=1","_links":{"self":[{"href":"https:\/\/guialimeira.com.br\/news\/wp-json\/wp\/v2\/posts\/67072","targetHints":{"allow":["GET"]}}],"collection":[{"href":"https:\/\/guialimeira.com.br\/news\/wp-json\/wp\/v2\/posts"}],"about":[{"href":"https:\/\/guialimeira.com.br\/news\/wp-json\/wp\/v2\/types\/post"}],"author":[{"embeddable":true,"href":"https:\/\/guialimeira.com.br\/news\/wp-json\/wp\/v2\/users\/1"}],"replies":[{"embeddable":true,"href":"https:\/\/guialimeira.com.br\/news\/wp-json\/wp\/v2\/comments?post=67072"}],"version-history":[{"count":0,"href":"https:\/\/guialimeira.com.br\/news\/wp-json\/wp\/v2\/posts\/67072\/revisions"}],"wp:featuredmedia":[{"embeddable":true,"href":"https:\/\/guialimeira.com.br\/news\/wp-json\/wp\/v2\/media\/67073"}],"wp:attachment":[{"href":"https:\/\/guialimeira.com.br\/news\/wp-json\/wp\/v2\/media?parent=67072"}],"wp:term":[{"taxonomy":"category","embeddable":true,"href":"https:\/\/guialimeira.com.br\/news\/wp-json\/wp\/v2\/categories?post=67072"},{"taxonomy":"post_tag","embeddable":true,"href":"https:\/\/guialimeira.com.br\/news\/wp-json\/wp\/v2\/tags?post=67072"}],"curies":[{"name":"wp","href":"https:\/\/api.w.org\/{rel}","templated":true}]}}