{"id":6707,"date":"2024-05-28T12:13:00","date_gmt":"2024-05-28T15:13:00","guid":{"rendered":"https:\/\/guialimeira.com.br\/2024\/05\/28\/camara-aprova-prioridade-no-agendamento-de-consultas-e-exames-para-pessoas-com-lupus-ou-ataxia\/"},"modified":"2024-05-28T12:13:00","modified_gmt":"2024-05-28T15:13:00","slug":"camara-aprova-prioridade-no-agendamento-de-consultas-e-exames-para-pessoas-com-lupus-ou-ataxia","status":"publish","type":"post","link":"https:\/\/guialimeira.com.br\/news\/camara-aprova-prioridade-no-agendamento-de-consultas-e-exames-para-pessoas-com-lupus-ou-ataxia\/","title":{"rendered":"C\u00e2mara aprova prioridade no agendamento de consultas e exames para pessoas com l\u00fapus ou ataxia"},"content":{"rendered":"<p> <br \/>\n<\/p>\n<div>\n<p>A C\u00e2mara Municipal de Limeira aprovou, na sess\u00e3o ordin\u00e1ria desta segunda-feira, 27 de maio, o <a href=\"http:\/\/consulta.limeira.sp.leg.br\/Documentos\/Documento\/302453\" rel=\"noopener\">Projeto de Lei N\u00b0 3\/2023<\/a>, de autoria da vereadora Lu Bogo (PL), que disp\u00f5e sobre o atendimento priorit\u00e1rio \u00e0s pessoas portadoras de l\u00fapus e ataxia em agendamento de consultas eletivas e exames no \u00e2mbito da rede municipal de sa\u00fade.<\/p>\n<p>\u201cAmbas as doen\u00e7as, ao serem diagnosticadas, precisam de tratamento imediato, visto que s\u00e3o doen\u00e7as que atacam o sistema imunol\u00f3gico do pr\u00f3prio indiv\u00edduo\u201d, explicou a autora.<\/p>\n<p>A prioridade ocorrer\u00e1 de acordo com crit\u00e9rios estabelecidos pelo Minist\u00e9rio da Sa\u00fade. Para que o paciente tenha esse direito, ele dever\u00e1 apresentar laudo que confirme o diagn\u00f3stico.<\/p>\n<p>De acordo com a proposta, pacientes com suspeita das doen\u00e7as tamb\u00e9m dever\u00e3o ter prioridade no agendamento de consultas eletivas com reumatologista, bem como para a realiza\u00e7\u00e3o de exames, com o objetivo de comprova\u00e7\u00e3o do diagn\u00f3stico.<\/p>\n<p>Lu Bogo destaca que, devido \u00e0s filas de espera e \u00e0 demora no agendamento de consultas e exames, os pacientes enfrentam dificuldades no tratamento dessas doen\u00e7as, podendo at\u00e9 mesmo agravar o quadro cl\u00ednico, e por isso, segundo ela, a prioridade no agendamento \u00e9 t\u00e3o importante.<\/p>\n<p>O projeto foi aprovado por todos os vereadores em Plen\u00e1rio e segue para aprecia\u00e7\u00e3o do prefeito Mario Botion para san\u00e7\u00e3o ou veto. Se sancionado, ser\u00e1 promulgado e publicado no Jornal Oficial do Munic\u00edpio e passa a ser lei, cabendo a regulamenta\u00e7\u00e3o da proposta ao Executivo no prazo de 60 dias.<\/p>\n<p>\u00a0<\/p>\n<\/p><\/div>\n<p><br \/>\n<br \/><a href=\"https:\/\/www.limeira.sp.leg.br\/noticias\/view\/2024-05-28_camara-aprova-prioridade-no-agendamento-de-consultas-e-exames-para-pessoas-com-lupus-ou-ataxia\" rel=\"noopener\">Informa\u00e7\u00f5es CML<\/a><\/p>\n","protected":false},"excerpt":{"rendered":"<p>A C\u00e2mara Municipal de Limeira aprovou, na sess\u00e3o ordin\u00e1ria desta segunda-feira, 27 de maio, o Projeto de Lei N\u00b0 3\/2023, de autoria da vereadora Lu Bogo (PL), que disp\u00f5e sobre o atendimento priorit\u00e1rio \u00e0s pessoas portadoras de l\u00fapus e ataxia em agendamento de consultas eletivas e exames no \u00e2mbito da rede municipal de sa\u00fade. \u201cAmbas [&hellip;]<\/p>\n","protected":false},"author":1,"featured_media":0,"comment_status":"open","ping_status":"open","sticky":false,"template":"","format":"standard","meta":{"_jetpack_newsletter_access":"","_jetpack_dont_email_post_to_subs":false,"_jetpack_newsletter_tier_id":0,"_jetpack_memberships_contains_paywalled_content":false,"_mbp_banners":[],"_jetpack_feature_clip_id":0,"_jetpack_memberships_contains_paid_content":false,"footnotes":"","jetpack_publicize_message":"","jetpack_publicize_feature_enabled":true,"jetpack_social_post_already_shared":true,"jetpack_social_options":{"image_generator_settings":{"template":"highway","default_image_id":0,"font":"","enabled":false},"version":2},"jetpack_post_was_ever_published":false},"categories":[19],"tags":[],"class_list":["post-6707","post","type-post","status-publish","format-standard","category-politica"],"jetpack_publicize_connections":[],"jetpack-related-posts":[],"jetpack_shortlink":"https:\/\/wp.me\/p7Eq1F-1Kb","jetpack_sharing_enabled":true,"jetpack_featured_media_url":"","_links":{"self":[{"href":"https:\/\/guialimeira.com.br\/news\/wp-json\/wp\/v2\/posts\/6707","targetHints":{"allow":["GET"]}}],"collection":[{"href":"https:\/\/guialimeira.com.br\/news\/wp-json\/wp\/v2\/posts"}],"about":[{"href":"https:\/\/guialimeira.com.br\/news\/wp-json\/wp\/v2\/types\/post"}],"author":[{"embeddable":true,"href":"https:\/\/guialimeira.com.br\/news\/wp-json\/wp\/v2\/users\/1"}],"replies":[{"embeddable":true,"href":"https:\/\/guialimeira.com.br\/news\/wp-json\/wp\/v2\/comments?post=6707"}],"version-history":[{"count":0,"href":"https:\/\/guialimeira.com.br\/news\/wp-json\/wp\/v2\/posts\/6707\/revisions"}],"wp:attachment":[{"href":"https:\/\/guialimeira.com.br\/news\/wp-json\/wp\/v2\/media?parent=6707"}],"wp:term":[{"taxonomy":"category","embeddable":true,"href":"https:\/\/guialimeira.com.br\/news\/wp-json\/wp\/v2\/categories?post=6707"},{"taxonomy":"post_tag","embeddable":true,"href":"https:\/\/guialimeira.com.br\/news\/wp-json\/wp\/v2\/tags?post=6707"}],"curies":[{"name":"wp","href":"https:\/\/api.w.org\/{rel}","templated":true}]}}