{"id":67067,"date":"2026-05-28T10:36:58","date_gmt":"2026-05-28T13:36:58","guid":{"rendered":"https:\/\/guialimeira.com.br\/limeira-lanca-programacao-do-mes-do-meio-ambiente-2026\/"},"modified":"2026-05-28T10:36:58","modified_gmt":"2026-05-28T13:36:58","slug":"limeira-lanca-programacao-do-mes-do-meio-ambiente-2026","status":"publish","type":"post","link":"https:\/\/guialimeira.com.br\/news\/limeira-lanca-programacao-do-mes-do-meio-ambiente-2026\/","title":{"rendered":"Limeira lan\u00e7a programa\u00e7\u00e3o do M\u00eas do Meio Ambiente 2026"},"content":{"rendered":"<p> <br \/>\n<\/p>\n<div>\n                <main class=\"\">&#13;<br \/>\n                    &#13;<br \/>\n&#13;<br \/>\n&#13;<br \/>\n&#13;<br \/>\n&#13;<br \/>\n&#13;<br \/>\n    <img data-recalc-dims=\"1\" decoding=\"async\" src=\"https:\/\/i0.wp.com\/ecrie.com.br\/sistema\/conteudos\/imagem\/m_137_0_1_28052026103459.jpeg?w=696&#038;ssl=1\" alt=\"Limeira lan\u00e7a programa\u00e7\u00e3o do M\u00eas do Meio Ambiente 2026\"\/>&#13;<br \/>\n&#13;<br \/>\n&#13;<\/p>\n<p style=\"text-align: justify;\">A Prefeitura de Limeira promove ao longo de junho o &#8220;M\u00eas do Meio Ambiente 2026&#8221;. A programa\u00e7\u00e3o inclui palestras, trilhas ecol\u00f3gicas, visitas monitoradas e a\u00e7\u00f5es educativas voltadas a estudantes, servidores p\u00fablicos e \u00e0 comunidade em geral.<\/p>\n<p>&#13;<\/p>\n<p style=\"text-align: justify;\">Institu\u00eddo pela Lei Municipal n\u00ba 6.837\/2022, o M\u00eas Municipal de Conscientiza\u00e7\u00e3o e Preserva\u00e7\u00e3o do Meio Ambiente integra o calend\u00e1rio oficial da cidade. Este ano, as atividades abordam temas como aquecimento global, mudan\u00e7as clim\u00e1ticas, polui\u00e7\u00e3o da \u00e1gua e do solo, arboriza\u00e7\u00e3o urbana e conserva\u00e7\u00e3o dos recursos h\u00eddricos.<\/p>\n<p>&#13;<\/p>\n<p style=\"text-align: justify;\">&#8220;Meio ambiente hoje \u00e9 um tema transversal dentro da cidade. \u00c9 sobre garantir \u00e1gua para abastecer a cidade, qualidade do ar, planejamento urbano e capacidade de enfrentar os epis\u00f3dios clim\u00e1ticos extremos que j\u00e1 fazem parte da nossa realidade. Por isso, esse debate \u00e9 t\u00e3o importante&#8221;, afirma o prefeito Murilo F\u00e9lix.<\/p>\n<p>&#13;<\/p>\n<p style=\"text-align: justify;\">Entre os destaques da programa\u00e7\u00e3o deste ano, est\u00e3o as visitas \u00e0 Casa Ecol\u00f3gica, no Horto Florestal, as trilhas das Abelhas e da Arboriza\u00e7\u00e3o, no Parque Cidade, e o Estande de Orienta\u00e7\u00f5es, que ser\u00e1 montado no Pa\u00e7o Municipal. A abertura oficial acontece no dia 2 de junho com uma palestra para servidores p\u00fablicos no Teatro Nair Bello, promovida em parceria com a Unicamp e o Cons\u00f3rcio PCJ.<\/p>\n<p>&#13;<\/p>\n<p style=\"text-align: justify;\">&#8220;O foco \u00e9 oferecer ferramentas pr\u00e1ticas e te\u00f3ricas para que crian\u00e7as, jovens e adultos desenvolvam uma rela\u00e7\u00e3o mais consciente com o meio ambiente, unindo educa\u00e7\u00e3o ambiental nas escolas e orienta\u00e7\u00e3o direta para a popula\u00e7\u00e3o&#8221;, explica F\u00e1bio Luccas Rosa Junior, secret\u00e1rio de Meio Ambiente e Saneamento.<\/p>\n<p>&#13;<\/p>\n<p style=\"text-align: justify;\">A iniciativa est\u00e1 alinhada aos Objetivos de Desenvolvimento Sustent\u00e1vel da ONU, especialmente o ODS 13, de A\u00e7\u00e3o Contra a Mudan\u00e7a Global do Clima, e o ODS 15, de Vida Terrestre, que incentiva a conserva\u00e7\u00e3o de ecossistemas e a arboriza\u00e7\u00e3o urbana.<\/p>\n<p>&#13;<br \/>\n&#13;<br \/>\n&#13;<br \/>\n&#13;<\/p>\n<article class=\"conteudo-relacionado no-print\">&#13;<br \/>\n        &#13;<br \/>\n&#13;<br \/>\n        &#13;<br \/>\n    <\/article>\n<p>&#13;<br \/>\n&#13;<br \/>\n                <\/main><\/p><\/div>\n<p><br \/>\n<br \/><a href=\"https:\/\/limeira.sp.gov.br\/limeira-lanca-programacao-do-mes-do-meio-ambiente-2026\" rel=\"noopener\">Informa\u00e7\u00f5es da PML <\/a><\/p>\n","protected":false},"excerpt":{"rendered":"<p>&#13; &#13; &#13; &#13; &#13; &#13; &#13; &#13; &#13; &#13; A Prefeitura de Limeira promove ao longo de junho o &#8220;M\u00eas do Meio Ambiente 2026&#8221;. A programa\u00e7\u00e3o inclui palestras, trilhas ecol\u00f3gicas, visitas monitoradas e a\u00e7\u00f5es educativas voltadas a estudantes, servidores p\u00fablicos e \u00e0 comunidade em geral. &#13; Institu\u00eddo pela Lei Municipal n\u00ba 6.837\/2022, o M\u00eas [&hellip;]<\/p>\n","protected":false},"author":1,"featured_media":67068,"comment_status":"","ping_status":"open","sticky":false,"template":"","format":"standard","meta":{"_jetpack_newsletter_access":"","_jetpack_dont_email_post_to_subs":false,"_jetpack_newsletter_tier_id":0,"_jetpack_memberships_contains_paywalled_content":false,"_mbp_banners":[],"_jetpack_feature_clip_id":0,"_jetpack_memberships_contains_paid_content":false,"footnotes":"","jetpack_publicize_message":"","jetpack_publicize_feature_enabled":true,"jetpack_social_post_already_shared":true,"jetpack_social_options":{"image_generator_settings":{"template":"highway","default_image_id":0,"font":"","enabled":false},"version":2},"jetpack_post_was_ever_published":false},"categories":[16],"tags":[],"class_list":["post-67067","post","type-post","status-publish","format-standard","has-post-thumbnail","category-local"],"jetpack_publicize_connections":[],"jetpack-related-posts":[],"jetpack_shortlink":"https:\/\/wp.me\/p7Eq1F-hrJ","jetpack_sharing_enabled":true,"jetpack_featured_media_url":"https:\/\/i0.wp.com\/guialimeira.com.br\/news\/wp-content\/uploads\/2026\/05\/m_137_0_1_28052026103459.jpeg?fit=1024%2C576&ssl=1","_links":{"self":[{"href":"https:\/\/guialimeira.com.br\/news\/wp-json\/wp\/v2\/posts\/67067","targetHints":{"allow":["GET"]}}],"collection":[{"href":"https:\/\/guialimeira.com.br\/news\/wp-json\/wp\/v2\/posts"}],"about":[{"href":"https:\/\/guialimeira.com.br\/news\/wp-json\/wp\/v2\/types\/post"}],"author":[{"embeddable":true,"href":"https:\/\/guialimeira.com.br\/news\/wp-json\/wp\/v2\/users\/1"}],"replies":[{"embeddable":true,"href":"https:\/\/guialimeira.com.br\/news\/wp-json\/wp\/v2\/comments?post=67067"}],"version-history":[{"count":0,"href":"https:\/\/guialimeira.com.br\/news\/wp-json\/wp\/v2\/posts\/67067\/revisions"}],"wp:featuredmedia":[{"embeddable":true,"href":"https:\/\/guialimeira.com.br\/news\/wp-json\/wp\/v2\/media\/67068"}],"wp:attachment":[{"href":"https:\/\/guialimeira.com.br\/news\/wp-json\/wp\/v2\/media?parent=67067"}],"wp:term":[{"taxonomy":"category","embeddable":true,"href":"https:\/\/guialimeira.com.br\/news\/wp-json\/wp\/v2\/categories?post=67067"},{"taxonomy":"post_tag","embeddable":true,"href":"https:\/\/guialimeira.com.br\/news\/wp-json\/wp\/v2\/tags?post=67067"}],"curies":[{"name":"wp","href":"https:\/\/api.w.org\/{rel}","templated":true}]}}