{"id":67057,"date":"2026-05-28T09:13:14","date_gmt":"2026-05-28T12:13:14","guid":{"rendered":"https:\/\/guialimeira.com.br\/?p=67057"},"modified":"2026-05-28T09:13:14","modified_gmt":"2026-05-28T12:13:14","slug":"prefeitura-divulga-acoes-e-inauguracoes-para-celebrar-78-anos-de-cordeiropolis-prefeitura-municipal-de-cordeiropolis","status":"publish","type":"post","link":"https:\/\/guialimeira.com.br\/news\/prefeitura-divulga-acoes-e-inauguracoes-para-celebrar-78-anos-de-cordeiropolis-prefeitura-municipal-de-cordeiropolis\/","title":{"rendered":"Prefeitura divulga a\u00e7\u00f5es e inaugura\u00e7\u00f5es para celebrar 78 anos de Cordeir\u00f3polis \u2013 Prefeitura Municipal de Cordeir\u00f3polis"},"content":{"rendered":"<p> <br \/>\n<\/p>\n<div>\n<p>A Prefeitura de Cordeir\u00f3polis divulgou a programa\u00e7\u00e3o oficial de a\u00e7\u00f5es, inaugura\u00e7\u00f5es e eventos em comemora\u00e7\u00e3o aos 78 anos do munic\u00edpio. As atividades come\u00e7am ainda em maio e v\u00e3o at\u00e9 julho, com entregas de obras, investimentos em infraestrutura, atividades esportivas, culturais, ambientais e celebra\u00e7\u00f5es c\u00edvicas.<\/p>\n<p>A agenda tem in\u00edcio nesta sexta-feira (29), \u00e0s 19h, com a formatura da primeira turma da Academia de Forma\u00e7\u00e3o da Guarda Civil Municipal de Cordeir\u00f3polis, no audit\u00f3rio da Patrulha Mirim. No domingo (31), \u00e0s 8h, acontece o tradicional Desfile C\u00edvico, na Rua Carlos Gomes. As escolas representar\u00e3o pa\u00edses da Copa do Mundo durante o desfile.<\/p>\n<p>J\u00e1 no dia 2 de junho, das 8h \u00e0s 15h, a Pra\u00e7a Francisco Orlando Stocco receber\u00e1 uma Blitz Ambiental voltada \u00e0 conscientiza\u00e7\u00e3o da popula\u00e7\u00e3o. Em seguida, no dia 3 de junho, \u00e0s 9h, ocorre a inaugura\u00e7\u00e3o da nova sede e celebra\u00e7\u00e3o dos 50 anos da Biblioteca Municipal \u201cAita Bentivenga Dias\u201d, e inaugura\u00e7\u00e3o da nova sede do HUB Cordeiro. Ainda no dia 3, \u00e0s 11h, o Servi\u00e7o Aut\u00f4nomo de \u00c1gua e Esgoto (SAAE) anuncia melhorias e investimentos no saneamento do munic\u00edpio.<\/p>\n<p>A programa\u00e7\u00e3o esportiva ter\u00e1 destaque no dia 7 de junho, \u00e0s 7h30, com a realiza\u00e7\u00e3o do Cordeir\u00f3polis RUN, corrida e caminhada com sa\u00edda do Gin\u00e1sio de Esportes \u201cGovernador Orestes Qu\u00e9rcia\u201d, no Centro. J\u00e1 no dia 8 de junho, \u00e0s 9h, ser\u00e1 inaugurada a academia ao ar livre do Jardim Juventude.<\/p>\n<p>No dia 10 de junho, \u00e0s 19h, ser\u00e3o entregues os t\u00edtulos de matr\u00edcula do N\u00facleo Parcelamento Santa Rita e da Coloninha, na C\u00e2mara Municipal. Entre os dias 11 e 14 de junho, a Pra\u00e7a Central \u201cComendador Jamil Abrah\u00e3o Saad\u201d ser\u00e1 palco dos shows em comemora\u00e7\u00e3o ao anivers\u00e1rio da cidade. Colo de Deus, Cordeiro In Canto, S\u00f3 Pra Contrariar e Ultraje a Rigor s\u00e3o as principais atra\u00e7\u00f5es.<\/p>\n<p>Um dos momentos centrais das comemora\u00e7\u00f5es ser\u00e1 no dia 13 de junho, \u00e0s 9h, com a entrega do Viaduto Bicenten\u00e1rio da Independ\u00eancia do Brasil \u2014 primeira etapa do Anel Vi\u00e1rio \u2014 acompanhada de ato c\u00edvico em celebra\u00e7\u00e3o aos 78 anos de Cordeir\u00f3polis, na rotat\u00f3ria de acesso ao viaduto, na Avenida Presidente Vargas.<\/p>\n<p>Ainda no dia 13, \u00e0s 19h, a Pra\u00e7a Central receber\u00e1 a transmiss\u00e3o da partida da Copa do Mundo entre Brasil e Marrocos. No dia 21 de junho, das 9h \u00e0s 12h, a Pra\u00e7a Francisco Orlando Stocco sediar\u00e1 o \u201cMem\u00f3rias da Copa\u201d, primeiro encontro de troca de figurinhas do \u00e1lbum da Copa em Cordeir\u00f3polis.<\/p>\n<p>A programa\u00e7\u00e3o segue no dia 26 de junho, com uma s\u00e9rie de atividades: das 8h \u00e0s 12h ser\u00e1 realizada a Conex\u00e3o Empreendedora Cordeir\u00f3polis, no Centro de Conviv\u00eancia do Idoso (CCI); \u00e0s 9h30 ocorre o lan\u00e7amento do Plano de Conserva\u00e7\u00e3o das APPs, na biblioteca da C\u00e2mara Municipal; e \u00e0s 15h, a entrega da reforma do Centro de Educa\u00e7\u00e3o Infantil (CEI) Milton Ant\u00f4nio Vitte.<\/p>\n<p>No dia 27 de junho, \u00e0s 10h, ser\u00e1 entregue a reforma do Lago Uni\u00e3o. J\u00e1 no dia 29 de junho, \u00e0s 13h30, acontece a entrega da reforma do Posto de Sa\u00fade do Jardim Eldorado \u201cESF Am\u00e9rico Bert\u00e3o\u201d e, \u00e0s 15h, a entrega das reformas da quadra e da pra\u00e7a de esportes do Jardim Cordeiro.<\/p>\n<p>Para encerrar a programa\u00e7\u00e3o, entre os dias 9 e 12 de julho, o Gin\u00e1sio de Esportes \u201cGovernador Orestes Qu\u00e9rcia\u201d recebe o Motor Rock Fest, com diversos shows do universo do rock. \u201c\u00c9 uma programa\u00e7\u00e3o completa de celebra\u00e7\u00e3o, presta\u00e7\u00e3o de servi\u00e7o e entregas para nossa popula\u00e7\u00e3o. Os 78 anos de Cordeir\u00f3polis merecem essa grande festa\u201d, afirma a prefeita Cristina Saad.<\/p>\n<\/p><\/div>\n<p><br \/>\n<br \/><a href=\"https:\/\/www.cordeiropolis.sp.gov.br\/prefeitura-divulga-acoes-e-inauguracoes-para-celebrar-78-anos-de-cordeiropolis\/\" rel=\"noopener\">Informa\u00e7\u00f5es Cordeir\u00f3polis <\/a><\/p>\n","protected":false},"excerpt":{"rendered":"<p>A Prefeitura de Cordeir\u00f3polis divulgou a programa\u00e7\u00e3o oficial de a\u00e7\u00f5es, inaugura\u00e7\u00f5es e eventos em comemora\u00e7\u00e3o aos 78 anos do munic\u00edpio. As atividades come\u00e7am ainda em maio e v\u00e3o at\u00e9 julho, com entregas de obras, investimentos em infraestrutura, atividades esportivas, culturais, ambientais e celebra\u00e7\u00f5es c\u00edvicas. A agenda tem in\u00edcio nesta sexta-feira (29), \u00e0s 19h, com a [&hellip;]<\/p>\n","protected":false},"author":1,"featured_media":0,"comment_status":"closed","ping_status":"open","sticky":false,"template":"","format":"standard","meta":{"_jetpack_newsletter_access":"","_jetpack_dont_email_post_to_subs":false,"_jetpack_newsletter_tier_id":0,"_jetpack_memberships_contains_paywalled_content":false,"_mbp_banners":[],"_jetpack_feature_clip_id":0,"_jetpack_memberships_contains_paid_content":false,"footnotes":"","jetpack_publicize_message":"","jetpack_publicize_feature_enabled":true,"jetpack_social_post_already_shared":true,"jetpack_social_options":{"image_generator_settings":{"template":"highway","default_image_id":0,"font":"","enabled":false},"version":2},"jetpack_post_was_ever_published":false},"categories":[20],"tags":[],"class_list":["post-67057","post","type-post","status-publish","format-standard","category-regiao"],"jetpack_publicize_connections":[],"jetpack-related-posts":[],"jetpack_shortlink":"https:\/\/wp.me\/p7Eq1F-hrz","jetpack_sharing_enabled":true,"jetpack_featured_media_url":"","_links":{"self":[{"href":"https:\/\/guialimeira.com.br\/news\/wp-json\/wp\/v2\/posts\/67057","targetHints":{"allow":["GET"]}}],"collection":[{"href":"https:\/\/guialimeira.com.br\/news\/wp-json\/wp\/v2\/posts"}],"about":[{"href":"https:\/\/guialimeira.com.br\/news\/wp-json\/wp\/v2\/types\/post"}],"author":[{"embeddable":true,"href":"https:\/\/guialimeira.com.br\/news\/wp-json\/wp\/v2\/users\/1"}],"replies":[{"embeddable":true,"href":"https:\/\/guialimeira.com.br\/news\/wp-json\/wp\/v2\/comments?post=67057"}],"version-history":[{"count":1,"href":"https:\/\/guialimeira.com.br\/news\/wp-json\/wp\/v2\/posts\/67057\/revisions"}],"predecessor-version":[{"id":67058,"href":"https:\/\/guialimeira.com.br\/news\/wp-json\/wp\/v2\/posts\/67057\/revisions\/67058"}],"wp:attachment":[{"href":"https:\/\/guialimeira.com.br\/news\/wp-json\/wp\/v2\/media?parent=67057"}],"wp:term":[{"taxonomy":"category","embeddable":true,"href":"https:\/\/guialimeira.com.br\/news\/wp-json\/wp\/v2\/categories?post=67057"},{"taxonomy":"post_tag","embeddable":true,"href":"https:\/\/guialimeira.com.br\/news\/wp-json\/wp\/v2\/tags?post=67057"}],"curies":[{"name":"wp","href":"https:\/\/api.w.org\/{rel}","templated":true}]}}