{"id":6705,"date":"2024-05-28T11:33:44","date_gmt":"2024-05-28T14:33:44","guid":{"rendered":"https:\/\/guialimeira.com.br\/2024\/05\/28\/limeira-tem-um-dos-menores-indices-de-perdas-de-agua-do-pais-e-recebe-premio\/"},"modified":"2024-05-28T11:33:44","modified_gmt":"2024-05-28T14:33:44","slug":"limeira-tem-um-dos-menores-indices-de-perdas-de-agua-do-pais-e-recebe-premio","status":"publish","type":"post","link":"https:\/\/guialimeira.com.br\/news\/limeira-tem-um-dos-menores-indices-de-perdas-de-agua-do-pais-e-recebe-premio\/","title":{"rendered":"Limeira tem um dos menores \u00edndices de perdas de \u00e1gua do pa\u00eds e recebe pr\u00eamio"},"content":{"rendered":"<p> <br \/>\n<\/p>\n<div id=\"\">&#13;<br \/>\n                &#13;<br \/>\n&#13;<br \/>\n&#13;<br \/>\n&#13;<br \/>\n    <img data-recalc-dims=\"1\" decoding=\"async\" src=\"https:\/\/i0.wp.com\/ecrie.com.br\/sistema\/conteudos\/imagem\/m_137_0_1_28052024111432.jpg?w=696&#038;ssl=1\" alt=\"Limeira tem um dos menores \u00edndices de perdas de \u00e1gua do pa\u00eds e recebe pr\u00eamio\"\/>&#13;<br \/>\n&#13;<\/p>\n<p style=\"text-align: justify;\" align=\"justify\">Limeira foi reconhecida com mais uma premia\u00e7\u00e3o. Agora, sobre saneamento. A solenidade de entrega do 8\u00b0 Pr\u00eamio Casos de Sucesso aconteceu ontem (27), em S\u00e3o Paulo. A cidade foi contemplada na categoria \u201cAtingimento das Metas de Perdas de \u00c1gua\u201d e \u00e9 destaque no pa\u00eds. O munic\u00edpio foi o \u00fanico do Estado de S\u00e3o Paulo a ser reconhecido pelo Instituto Trata Brasil \u2013 entidade que atua no ramo de saneamento. As outras duas cidades lembradas pelo instituto s\u00e3o Goi\u00e2nia e Campo Grande.<\/p>\n<p>&#13;<\/p>\n<p style=\"text-align: justify;\" align=\"justify\">O pr\u00eamio foi entregue para o prefeito Mario Botion e o diretor da concession\u00e1ria BRK Ambiental, Fernando Mangabeira. A vice-prefeita, Erika Tank, e o secret\u00e1rio de Obras e Servi\u00e7os P\u00fablicos, Dagoberto Guidi, tamb\u00e9m acompanharam a cerim\u00f4nia na sede da Funda\u00e7\u00e3o Get\u00falio Vargas, que \u00e9 parceira na premia\u00e7\u00e3o.<\/p>\n<p>&#13;<\/p>\n<p style=\"text-align: justify;\" align=\"justify\">\u201cLimeira, dois anos atr\u00e1s, perdia 20,19% da \u00e1gua pot\u00e1vel nos sistemas de distribui\u00e7\u00e3o, e esse \u00edndice \u00e9 abaixo do estabelecido pela legisla\u00e7\u00e3o. Isso gra\u00e7as a um sistema eficiente e de qualidade no processo de levar \u00e1gua at\u00e9 a casa dos nossos mun\u00edcipes\u201d, disse o chefe do Executivo. Na sequ\u00eancia, ele atualizou a medi\u00e7\u00e3o atual de perdas de \u00e1gua. \u201cAgora, em maio, estamos em 17,5%, que \u00e9 um percentual abaixo da \u00e9poca em que a pesquisa foi realizada\u201d, comentou.<\/p>\n<p>&#13;<\/p>\n<p style=\"text-align: justify;\" align=\"justify\">Para a vice-prefeita, o impacto na vida da popula\u00e7\u00e3o \u00e9 positivo. \u201cQuando a \u00e1gua e o esgoto recebem tratamentos adequados e de qualidade, como \u00e9 o caso de Limeira, isso acaba refletindo positivamente na vida dos mun\u00edcipes. E, com certeza, vamos reduzir ainda mais os \u00edndices, e consequentemente aprimorar o sistema todo de \u00e1gua\u201d, citou. Mangabeira, por sua vez, lembrou que este n\u00e3o \u00e9 o primeiro pr\u00eamio recebido pelo munic\u00edpio.<\/p>\n<p>&#13;<\/p>\n<p style=\"text-align: justify;\" align=\"justify\">\u201cTemos nos destacado desde que assumimos a concess\u00e3o h\u00e1 29 anos, e na \u00faltima d\u00e9cada temos evolu\u00eddo em v\u00e1rios quesitos relacionados ao abastecimento. Isso comprova que nossas a\u00e7\u00f5es t\u00eam proporcionado a universaliza\u00e7\u00e3o de todo sistema\u201d, pontuou. J\u00e1 o secret\u00e1rio de Obras e Servi\u00e7os P\u00fablicos, citou os avan\u00e7os dos \u00faltimos anos. \u201cAl\u00e9m desse pr\u00eamio, a classifica\u00e7\u00e3o geral de Limeira, no quesito saneamento, \u00e9 o quarto lugar no pa\u00eds, dentre mais de 5 mil munic\u00edpios\u201d, lembrou.<\/p>\n<p>&#13;<\/p>\n<p style=\"text-align: justify;\" align=\"justify\"><strong>METAS<\/strong><\/p>\n<p>&#13;<\/p>\n<p style=\"text-align: justify;\" align=\"justify\">A categoria \u2013 em que Limeira foi premiada \u2013 destaca os munic\u00edpios que simultaneamente atendem \u00e0s metas estabelecidas pela Portaria 490\/2021 do Minist\u00e9rio do Desenvolvimento Regional (25% em perdas na distribui\u00e7\u00e3o e 216 litros\/liga\u00e7\u00e3o\/dia em perdas volum\u00e9tricas) e apresentam os menores n\u00edveis de perdas. De acordo com dados do Sistema Nacional de Informa\u00e7\u00f5es sobre Saneamento (SNIS), ano-base 2022, Limeira perde apenas 20,19% da \u00e1gua pot\u00e1vel nos sistemas de distribui\u00e7\u00e3o e o indicador de perdas de liga\u00e7\u00e3o \u00e9 de 128,82 litros\/liga\u00e7\u00e3o\/dia.<\/p>\n<p>&#13;<br \/>\n&#13;<br \/>\n&#13;<br \/>\n&#13;<\/p>\n<aside class=\"list-related no-print\">&#13;<br \/>\n        &#13;<br \/>\n&#13;<\/p>\n<article class=\"list-item noticias \">&#13;<br \/>\n                    <a class=\"list-item__img\" href=\"https:\/\/limeira.sp.gov.br\/imprensa\/noticias\/obras-e-servicos-publicos\/recapeamento-em-limeira-segue-com-obra-no-jd-do-lago\" tabindex=\"-1\" aria-hidden=\"true\" rel=\"noopener\">&#13;<br \/>\n                        <img data-recalc-dims=\"1\" decoding=\"async\" src=\"https:\/\/i0.wp.com\/ecrie.com.br\/sistema\/conteudos\/imagem\/m_137_0_1_27052024192833.jpg?w=696&#038;ssl=1\" alt=\"Recapeamento em Limeira segue com obra no Jd. do Lago\"\/>&#13;<br \/>\n                    <\/a>&#13;<br \/>\n&#13;<br \/>\n                &#13;<br \/>\n            <\/article>\n<p>&#13;<\/p>\n<article class=\"list-item noticias \">&#13;<br \/>\n                    <a class=\"list-item__img\" href=\"https:\/\/limeira.sp.gov.br\/imprensa\/noticias\/obras-e-servicos-publicos\/confira-os-servicos-municipais-no-feriado-de-corpuschristi\" tabindex=\"-1\" aria-hidden=\"true\" rel=\"noopener\">&#13;<br \/>\n                        <img data-recalc-dims=\"1\" decoding=\"async\" src=\"https:\/\/i0.wp.com\/ecrie.com.br\/sistema\/conteudos\/imagem\/m_137_0_1_27052024143547.jpg?w=696&#038;ssl=1\" alt=\"Confira os servi\u00e7os municipais no feriado de Corpus\u00a0Christi\"\/>&#13;<br \/>\n                    <\/a>&#13;<br \/>\n&#13;<br \/>\n                &#13;<br \/>\n            <\/article>\n<p>&#13;<\/p>\n<article class=\"list-item noticias \">&#13;<br \/>\n                    <a class=\"list-item__img\" href=\"https:\/\/limeira.sp.gov.br\/imprensa\/noticias\/gabinete-do-prefeito\/evento-celebra-5-dia-da-industria-em-limeira\" tabindex=\"-1\" aria-hidden=\"true\" rel=\"noopener\">&#13;<br \/>\n                        <img data-recalc-dims=\"1\" decoding=\"async\" src=\"https:\/\/i0.wp.com\/ecrie.com.br\/sistema\/conteudos\/imagem\/m_137_0_4_24052024161300.jpg?w=696&#038;ssl=1\" alt=\"Evento celebra 5\u00ba Dia da Ind\u00fastria em Limeira\"\/>&#13;<br \/>\n                    <\/a>&#13;<br \/>\n&#13;<br \/>\n                &#13;<br \/>\n            <\/article>\n<p>&#13;<br \/>\n    <\/aside>\n<p>&#13;<br \/>\n&#13;\n            <\/p><\/div>\n<p><br \/>\n<br \/><a href=\"https:\/\/limeira.sp.gov.br\/limeira-tem-um-dos-menores-indices-de-perdas-de-agua-do-pais-e-recebe-premio\" rel=\"noopener\">Informa\u00e7\u00f5es da PML <\/a><\/p>\n","protected":false},"excerpt":{"rendered":"<p>&#13; &#13; &#13; &#13; &#13; &#13; &#13; Limeira foi reconhecida com mais uma premia\u00e7\u00e3o. Agora, sobre saneamento. A solenidade de entrega do 8\u00b0 Pr\u00eamio Casos de Sucesso aconteceu ontem (27), em S\u00e3o Paulo. A cidade foi contemplada na categoria \u201cAtingimento das Metas de Perdas de \u00c1gua\u201d e \u00e9 destaque no pa\u00eds. O munic\u00edpio foi o [&hellip;]<\/p>\n","protected":false},"author":1,"featured_media":6706,"comment_status":"open","ping_status":"open","sticky":false,"template":"","format":"standard","meta":{"_jetpack_newsletter_access":"","_jetpack_dont_email_post_to_subs":false,"_jetpack_newsletter_tier_id":0,"_jetpack_memberships_contains_paywalled_content":false,"_mbp_banners":[],"_jetpack_feature_clip_id":0,"_jetpack_memberships_contains_paid_content":false,"footnotes":"","jetpack_publicize_message":"","jetpack_publicize_feature_enabled":true,"jetpack_social_post_already_shared":true,"jetpack_social_options":{"image_generator_settings":{"template":"highway","default_image_id":0,"font":"","enabled":false},"version":2},"jetpack_post_was_ever_published":false},"categories":[16],"tags":[],"class_list":["post-6705","post","type-post","status-publish","format-standard","has-post-thumbnail","category-local"],"jetpack_publicize_connections":[],"jetpack-related-posts":[],"jetpack_shortlink":"https:\/\/wp.me\/p7Eq1F-1K9","jetpack_sharing_enabled":true,"jetpack_featured_media_url":"https:\/\/i0.wp.com\/guialimeira.com.br\/news\/wp-content\/uploads\/2024\/05\/m_137_0_1_28052024111432.jpg?fit=1280%2C852&ssl=1","_links":{"self":[{"href":"https:\/\/guialimeira.com.br\/news\/wp-json\/wp\/v2\/posts\/6705","targetHints":{"allow":["GET"]}}],"collection":[{"href":"https:\/\/guialimeira.com.br\/news\/wp-json\/wp\/v2\/posts"}],"about":[{"href":"https:\/\/guialimeira.com.br\/news\/wp-json\/wp\/v2\/types\/post"}],"author":[{"embeddable":true,"href":"https:\/\/guialimeira.com.br\/news\/wp-json\/wp\/v2\/users\/1"}],"replies":[{"embeddable":true,"href":"https:\/\/guialimeira.com.br\/news\/wp-json\/wp\/v2\/comments?post=6705"}],"version-history":[{"count":0,"href":"https:\/\/guialimeira.com.br\/news\/wp-json\/wp\/v2\/posts\/6705\/revisions"}],"wp:featuredmedia":[{"embeddable":true,"href":"https:\/\/guialimeira.com.br\/news\/wp-json\/wp\/v2\/media\/6706"}],"wp:attachment":[{"href":"https:\/\/guialimeira.com.br\/news\/wp-json\/wp\/v2\/media?parent=6705"}],"wp:term":[{"taxonomy":"category","embeddable":true,"href":"https:\/\/guialimeira.com.br\/news\/wp-json\/wp\/v2\/categories?post=6705"},{"taxonomy":"post_tag","embeddable":true,"href":"https:\/\/guialimeira.com.br\/news\/wp-json\/wp\/v2\/tags?post=6705"}],"curies":[{"name":"wp","href":"https:\/\/api.w.org\/{rel}","templated":true}]}}