{"id":66989,"date":"2026-05-27T17:10:09","date_gmt":"2026-05-27T20:10:09","guid":{"rendered":"https:\/\/guialimeira.com.br\/prefeitura-abre-portas-do-departamento-de-bem-estar-animal-em-limeira\/"},"modified":"2026-05-27T17:10:09","modified_gmt":"2026-05-27T20:10:09","slug":"prefeitura-abre-portas-do-departamento-de-bem-estar-animal-em-limeira","status":"publish","type":"post","link":"https:\/\/guialimeira.com.br\/news\/prefeitura-abre-portas-do-departamento-de-bem-estar-animal-em-limeira\/","title":{"rendered":"Prefeitura abre portas do Departamento de bem-estar animal em Limeira"},"content":{"rendered":"<p> <br \/>\n<\/p>\n<div>\n                <main class=\"\">&#13;<br \/>\n                    &#13;<br \/>\n&#13;<br \/>\n&#13;<br \/>\n&#13;<br \/>\n&#13;<br \/>\n&#13;<br \/>\n    <img data-recalc-dims=\"1\" decoding=\"async\" src=\"https:\/\/i0.wp.com\/ecrie.com.br\/sistema\/conteudos\/imagem\/m_137_0_1_27052026170903.jpeg?w=696&#038;ssl=1\" alt=\"Prefeitura abre portas do Departamento de bem-estar animal em Limeira\"\/>&#13;<br \/>\n&#13;<br \/>\n&#13;<\/p>\n<p>A Prefeitura de Limeira promove neste s\u00e1bado (30) uma a\u00e7\u00e3o de portas abertas no Departamento de Bem-Estar Animal para que a popula\u00e7\u00e3o conhe\u00e7a de perto a estrutura, a rotina de cuidados e o trabalho desenvolvido com os animais acolhidos pelo munic\u00edpio. A atividade acontece na Rua Professor S\u00f3lon Borges dos Reis, 251, com entrada gratuita.<\/p>\n<p>&#13;<\/p>\n<p>Atualmente, o espa\u00e7o abriga 119 pets, entre c\u00e3es e gatos, que recebem alimenta\u00e7\u00e3o, atendimento veterin\u00e1rio, acompanhamento di\u00e1rio e todo o cuidado necess\u00e1rio enquanto aguardam a oportunidade de encontrar um novo lar.<\/p>\n<p>&#13;<\/p>\n<p>Al\u00e9m de conhecer o funcionamento do departamento, os visitantes poder\u00e3o interagir com os animais dispon\u00edveis para ado\u00e7\u00e3o, incentivando a guarda consciente e a cria\u00e7\u00e3o de novos v\u00ednculos entre fam\u00edlias e pets acolhidos.<\/p>\n<p>&#13;<\/p>\n<p>Ado\u00e7\u00e3o respons\u00e1vel<\/p>\n<p>&#13;<\/p>\n<p>C\u00e3es e gatos est\u00e3o dispon\u00edveis para ado\u00e7\u00e3o respons\u00e1vel. Para garantir a seguran\u00e7a e o bem-estar dos animais, os interessados passar\u00e3o por uma entrevista e dever\u00e3o apresentar documento com foto e comprovante de endere\u00e7o. No momento da ado\u00e7\u00e3o, \u00e9 necess\u00e1rio levar caixa de transporte para gatos e guia com coleira para c\u00e3es.<\/p>\n<p>&#13;<\/p>\n<p>&#8220;A ado\u00e7\u00e3o respons\u00e1vel \u00e9 uma pol\u00edtica p\u00fablica de sa\u00fade e bem-estar. Quando a cidade oferece condi\u00e7\u00f5es para que animais abandonados encontrem lares, reduzimos a popula\u00e7\u00e3o em situa\u00e7\u00e3o de rua, prevenimos zoonoses e promovemos uma rela\u00e7\u00e3o mais saud\u00e1vel entre as pessoas e os animais. \u00c9 assim que constru\u00edmos uma Limeira mais humana&#8221;, afirma o prefeito Murilo F\u00e9lix.<\/p>\n<p>&#13;<\/p>\n<p>A iniciativa est\u00e1 alinhada ao Objetivo de Desenvolvimento Sustent\u00e1vel 3, da ONU, que trata de sa\u00fade e bem-estar.<\/p>\n<p>&#13;<br \/>\n&#13;<br \/>\n&#13;<br \/>\n&#13;<\/p>\n<article class=\"conteudo-relacionado no-print\">&#13;<br \/>\n        &#13;<br \/>\n&#13;<br \/>\n        &#13;<br \/>\n    <\/article>\n<p>&#13;<br \/>\n&#13;<br \/>\n                <\/main><\/p><\/div>\n<p><br \/>\n<br \/><a href=\"https:\/\/limeira.sp.gov.br\/prefeitura-abre-portas-do-departamento-de-bem-estar-animal-em-limeira\" rel=\"noopener\">Informa\u00e7\u00f5es da PML <\/a><\/p>\n","protected":false},"excerpt":{"rendered":"<p>&#13; &#13; &#13; &#13; &#13; &#13; &#13; &#13; &#13; &#13; A Prefeitura de Limeira promove neste s\u00e1bado (30) uma a\u00e7\u00e3o de portas abertas no Departamento de Bem-Estar Animal para que a popula\u00e7\u00e3o conhe\u00e7a de perto a estrutura, a rotina de cuidados e o trabalho desenvolvido com os animais acolhidos pelo munic\u00edpio. A atividade acontece na [&hellip;]<\/p>\n","protected":false},"author":1,"featured_media":66990,"comment_status":"","ping_status":"open","sticky":false,"template":"","format":"standard","meta":{"_jetpack_newsletter_access":"","_jetpack_dont_email_post_to_subs":false,"_jetpack_newsletter_tier_id":0,"_jetpack_memberships_contains_paywalled_content":false,"_mbp_banners":[],"_jetpack_feature_clip_id":0,"_jetpack_memberships_contains_paid_content":false,"footnotes":"","jetpack_publicize_message":"","jetpack_publicize_feature_enabled":true,"jetpack_social_post_already_shared":true,"jetpack_social_options":{"image_generator_settings":{"template":"highway","default_image_id":0,"font":"","enabled":false},"version":2},"jetpack_post_was_ever_published":false},"categories":[16],"tags":[],"class_list":["post-66989","post","type-post","status-publish","format-standard","has-post-thumbnail","category-local"],"jetpack_publicize_connections":[],"jetpack-related-posts":[],"jetpack_shortlink":"https:\/\/wp.me\/p7Eq1F-hqt","jetpack_sharing_enabled":true,"jetpack_featured_media_url":"https:\/\/i0.wp.com\/guialimeira.com.br\/news\/wp-content\/uploads\/2026\/05\/m_137_0_1_27052026170903.jpeg?fit=1024%2C768&ssl=1","_links":{"self":[{"href":"https:\/\/guialimeira.com.br\/news\/wp-json\/wp\/v2\/posts\/66989","targetHints":{"allow":["GET"]}}],"collection":[{"href":"https:\/\/guialimeira.com.br\/news\/wp-json\/wp\/v2\/posts"}],"about":[{"href":"https:\/\/guialimeira.com.br\/news\/wp-json\/wp\/v2\/types\/post"}],"author":[{"embeddable":true,"href":"https:\/\/guialimeira.com.br\/news\/wp-json\/wp\/v2\/users\/1"}],"replies":[{"embeddable":true,"href":"https:\/\/guialimeira.com.br\/news\/wp-json\/wp\/v2\/comments?post=66989"}],"version-history":[{"count":0,"href":"https:\/\/guialimeira.com.br\/news\/wp-json\/wp\/v2\/posts\/66989\/revisions"}],"wp:featuredmedia":[{"embeddable":true,"href":"https:\/\/guialimeira.com.br\/news\/wp-json\/wp\/v2\/media\/66990"}],"wp:attachment":[{"href":"https:\/\/guialimeira.com.br\/news\/wp-json\/wp\/v2\/media?parent=66989"}],"wp:term":[{"taxonomy":"category","embeddable":true,"href":"https:\/\/guialimeira.com.br\/news\/wp-json\/wp\/v2\/categories?post=66989"},{"taxonomy":"post_tag","embeddable":true,"href":"https:\/\/guialimeira.com.br\/news\/wp-json\/wp\/v2\/tags?post=66989"}],"curies":[{"name":"wp","href":"https:\/\/api.w.org\/{rel}","templated":true}]}}