{"id":66981,"date":"2026-05-27T16:28:11","date_gmt":"2026-05-27T19:28:11","guid":{"rendered":"https:\/\/guialimeira.com.br\/dia-do-desafio-mobiliza-servidores-da-prefeitura-de-limeira-em-acao-de-incentivo-a-atividade-fisica\/"},"modified":"2026-05-27T16:28:11","modified_gmt":"2026-05-27T19:28:11","slug":"dia-do-desafio-mobiliza-servidores-da-prefeitura-de-limeira-em-acao-de-incentivo-a-atividade-fisica","status":"publish","type":"post","link":"https:\/\/guialimeira.com.br\/news\/dia-do-desafio-mobiliza-servidores-da-prefeitura-de-limeira-em-acao-de-incentivo-a-atividade-fisica\/","title":{"rendered":"&#8220;Dia do Desafio&#8221; mobiliza servidores da Prefeitura de Limeira em a\u00e7\u00e3o de incentivo \u00e0 atividade f\u00edsica"},"content":{"rendered":"<p> <br \/>\n<br \/><img data-recalc-dims=\"1\" decoding=\"async\" src=\"https:\/\/i0.wp.com\/ecrie.com.br\/sistema\/conteudos\/imagem\/m_137_2_1_27052026162659.jpeg?w=696&#038;ssl=1\" \/><\/p>\n<div>\n<h3 data-reticencias=\"34\">Abertura da 5\u00aa Mostra de Dan\u00e7a de Limeira traz ritmos plurais nesta quarta (27)<\/h3>\n<p class=\"descricao\" data-reticencias=\"44 [...]\">&#13;<br \/>\n                                    Apresenta\u00e7\u00f5es marcam o in\u00edcio oficial da programa\u00e7\u00e3o; entrada \u00e9 solid\u00e1ria, com troca por produtos de higiene pessoal ou limpeza&#13;<br \/>\n&#13;\n                                <\/p>\n<\/p><\/div>\n<p><br \/>\n<br \/><a href=\"https:\/\/limeira.sp.gov.br\/dia-do-desafio-mobiliza-servidores-da-prefeitura-de-limeira-em-acao-de-incentivo-a-atividade-fisica\" rel=\"noopener\">Informa\u00e7\u00f5es da PML <\/a><\/p>\n","protected":false},"excerpt":{"rendered":"<p>Abertura da 5\u00aa Mostra de Dan\u00e7a de Limeira traz ritmos plurais nesta quarta (27) &#13; Apresenta\u00e7\u00f5es marcam o in\u00edcio oficial da programa\u00e7\u00e3o; entrada \u00e9 solid\u00e1ria, com troca por produtos de higiene pessoal ou limpeza&#13; &#13; Informa\u00e7\u00f5es da PML<\/p>\n","protected":false},"author":1,"featured_media":66982,"comment_status":"","ping_status":"open","sticky":false,"template":"","format":"standard","meta":{"_jetpack_newsletter_access":"","_jetpack_dont_email_post_to_subs":false,"_jetpack_newsletter_tier_id":0,"_jetpack_memberships_contains_paywalled_content":false,"_mbp_banners":[],"_jetpack_feature_clip_id":0,"_jetpack_memberships_contains_paid_content":false,"footnotes":"","jetpack_publicize_message":"","jetpack_publicize_feature_enabled":true,"jetpack_social_post_already_shared":true,"jetpack_social_options":{"image_generator_settings":{"template":"highway","default_image_id":0,"font":"","enabled":false},"version":2},"jetpack_post_was_ever_published":false},"categories":[16],"tags":[],"class_list":["post-66981","post","type-post","status-publish","format-standard","has-post-thumbnail","category-local"],"jetpack_publicize_connections":[],"jetpack-related-posts":[],"jetpack_shortlink":"https:\/\/wp.me\/p7Eq1F-hql","jetpack_sharing_enabled":true,"jetpack_featured_media_url":"https:\/\/i0.wp.com\/guialimeira.com.br\/news\/wp-content\/uploads\/2026\/05\/m_137_2_1_27052026162659.jpeg?fit=1024%2C576&ssl=1","_links":{"self":[{"href":"https:\/\/guialimeira.com.br\/news\/wp-json\/wp\/v2\/posts\/66981","targetHints":{"allow":["GET"]}}],"collection":[{"href":"https:\/\/guialimeira.com.br\/news\/wp-json\/wp\/v2\/posts"}],"about":[{"href":"https:\/\/guialimeira.com.br\/news\/wp-json\/wp\/v2\/types\/post"}],"author":[{"embeddable":true,"href":"https:\/\/guialimeira.com.br\/news\/wp-json\/wp\/v2\/users\/1"}],"replies":[{"embeddable":true,"href":"https:\/\/guialimeira.com.br\/news\/wp-json\/wp\/v2\/comments?post=66981"}],"version-history":[{"count":0,"href":"https:\/\/guialimeira.com.br\/news\/wp-json\/wp\/v2\/posts\/66981\/revisions"}],"wp:featuredmedia":[{"embeddable":true,"href":"https:\/\/guialimeira.com.br\/news\/wp-json\/wp\/v2\/media\/66982"}],"wp:attachment":[{"href":"https:\/\/guialimeira.com.br\/news\/wp-json\/wp\/v2\/media?parent=66981"}],"wp:term":[{"taxonomy":"category","embeddable":true,"href":"https:\/\/guialimeira.com.br\/news\/wp-json\/wp\/v2\/categories?post=66981"},{"taxonomy":"post_tag","embeddable":true,"href":"https:\/\/guialimeira.com.br\/news\/wp-json\/wp\/v2\/tags?post=66981"}],"curies":[{"name":"wp","href":"https:\/\/api.w.org\/{rel}","templated":true}]}}