{"id":66977,"date":"2026-05-27T15:36:41","date_gmt":"2026-05-27T18:36:41","guid":{"rendered":"https:\/\/guialimeira.com.br\/centro-infantil-se-destaca-com-horta-pedagogica-do-projeto-semeadores-do-futuro\/"},"modified":"2026-05-27T15:36:41","modified_gmt":"2026-05-27T18:36:41","slug":"centro-infantil-se-destaca-com-horta-pedagogica-do-projeto-semeadores-do-futuro","status":"publish","type":"post","link":"https:\/\/guialimeira.com.br\/news\/centro-infantil-se-destaca-com-horta-pedagogica-do-projeto-semeadores-do-futuro\/","title":{"rendered":"Centro Infantil se destaca com horta pedag\u00f3gica do projeto \u201cSemeadores do Futuro\u201d"},"content":{"rendered":"<p> <br \/>\n<\/p>\n<div id=\"\">&#13;<br \/>\n                    &#13;<br \/>\n&#13;<br \/>\n&#13;<br \/>\n&#13;<br \/>\n&#13;<br \/>\n&#13;<br \/>\n    <img data-recalc-dims=\"1\" decoding=\"async\" src=\"https:\/\/i0.wp.com\/ecrie.com.br\/sistema\/conteudos\/imagem\/m_137_0_1_27052026153423.jpeg?w=696&#038;ssl=1\" alt=\"Centro Infantil se destaca com horta pedag\u00f3gica do projeto \u201cSemeadores do Futuro\u201d\"\/>&#13;<br \/>\n&#13;<br \/>\n&#13;<\/p>\n<p>O Centro Infantil Irm\u00e3 Maria Jos\u00e9 de Jesus Silva, localizado no bairro Cecap, \u00e9 uma das unidades da rede municipal de Limeira que v\u00eam se destacando no projeto \u201cSemeadores do Futuro\u201d, iniciativa da Prefeitura de Limeira voltada \u00e0 implanta\u00e7\u00e3o de hortas escolares pedag\u00f3gicas e \u00e0 integra\u00e7\u00e3o de pr\u00e1ticas agroecol\u00f3gicas ao ambiente educacional.<\/p>\n<p>&#13;<\/p>\n<p>Mais do que um espa\u00e7o de cultivo, a horta se transformou em uma ferramenta de aprendizado, promovendo educa\u00e7\u00e3o ambiental, alimenta\u00e7\u00e3o saud\u00e1vel e contato direto das crian\u00e7as com a natureza.<\/p>\n<p>&#13;<\/p>\n<p>Segundo a diretora da unidade, Adriana Pereira Ribeiro, os alunos participam ativamente de todas as etapas do processo. \u201cAs crian\u00e7as ajudam a preparar a terra, acompanham o crescimento das plantas, aprendem sobre os cuidados necess\u00e1rios e participam da colheita. \u00c9 uma experi\u00eancia muito rica para o desenvolvimento delas\u201d, destaca.<\/p>\n<p>&#13;<\/p>\n<p>Na unidade, a horta urbana ganhou ainda mais for\u00e7a gra\u00e7as ao apoio volunt\u00e1rio da aposentada Luc\u00e9lia Miranda e de seu esposo, Joel Francisco Couto, que visitam o espa\u00e7o diariamente para auxiliar na manuten\u00e7\u00e3o e nos cuidados com o plantio. O carinho recebido das crian\u00e7as \u00e9 a principal motiva\u00e7\u00e3o do casal. \u201cEles me abra\u00e7am, s\u00f3 isso. Quer coisa melhor que isso? N\u00e3o tem pre\u00e7o. Eu fa\u00e7o tudo com muito amor\u201d, relata Luc\u00e9lia.<\/p>\n<p>&#13;<\/p>\n<p>Parte dos alimentos cultivados \u00e9 utilizada na merenda escolar, enquanto o restante \u00e9 comercializado em uma feirinha organizada com a participa\u00e7\u00e3o das fam\u00edlias, fortalecendo a integra\u00e7\u00e3o entre escola e comunidade.<\/p>\n<p>&#13;<\/p>\n<p>A secret\u00e1ria de Agroneg\u00f3cios e \u00c1reas Rurais, Antonieta Polatto, destaca que o projeto vai al\u00e9m do cultivo de alimentos. \u201cA proposta tamb\u00e9m orienta os educadores sobre como utilizar a horta como ferramenta pedag\u00f3gica, integrando o espa\u00e7o \u00e0s diferentes \u00e1reas do conhecimento e ao planejamento escolar\u201d, explica.<\/p>\n<p>&#13;<\/p>\n<p>Em abril, a Secretaria de Agroneg\u00f3cios e \u00c1reas Rurais realizou, uma forma\u00e7\u00e3o voltada a professores e coordenadores da rede municipal de ensino, com foco na implanta\u00e7\u00e3o e manuten\u00e7\u00e3o de hortas pedag\u00f3gicas nas escolas.<\/p>\n<p>&#13;<\/p>\n<p>Esta iniciativa est\u00e1 alinhada aos Objetivos de Desenvolvimento Sustent\u00e1vel (ODS) da ONU, especialmente ao ODS 2 \u2013 Fome Zero e Agricultura Sustent\u00e1vel, ao incentivar a educa\u00e7\u00e3o alimentar, o cultivo sustent\u00e1vel e o contato das crian\u00e7as com pr\u00e1ticas agr\u00edcolas e ambientais. O projeto tamb\u00e9m contribui para o ODS 4 \u2013 Educa\u00e7\u00e3o de Qualidade, ao utilizar a horta como ferramenta pedag\u00f3gica e de aprendizagem pr\u00e1tica.<\/p>\n<p>&#13;<br \/>\n&#13;<br \/>\n&#13;<br \/>\n&#13;<\/p>\n<article class=\"conteudo-relacionado no-print\">&#13;<br \/>\n        &#13;<br \/>\n&#13;<br \/>\n        &#13;<br \/>\n    <\/article>\n<p>&#13;<br \/>\n&#13;\n                <\/p><\/div>\n<p><br \/>\n<br \/><a href=\"https:\/\/limeira.sp.gov.br\/centro-infantil-se-destaca-com-horta-pedagogica-do-projeto-semeadores-do-futuro\" rel=\"noopener\">Informa\u00e7\u00f5es da PML <\/a><\/p>\n","protected":false},"excerpt":{"rendered":"<p>&#13; &#13; &#13; &#13; &#13; &#13; &#13; &#13; &#13; &#13; O Centro Infantil Irm\u00e3 Maria Jos\u00e9 de Jesus Silva, localizado no bairro Cecap, \u00e9 uma das unidades da rede municipal de Limeira que v\u00eam se destacando no projeto \u201cSemeadores do Futuro\u201d, iniciativa da Prefeitura de Limeira voltada \u00e0 implanta\u00e7\u00e3o de hortas escolares pedag\u00f3gicas e \u00e0 [&hellip;]<\/p>\n","protected":false},"author":1,"featured_media":66978,"comment_status":"","ping_status":"open","sticky":false,"template":"","format":"standard","meta":{"_jetpack_newsletter_access":"","_jetpack_dont_email_post_to_subs":false,"_jetpack_newsletter_tier_id":0,"_jetpack_memberships_contains_paywalled_content":false,"_mbp_banners":[],"_jetpack_feature_clip_id":0,"_jetpack_memberships_contains_paid_content":false,"footnotes":"","jetpack_publicize_message":"","jetpack_publicize_feature_enabled":true,"jetpack_social_post_already_shared":true,"jetpack_social_options":{"image_generator_settings":{"template":"highway","default_image_id":0,"font":"","enabled":false},"version":2},"jetpack_post_was_ever_published":false},"categories":[16],"tags":[],"class_list":["post-66977","post","type-post","status-publish","format-standard","has-post-thumbnail","category-local"],"jetpack_publicize_connections":[],"jetpack-related-posts":[],"jetpack_shortlink":"https:\/\/wp.me\/p7Eq1F-hqh","jetpack_sharing_enabled":true,"jetpack_featured_media_url":"https:\/\/i0.wp.com\/guialimeira.com.br\/news\/wp-content\/uploads\/2026\/05\/m_137_0_1_27052026153423.jpeg?fit=1024%2C768&ssl=1","_links":{"self":[{"href":"https:\/\/guialimeira.com.br\/news\/wp-json\/wp\/v2\/posts\/66977","targetHints":{"allow":["GET"]}}],"collection":[{"href":"https:\/\/guialimeira.com.br\/news\/wp-json\/wp\/v2\/posts"}],"about":[{"href":"https:\/\/guialimeira.com.br\/news\/wp-json\/wp\/v2\/types\/post"}],"author":[{"embeddable":true,"href":"https:\/\/guialimeira.com.br\/news\/wp-json\/wp\/v2\/users\/1"}],"replies":[{"embeddable":true,"href":"https:\/\/guialimeira.com.br\/news\/wp-json\/wp\/v2\/comments?post=66977"}],"version-history":[{"count":0,"href":"https:\/\/guialimeira.com.br\/news\/wp-json\/wp\/v2\/posts\/66977\/revisions"}],"wp:featuredmedia":[{"embeddable":true,"href":"https:\/\/guialimeira.com.br\/news\/wp-json\/wp\/v2\/media\/66978"}],"wp:attachment":[{"href":"https:\/\/guialimeira.com.br\/news\/wp-json\/wp\/v2\/media?parent=66977"}],"wp:term":[{"taxonomy":"category","embeddable":true,"href":"https:\/\/guialimeira.com.br\/news\/wp-json\/wp\/v2\/categories?post=66977"},{"taxonomy":"post_tag","embeddable":true,"href":"https:\/\/guialimeira.com.br\/news\/wp-json\/wp\/v2\/tags?post=66977"}],"curies":[{"name":"wp","href":"https:\/\/api.w.org\/{rel}","templated":true}]}}