{"id":66968,"date":"2026-05-27T14:27:17","date_gmt":"2026-05-27T17:27:17","guid":{"rendered":"https:\/\/guialimeira.com.br\/abertura-da-5a-mostra-de-danca-de-limeira-traz-ritmos-plurais-nesta-quarta-27\/"},"modified":"2026-05-27T14:27:17","modified_gmt":"2026-05-27T17:27:17","slug":"abertura-da-5a-mostra-de-danca-de-limeira-traz-ritmos-plurais-nesta-quarta-27","status":"publish","type":"post","link":"https:\/\/guialimeira.com.br\/news\/abertura-da-5a-mostra-de-danca-de-limeira-traz-ritmos-plurais-nesta-quarta-27\/","title":{"rendered":"Abertura da 5\u00aa Mostra de Dan\u00e7a de Limeira traz ritmos plurais nesta quarta (27)"},"content":{"rendered":"<p> <br \/>\n<\/p>\n<div>\n                <main class=\"\">&#13;<br \/>\n                    &#13;<br \/>\n&#13;<br \/>\n&#13;<br \/>\n&#13;<br \/>\n&#13;<br \/>\n&#13;<br \/>\n    <img data-recalc-dims=\"1\" decoding=\"async\" src=\"https:\/\/i0.wp.com\/ecrie.com.br\/sistema\/conteudos\/imagem\/m_137_0_1_27052026141920.jpg?w=696&#038;ssl=1\" alt=\"Abertura da 5\u00aa Mostra de Dan\u00e7a de Limeira traz ritmos plurais nesta quarta (27)\"\/>&#13;<br \/>\n&#13;<br \/>\n&#13;<\/p>\n<p>O palco do Teatro Vit\u00f3ria recebe nesta quarta-feira (27), a abertura oficial da fase de espet\u00e1culos da 5\u00aa Mostra de Dan\u00e7a de Limeira. O evento comemorativo ao bicenten\u00e1rio da cidade (1826-2026), \u00e9 promovido pela Prefeitura de Limeira, por meio da Secretaria de Cultura e reunir\u00e1 ao longo da semana uma mostra art\u00edstica avaliada por um corpo de jurados de destaque nacional.<\/p>\n<p>&#13;<\/p>\n<p>\u00a0<\/p>\n<p>&#13;<\/p>\n<p>A programa\u00e7\u00e3o de estreia come\u00e7a \u00e0s 19h30 e ser\u00e1 dedicada \u00e0 pluralidade cultural, com performances que transitam pela Dan\u00e7a de Sal\u00e3o, K-pop, Dan\u00e7as Populares, Dan\u00e7a do Ventre e o dinamismo do Sapateado. Os grupos locais e regionais ter\u00e3o seus trabalhos avaliados tecnicamente pela banca de especialistas composta por Cl\u00e9cio de Souza, Priscilla Yokoi, Dani Agnis, Rodrigo Cucorocio, Denise Guimar\u00e3es, Ang\u00e9lica Bueno e Robson Franccisco.<\/p>\n<p>&#13;<\/p>\n<p>\u00a0<\/p>\n<p>&#13;<\/p>\n<p>Com entrada solid\u00e1ria, o p\u00fablico poder\u00e1 garantir acesso ao espet\u00e1culo mediante a doa\u00e7\u00e3o de um produto de higiene pessoal ou de limpeza, entregue na bilheteria do teatro. A iniciativa alia o incentivo \u00e0 cultura \u00e0 mobiliza\u00e7\u00e3o social, fortalecendo a\u00e7\u00f5es de solidariedade no munic\u00edpio.<\/p>\n<p>&#13;<\/p>\n<p>\u00a0<\/p>\n<p>&#13;<\/p>\n<p>Al\u00e9m de valorizar a produ\u00e7\u00e3o art\u00edstica local e regional, a Mostra de Dan\u00e7a refor\u00e7a o compromisso de Limeira com os Objetivos de Desenvolvimento Sustent\u00e1vel da ONU, especialmente o ODS 11 \u2014 Cidades e Comunidades Sustent\u00e1veis \u2014 e o ODS 17 \u2014 Parcerias e Meios de Implementa\u00e7\u00e3o, ao promover acesso \u00e0 cultura e incentivar a participa\u00e7\u00e3o comunit\u00e1ria em a\u00e7\u00f5es de interesse coletivo.<\/p>\n<p>&#13;<\/p>\n<p>\u00a0<\/p>\n<p>&#13;<\/p>\n<p><strong>Servi\u00e7o:<\/strong><\/p>\n<p>&#13;<\/p>\n<p>\u00a0<\/p>\n<p>&#13;<\/p>\n<p>Espet\u00e1culo: Abertura da Mostra &#8211; Noite Tem\u00e1tica\u00a0<\/p>\n<p>&#13;<\/p>\n<p>(Dan\u00e7a de Sal\u00e3o, K-pop, Populares, Dan\u00e7a do Ventre e Sapateado)<\/p>\n<p>&#13;<\/p>\n<p>Data: 27 de maio de 2026 (quarta-feira)<\/p>\n<p>&#13;<\/p>\n<p>Hor\u00e1rio: 19h30<\/p>\n<p>&#13;<\/p>\n<p>Local: Teatro Vit\u00f3ria (Pra\u00e7a Toledo Barros, Centro)<\/p>\n<p>&#13;<\/p>\n<p>Entrada: Solid\u00e1ria (Troca por um produto de higiene pessoal ou de limpeza)<\/p>\n<p>&#13;<\/p>\n<p>Classifica\u00e7\u00e3o: Livre<\/p>\n<p>&#13;<\/p>\n<p>Realiza\u00e7\u00e3o: Secretaria de Cultura<\/p>\n<p>&#13;<br \/>\n&#13;<br \/>\n&#13;<br \/>\n&#13;<\/p>\n<article class=\"conteudo-relacionado no-print\">&#13;<br \/>\n        &#13;<br \/>\n&#13;<br \/>\n        &#13;<br \/>\n    <\/article>\n<p>&#13;<br \/>\n&#13;<br \/>\n                <\/main><\/p><\/div>\n<p><br \/>\n<br \/><a href=\"https:\/\/limeira.sp.gov.br\/abertura-da-5-mostra-de-danca-de-limeira-traz-ritmos-plurais-nesta-quarta-27\" rel=\"noopener\">Informa\u00e7\u00f5es da PML <\/a><\/p>\n","protected":false},"excerpt":{"rendered":"<p>&#13; &#13; &#13; &#13; &#13; &#13; &#13; &#13; &#13; &#13; O palco do Teatro Vit\u00f3ria recebe nesta quarta-feira (27), a abertura oficial da fase de espet\u00e1culos da 5\u00aa Mostra de Dan\u00e7a de Limeira. O evento comemorativo ao bicenten\u00e1rio da cidade (1826-2026), \u00e9 promovido pela Prefeitura de Limeira, por meio da Secretaria de Cultura e reunir\u00e1 [&hellip;]<\/p>\n","protected":false},"author":1,"featured_media":66969,"comment_status":"","ping_status":"open","sticky":false,"template":"","format":"standard","meta":{"_jetpack_newsletter_access":"","_jetpack_dont_email_post_to_subs":false,"_jetpack_newsletter_tier_id":0,"_jetpack_memberships_contains_paywalled_content":false,"_mbp_banners":[],"_jetpack_feature_clip_id":0,"_jetpack_memberships_contains_paid_content":false,"footnotes":"","jetpack_publicize_message":"","jetpack_publicize_feature_enabled":true,"jetpack_social_post_already_shared":true,"jetpack_social_options":{"image_generator_settings":{"template":"highway","default_image_id":0,"font":"","enabled":false},"version":2},"jetpack_post_was_ever_published":false},"categories":[16],"tags":[],"class_list":["post-66968","post","type-post","status-publish","format-standard","has-post-thumbnail","category-local"],"jetpack_publicize_connections":[],"jetpack-related-posts":[],"jetpack_shortlink":"https:\/\/wp.me\/p7Eq1F-hq8","jetpack_sharing_enabled":true,"jetpack_featured_media_url":"https:\/\/i0.wp.com\/guialimeira.com.br\/news\/wp-content\/uploads\/2026\/05\/m_137_0_1_27052026141920.jpg?fit=1024%2C682&ssl=1","_links":{"self":[{"href":"https:\/\/guialimeira.com.br\/news\/wp-json\/wp\/v2\/posts\/66968","targetHints":{"allow":["GET"]}}],"collection":[{"href":"https:\/\/guialimeira.com.br\/news\/wp-json\/wp\/v2\/posts"}],"about":[{"href":"https:\/\/guialimeira.com.br\/news\/wp-json\/wp\/v2\/types\/post"}],"author":[{"embeddable":true,"href":"https:\/\/guialimeira.com.br\/news\/wp-json\/wp\/v2\/users\/1"}],"replies":[{"embeddable":true,"href":"https:\/\/guialimeira.com.br\/news\/wp-json\/wp\/v2\/comments?post=66968"}],"version-history":[{"count":0,"href":"https:\/\/guialimeira.com.br\/news\/wp-json\/wp\/v2\/posts\/66968\/revisions"}],"wp:featuredmedia":[{"embeddable":true,"href":"https:\/\/guialimeira.com.br\/news\/wp-json\/wp\/v2\/media\/66969"}],"wp:attachment":[{"href":"https:\/\/guialimeira.com.br\/news\/wp-json\/wp\/v2\/media?parent=66968"}],"wp:term":[{"taxonomy":"category","embeddable":true,"href":"https:\/\/guialimeira.com.br\/news\/wp-json\/wp\/v2\/categories?post=66968"},{"taxonomy":"post_tag","embeddable":true,"href":"https:\/\/guialimeira.com.br\/news\/wp-json\/wp\/v2\/tags?post=66968"}],"curies":[{"name":"wp","href":"https:\/\/api.w.org\/{rel}","templated":true}]}}