{"id":66961,"date":"2026-05-27T14:05:44","date_gmt":"2026-05-27T17:05:44","guid":{"rendered":"https:\/\/guialimeira.com.br\/limeira-abre-vagas-para-curso-gratuito-de-soldagem-para-produtores-rurais\/"},"modified":"2026-05-27T14:05:44","modified_gmt":"2026-05-27T17:05:44","slug":"limeira-abre-vagas-para-curso-gratuito-de-soldagem-para-produtores-rurais","status":"publish","type":"post","link":"https:\/\/guialimeira.com.br\/news\/limeira-abre-vagas-para-curso-gratuito-de-soldagem-para-produtores-rurais\/","title":{"rendered":"Limeira abre vagas para curso gratuito de soldagem para produtores rurais"},"content":{"rendered":"<p> <br \/>\n<\/p>\n<div>\n                <main class=\"\">&#13;<br \/>\n                    &#13;<br \/>\n&#13;<br \/>\n&#13;<br \/>\n&#13;<br \/>\n&#13;<br \/>\n&#13;<br \/>\n    <img data-recalc-dims=\"1\" decoding=\"async\" src=\"https:\/\/i0.wp.com\/ecrie.com.br\/sistema\/conteudos\/imagem\/m_137_0_1_27052026134731.jpeg?w=696&#038;ssl=1\" alt=\"Limeira abre vagas para curso gratuito de soldagem para produtores rurais\"\/>&#13;<br \/>\n&#13;<br \/>\n&#13;<\/p>\n<p style=\"text-align: justify;\">Produtores e trabalhadores rurais de Limeira j\u00e1 podem se inscrever no curso gratuito de Soldagem a Arco El\u00e9trico com Eletrodo Revestido, promovido pelo Sindicato Rural de Limeira e pelo SENAR, em parceria com a FAESP e com apoio da Secretaria de Agroneg\u00f3cio e \u00c1reas Rurais.<\/p>\n<p>&#13;<\/p>\n<p style=\"text-align: justify;\">A capacita\u00e7\u00e3o acontece entre os dias 1\u00ba e 3 de junho, das 8h \u00e0s 17h, na sede do Sindicato Rural Patronal de Limeira, localizada na Rua Presidente Prudente, 546, na Vila Cidade Jardim.<\/p>\n<p>&#13;<\/p>\n<p style=\"text-align: justify;\">O treinamento \u00e9 voltado \u00e0 qualifica\u00e7\u00e3o de profissionais para a realiza\u00e7\u00e3o de servi\u00e7os de soldagem, corte e recupera\u00e7\u00e3o de pe\u00e7as met\u00e1licas utilizadas em propriedades rurais, auxiliando na manuten\u00e7\u00e3o de m\u00e1quinas, estruturas e implementos agr\u00edcolas.<\/p>\n<p>&#13;<\/p>\n<p style=\"text-align: justify;\">Ao longo do curso, os participantes ter\u00e3o aulas pr\u00e1ticas e te\u00f3ricas sobre t\u00e9cnicas de soldagem, prepara\u00e7\u00e3o e acabamento de pe\u00e7as, escolha de eletrodos, regulagem de equipamentos e procedimentos de seguran\u00e7a, incluindo o uso correto de Equipamentos de Prote\u00e7\u00e3o Individual (EPIs).<\/p>\n<p>&#13;<\/p>\n<p style=\"text-align: justify;\">A forma\u00e7\u00e3o \u00e9 destinada a pessoas com mais de 18 anos e oferece certificado de conclus\u00e3o, al\u00e9m de alimenta\u00e7\u00e3o aos participantes durante os dias de atividade.<\/p>\n<p>&#13;<\/p>\n<p style=\"text-align: justify;\">As vagas s\u00e3o limitadas e as inscri\u00e7\u00f5es podem ser feitas diretamente com o coordenador regional do SENAR, Ricardo Poli, pelo telefone (19) 99814-1733.<\/p>\n<p>&#13;<\/p>\n<p style=\"text-align: justify;\">A a\u00e7\u00e3o est\u00e1 alinhada ao Objetivo de Desenvolvimento Sustent\u00e1vel (ODS) 8 da ONU, que promove o trabalho decente, a qualifica\u00e7\u00e3o profissional e o crescimento econ\u00f4mico inclusivo, ampliando oportunidades de gera\u00e7\u00e3o de renda e fortalecimento da atividade rural.<\/p>\n<p>&#13;<br \/>\n&#13;<br \/>\n&#13;<br \/>\n&#13;<\/p>\n<article class=\"conteudo-relacionado no-print\">&#13;<br \/>\n        &#13;<br \/>\n&#13;<br \/>\n        &#13;<br \/>\n    <\/article>\n<p>&#13;<br \/>\n&#13;<br \/>\n                <\/main><\/p><\/div>\n<p><br \/>\n<br \/><a href=\"https:\/\/limeira.sp.gov.br\/limeira-abre-vagas-para-curso-gratuito-de-soldagem-para-produtores-rurais\" rel=\"noopener\">Informa\u00e7\u00f5es da PML <\/a><\/p>\n","protected":false},"excerpt":{"rendered":"<p>&#13; &#13; &#13; &#13; &#13; &#13; &#13; &#13; &#13; &#13; Produtores e trabalhadores rurais de Limeira j\u00e1 podem se inscrever no curso gratuito de Soldagem a Arco El\u00e9trico com Eletrodo Revestido, promovido pelo Sindicato Rural de Limeira e pelo SENAR, em parceria com a FAESP e com apoio da Secretaria de Agroneg\u00f3cio e \u00c1reas Rurais. [&hellip;]<\/p>\n","protected":false},"author":1,"featured_media":66962,"comment_status":"","ping_status":"open","sticky":false,"template":"","format":"standard","meta":{"_jetpack_newsletter_access":"","_jetpack_dont_email_post_to_subs":false,"_jetpack_newsletter_tier_id":0,"_jetpack_memberships_contains_paywalled_content":false,"_mbp_banners":[],"_jetpack_feature_clip_id":0,"_jetpack_memberships_contains_paid_content":false,"footnotes":"","jetpack_publicize_message":"","jetpack_publicize_feature_enabled":true,"jetpack_social_post_already_shared":true,"jetpack_social_options":{"image_generator_settings":{"template":"highway","default_image_id":0,"font":"","enabled":false},"version":2},"jetpack_post_was_ever_published":false},"categories":[16],"tags":[],"class_list":["post-66961","post","type-post","status-publish","format-standard","has-post-thumbnail","category-local"],"jetpack_publicize_connections":[],"jetpack-related-posts":[],"jetpack_shortlink":"https:\/\/wp.me\/p7Eq1F-hq1","jetpack_sharing_enabled":true,"jetpack_featured_media_url":"https:\/\/i0.wp.com\/guialimeira.com.br\/news\/wp-content\/uploads\/2026\/05\/m_137_0_1_27052026134731.jpeg?fit=1024%2C682&ssl=1","_links":{"self":[{"href":"https:\/\/guialimeira.com.br\/news\/wp-json\/wp\/v2\/posts\/66961","targetHints":{"allow":["GET"]}}],"collection":[{"href":"https:\/\/guialimeira.com.br\/news\/wp-json\/wp\/v2\/posts"}],"about":[{"href":"https:\/\/guialimeira.com.br\/news\/wp-json\/wp\/v2\/types\/post"}],"author":[{"embeddable":true,"href":"https:\/\/guialimeira.com.br\/news\/wp-json\/wp\/v2\/users\/1"}],"replies":[{"embeddable":true,"href":"https:\/\/guialimeira.com.br\/news\/wp-json\/wp\/v2\/comments?post=66961"}],"version-history":[{"count":0,"href":"https:\/\/guialimeira.com.br\/news\/wp-json\/wp\/v2\/posts\/66961\/revisions"}],"wp:featuredmedia":[{"embeddable":true,"href":"https:\/\/guialimeira.com.br\/news\/wp-json\/wp\/v2\/media\/66962"}],"wp:attachment":[{"href":"https:\/\/guialimeira.com.br\/news\/wp-json\/wp\/v2\/media?parent=66961"}],"wp:term":[{"taxonomy":"category","embeddable":true,"href":"https:\/\/guialimeira.com.br\/news\/wp-json\/wp\/v2\/categories?post=66961"},{"taxonomy":"post_tag","embeddable":true,"href":"https:\/\/guialimeira.com.br\/news\/wp-json\/wp\/v2\/tags?post=66961"}],"curies":[{"name":"wp","href":"https:\/\/api.w.org\/{rel}","templated":true}]}}